{"id":100182,"date":"2024-12-02T01:53:42","date_gmt":"2024-12-01T22:53:42","guid":{"rendered":"https:\/\/www.tgrthaber.com\/mavikadin\/?p=100182"},"modified":"2024-12-02T01:56:52","modified_gmt":"2024-12-01T22:56:52","slug":"salih-bademci-ve-ezgi-mola-partner-oldu-yeni-bir-gun-dizisi-ne-zaman-baslayacak-konusu-ne","status":"publish","type":"post","link":"https:\/\/www.tgrthaber.com\/mavikadin\/salih-bademci-ve-ezgi-mola-partner-oldu-yeni-bir-gun-dizisi-ne-zaman-baslayacak-konusu-ne\/","title":{"rendered":"Salih Bademci ve Ezgi Mola partner oldu! Yeni Bir G\u00fcn dizisi ne zaman ba\u015flayacak, konusu ne?"},"content":{"rendered":"<p>Ezgi Mola, oyunculu\u011fa uzun bir ara verdikten sonra g\u00fc\u00e7l\u00fc bir d\u00f6n\u00fc\u015f yap\u0131yor. Annelik molas\u0131 sonras\u0131, ilk olarak Giray Alt\u0131nok ile ba\u015frol\u00fc payla\u015ft\u0131\u011f\u0131 &#8220;Belki Bir G\u00fcn Bir Yerde&#8221; filmiyle ekranlara geri d\u00f6nen Mola, \u015fimdi de b\u00fcy\u00fck merakla beklenen &#8220;Yeni Bir G\u00fcn&#8221; dizisiyle izleyici kar\u015f\u0131s\u0131na \u00e7\u0131kacak. Ay Yap\u0131m imzal\u0131 dizinin haz\u0131rl\u0131klar\u0131 h\u0131zla devam ederken, ba\u015frol\u00fcn\u00fc Mola\u2019n\u0131n \u00fcstlendi\u011fi dizi, seyircileri derinden etkilemeye haz\u0131rlan\u0131yor. Peki Yeni Bir G\u00fcn dizisi ne zaman ba\u015flayacak? Yeni Bir G\u00fcn dizisi konusu nedir?<\/p>\n<h3>EZG\u0130 MOLA&#8217;NIN PARTNER\u0130 SAL\u0130H BADEMC\u0130 OLDU<\/h3>\n<p>Dizinin merakla beklenen di\u011fer detay\u0131 ise Ezgi Mola\u2019n\u0131n partneri oldu. Nehir\u2019in e\u015fi Serdar karakterine hayat verecek isim, ba\u015far\u0131l\u0131 oyuncu Salih Bademci oldu. Bademci, ge\u00e7ti\u011fimiz y\u0131llarda &#8220;K\u00fcrk Mantolu Madonna&#8221; filminde rol alacakt\u0131 ancak filmin ertelenmi\u015fti.<\/p>\n<p><img loading=\"lazy\" decoding=\"async\" class=\"alignnone wp-image-100183\" src=\"https:\/\/www.tgrthaber.com\/mavikadin\/wp-content\/uploads\/Ekran-goruntusu-2024-12-02-013624.png\" alt=\"\" width=\"1129\" height=\"1126\" title=\"\" srcset=\"https:\/\/www.tgrthaber.com\/mavikadin\/wp-content\/uploads\/Ekran-goruntusu-2024-12-02-013624.png 787w, https:\/\/www.tgrthaber.com\/mavikadin\/wp-content\/uploads\/Ekran-goruntusu-2024-12-02-013624-300x300.png 300w, https:\/\/www.tgrthaber.com\/mavikadin\/wp-content\/uploads\/Ekran-goruntusu-2024-12-02-013624-150x150.png 150w, https:\/\/www.tgrthaber.com\/mavikadin\/wp-content\/uploads\/Ekran-goruntusu-2024-12-02-013624-768x766.png 768w\" sizes=\"(max-width: 1129px) 100vw, 1129px\" \/><\/p>\n<h3>YEN\u0130 B\u0130R G\u00dcN D\u0130Z\u0130S\u0130 KONUSU NED\u0130R?<\/h3>\n<p>Yeni Bir G\u00fcn dizisi konusuyla merak ediliyor. Dizi izleyiciyi derinden etkileyen bir hikaye sunuyor. Yeni Bir G\u00fcn, avukatl\u0131k mesle\u011fine 3. kez anne olmas\u0131n\u0131n ard\u0131ndan ara vermek zorunda kalan Nehir\u2019in (Ezgi Mola) hayat\u0131n\u0131 konu al\u0131yor. \u00dc\u00e7 \u00e7ocuk annesi olan Nehir, bir yandan aile hayat\u0131n\u0131 dengelemeye \u00e7al\u0131\u015f\u0131rken, e\u015fi Serdar\u2019la (Salih Bademci) ya\u015fad\u0131\u011f\u0131 \u015fok edici bir olay, t\u00fcm hayat\u0131n\u0131 alt \u00fcst eder.<\/p>\n<p>Dizinin kanal\u0131n\u0131n ba\u015fta Show TV oldu\u011fu konu\u015fulsa da, en son gelen bilgilere g\u00f6re &#8220;Yeni Bir G\u00fcn&#8221;, atv ekranlar\u0131nda izleyicilerle bulu\u015facak. &#8220;Keeping Faith&#8221; adl\u0131 \u0130ngiliz yap\u0131m\u0131ndan uyarlanan dizi, Rana Mamatl\u0131o\u011flu ve Bekir Baran S\u0131tk\u0131\u2019n\u0131n yazd\u0131\u011f\u0131 senaryosu ile izleyiciyi ekrana kilitlemeyi hedefliyor. \u00c7a\u011fr\u0131 Bayrak\u2019\u0131n y\u00f6netmenli\u011finde \u00e7ekilen dizi, T\u00fcrk televizyonlar\u0131nda farkl\u0131 bir hikaye sunacak.<\/p>\n<p><img loading=\"lazy\" decoding=\"async\" class=\"alignnone wp-image-100184\" src=\"https:\/\/www.tgrthaber.com\/mavikadin\/wp-content\/uploads\/Ekran-goruntusu-2024-12-02-015213.png\" alt=\"\" width=\"1129\" height=\"1182\" title=\"\" srcset=\"https:\/\/www.tgrthaber.com\/mavikadin\/wp-content\/uploads\/Ekran-goruntusu-2024-12-02-015213.png 576w, https:\/\/www.tgrthaber.com\/mavikadin\/wp-content\/uploads\/Ekran-goruntusu-2024-12-02-015213-287x300.png 287w\" sizes=\"(max-width: 1129px) 100vw, 1129px\" \/><\/p>\n<h3>YEN\u0130 B\u0130R G\u00dcN D\u0130Z\u0130S\u0130 NE ZAMAN BA\u015eLAYACAK?<\/h3>\n<p>Ba\u015frollerinde Salih Bademci ve Ezgi Mola&#8217;n\u0131n yer ald\u0131\u011f\u0131 Yeni Bir G\u00fcn dizisi merakla beklenirken konusu ile ilgili ara\u015ft\u0131rmalar ve dizinin ne zaman ba\u015flayaca\u011f\u0131 izleyiciler taraf\u0131ndan ara\u015ft\u0131r\u0131l\u0131yor. Yeni Bir G\u00fcn dizisi ne zaman ba\u015flayacak? Bu konuda hen\u00fcz bir a\u00e7\u0131klama yap\u0131lmad\u0131. Yeni Bir G\u00fcn dizisinin yay\u0131n tarihi belli oldu\u011funda detaylar haberimizde yer alacak.<\/p>\n<p><img loading=\"lazy\" decoding=\"async\" class=\"alignnone wp-image-100185\" src=\"https:\/\/www.tgrthaber.com\/mavikadin\/wp-content\/uploads\/ezomola_1709748760_3317935545768931382_6941910-850x849-1.jpg\" alt=\"\" width=\"1083\" height=\"1082\" title=\"\" srcset=\"https:\/\/www.tgrthaber.com\/mavikadin\/wp-content\/uploads\/ezomola_1709748760_3317935545768931382_6941910-850x849-1.jpg 850w, https:\/\/www.tgrthaber.com\/mavikadin\/wp-content\/uploads\/ezomola_1709748760_3317935545768931382_6941910-850x849-1-300x300.jpg 300w, https:\/\/www.tgrthaber.com\/mavikadin\/wp-content\/uploads\/ezomola_1709748760_3317935545768931382_6941910-850x849-1-150x150.jpg 150w, https:\/\/www.tgrthaber.com\/mavikadin\/wp-content\/uploads\/ezomola_1709748760_3317935545768931382_6941910-850x849-1-768x767.jpg 768w\" sizes=\"(max-width: 1083px) 100vw, 1083px\" \/><\/p>\n<h3>SAL\u0130H BADEMC\u0130 K\u0130MD\u0130R?<\/h3>\n<p>Salih Bademci (d. 15 A\u011fustos 1984, \u0130zmir), T\u00fcrk oyuncusudur. Tiyatro kariyerine, kurucusu oldu\u011fu Siyah, Beyaz ve Renkli adl\u0131 toplulukla ba\u015flayan Bademci, ayn\u0131 zamanda farkl\u0131 tiyatro gruplar\u0131n\u0131n oyunlar\u0131nda da yer alm\u0131\u015ft\u0131r. Televizyon d\u00fcnyas\u0131nda ise Ulan \u0130stanbul, Kiral\u0131k A\u015fk ve \u0130stanbullu Gelin gibi pop\u00fcler dizilerde canland\u0131rd\u0131\u011f\u0131 karakterlerle geni\u015f bir izleyici kitlesi kazanm\u0131\u015ft\u0131r.<\/p>\n<p>15 A\u011fustos 1984&#8217;te \u0130zmir\u2019de do\u011fan Salih Bademci, Bornova Anadolu Lisesi&#8217;nden mezun olduktan sonra \u0130stanbul \u00dcniversitesi Devlet Konservatuvar\u0131 Tiyatro B\u00f6l\u00fcm\u00fc&#8217;nde e\u011fitim alm\u0131\u015ft\u0131r.<\/p>\n<p><img loading=\"lazy\" decoding=\"async\" class=\"alignnone wp-image-100186\" src=\"https:\/\/www.tgrthaber.com\/mavikadin\/wp-content\/uploads\/Ekran-goruntusu-2024-12-02-013638.png\" alt=\"\" width=\"1102\" height=\"971\" title=\"\" srcset=\"https:\/\/www.tgrthaber.com\/mavikadin\/wp-content\/uploads\/Ekran-goruntusu-2024-12-02-013638.png 732w, https:\/\/www.tgrthaber.com\/mavikadin\/wp-content\/uploads\/Ekran-goruntusu-2024-12-02-013638-300x264.png 300w\" sizes=\"(max-width: 1102px) 100vw, 1102px\" \/><\/p>\n<p>Bademci\u2019nin sinema ve televizyon kariyeri, 2006 y\u0131l\u0131nda Serdar Akar\u2019\u0131n y\u00f6netti\u011fi Barda filmiyle ba\u015flam\u0131\u015ft\u0131r. Ayn\u0131 y\u0131l, Serdar Akar\u2019\u0131n yap\u0131mc\u0131l\u0131\u011f\u0131n\u0131 \u00fcstlendi\u011fi Elveda Rumeli dizisinde de rol alm\u0131\u015ft\u0131r. 2007 y\u0131l\u0131nda ise tiyatroya olan ilgisini peki\u015ftirecek ad\u0131m\u0131 atarak, Siyah Beyaz ve Renkli (SBR) adl\u0131 tiyatro toplulu\u011funu kurmu\u015ftur. Tiyatroda da ba\u015far\u0131l\u0131 bir kariyer s\u00fcrd\u00fcren Bademci, Tesir adl\u0131 oyundaki performans\u0131yla 15. Sadri Al\u0131\u015f\u0131k Tiyatro \u00d6d\u00fclleri&#8217;nde Se\u00e7ici Kurul \u00d6zel \u00d6d\u00fcl\u00fc\u2019n\u00fc kazanm\u0131\u015ft\u0131r.<\/p>\n<p>Televizyonda ise 2014 y\u0131l\u0131nda Zeytin Tepesi dizisinde &#8220;Ak\u0131n&#8221; karakterine hayat veren Bademci, ard\u0131ndan Ulan \u0130stanbul dizisinde &#8220;Ceyhun&#8221; karakterini, 2015 y\u0131l\u0131nda ise Kiral\u0131k A\u015fk dizisinde &#8220;Sinan Karakaya&#8221;y\u0131 canland\u0131rm\u0131\u015ft\u0131r. 2015 y\u0131l\u0131nda oyuncu \u0130mer \u00d6zg\u00fcn ile evlenmi\u015ftir. Bademci, son olarak \u0130stanbullu Gelin dizisinde &#8220;Fikret&#8221;, Kul\u00fcp dizisinde ise &#8220;Selim Song\u00fcr&#8221; karakterlerini oynam\u0131\u015ft\u0131r.<\/p>\n","protected":false},"excerpt":{"rendered":"<p>Ezgi Mola, annelik molas\u0131n\u0131n ard\u0131ndan &#8220;Yeni Bir G\u00fcn&#8221; dizisiyle ekranlara d\u00f6n\u00fcyor. Ba\u015frol\u00fcn\u00fc \u00fcstlendi\u011fi dizide, Nehir karakterini canland\u0131ran Mola, Salih Bademci ile partner olacak. Yeni Bir G\u00fcn dizisi ne zaman ba\u015flayacak, konusu ne?<\/p>\n","protected":false},"author":4,"featured_media":100189,"comment_status":"closed","ping_status":"closed","sticky":false,"template":"","format":"standard","meta":{"rank_math_lock_modified_date":false,"footnotes":""},"categories":[602],"tags":[270,3186,3184,3185],"class_list":["post-100182","post","type-post","status-publish","format-standard","has-post-thumbnail","hentry","category-diziler","tag-ezgi-mola","tag-salih-bademci","tag-yeni-bir-gun","tag-yeni-dizi"],"_links":{"self":[{"href":"https:\/\/www.tgrthaber.com\/mavikadin\/wp-json\/wp\/v2\/posts\/100182"}],"collection":[{"href":"https:\/\/www.tgrthaber.com\/mavikadin\/wp-json\/wp\/v2\/posts"}],"about":[{"href":"https:\/\/www.tgrthaber.com\/mavikadin\/wp-json\/wp\/v2\/types\/post"}],"author":[{"embeddable":true,"href":"https:\/\/www.tgrthaber.com\/mavikadin\/wp-json\/wp\/v2\/users\/4"}],"replies":[{"embeddable":true,"href":"https:\/\/www.tgrthaber.com\/mavikadin\/wp-json\/wp\/v2\/comments?post=100182"}],"version-history":[{"count":2,"href":"https:\/\/www.tgrthaber.com\/mavikadin\/wp-json\/wp\/v2\/posts\/100182\/revisions"}],"predecessor-version":[{"id":100188,"href":"https:\/\/www.tgrthaber.com\/mavikadin\/wp-json\/wp\/v2\/posts\/100182\/revisions\/100188"}],"wp:featuredmedia":[{"embeddable":true,"href":"https:\/\/www.tgrthaber.com\/mavikadin\/wp-json\/wp\/v2\/media\/100189"}],"wp:attachment":[{"href":"https:\/\/www.tgrthaber.com\/mavikadin\/wp-json\/wp\/v2\/media?parent=100182"}],"wp:term":[{"taxonomy":"category","embeddable":true,"href":"https:\/\/www.tgrthaber.com\/mavikadin\/wp-json\/wp\/v2\/categories?post=100182"},{"taxonomy":"post_tag","embeddable":true,"href":"https:\/\/www.tgrthaber.com\/mavikadin\/wp-json\/wp\/v2\/tags?post=100182"}],"curies":[{"name":"wp","href":"https:\/\/api.w.org\/{rel}","templated":true}]}}