{"id":100201,"date":"2024-12-02T10:50:13","date_gmt":"2024-12-02T07:50:13","guid":{"rendered":"https:\/\/www.tgrthaber.com\/mavikadin\/?p=100201"},"modified":"2024-12-02T11:25:31","modified_gmt":"2024-12-02T08:25:31","slug":"mehmet-ali-erbilin-kendisine-palamut-hediye-eden-adama-soyledikleri-herkesi-guldurdu","status":"publish","type":"post","link":"https:\/\/www.tgrthaber.com\/mavikadin\/mehmet-ali-erbilin-kendisine-palamut-hediye-eden-adama-soyledikleri-herkesi-guldurdu\/","title":{"rendered":"Mehmet Ali Erbil&#8217;in kendisine palamut hediye eden adama s\u00f6yledikleri herkesi g\u00fcld\u00fcrd\u00fc"},"content":{"rendered":"<p>Mehmet Ali Erbil ev hapsinin bitmesinin ard\u0131ndan kendini sahile att\u0131. Sahilde palamut tutan bir adam\u0131n kendisine palamut hediye ederken s\u00f6ylediklerine cevap veren Mehmet Ali Erbil herkesi g\u00fcld\u00fcrd\u00fc. B\u00fct\u00fcn servetini kumarda kaybeden Mehmet Ali Erbil &#8216;elde bir \u015fey kalmad\u0131&#8217; dedi.<\/p>\n<h3>MEHMET AL\u0130 ERB\u0130L&#8217;\u0130N TRAJ\u0130KOM\u0130K SOHBETLER\u0130<\/h3>\n<p>Yasa d\u0131\u015f\u0131 bahis reklam\u0131nda yer alarak insanlar\u0131 te\u015fvik etti\u011fi iddias\u0131yla hakk\u0131nda soru\u015fturma ba\u015flat\u0131lan Mehmet Ali Erbil ge\u00e7ti\u011fimiz g\u00fcnlerde ev hapsine \u00e7\u0131km\u0131\u015f ve ev hapsi de bitmi\u015fti. Soru\u015fturma kapsam\u0131nda her pazartesi imza atmak ko\u015fuluyla serbest kalan Mehmet Ali Erbil bal\u0131k tutan vatanda\u015flar\u0131n yan\u0131na gitti.<\/p>\n<div style=\"width: 576px;\" class=\"wp-video\"><!--[if lt IE 9]><script>document.createElement('video');<\/script><![endif]-->\n<video class=\"wp-video-shortcode\" id=\"video-100201-1\" width=\"576\" height=\"1024\" preload=\"metadata\" controls=\"controls\"><source type=\"video\/mp4\" src=\"https:\/\/www.tgrthaber.com\/mavikadin\/wp-content\/uploads\/WhatsApp-Video-2024-12-02-at-10.41.13.mp4?_=1\" \/><a href=\"https:\/\/www.tgrthaber.com\/mavikadin\/wp-content\/uploads\/WhatsApp-Video-2024-12-02-at-10.41.13.mp4\">https:\/\/www.tgrthaber.com\/mavikadin\/wp-content\/uploads\/WhatsApp-Video-2024-12-02-at-10.41.13.mp4<\/a><\/video><\/div>\n<p>\u0130nstagram hesab\u0131ndan &#8216;K\u0131smetimde bal\u0131k da yo&#8217; diyerek payla\u015fan Mehmet Ali Erbil bir vatanda\u015flar olan sohbeti de Tiktok&#8217;ta payla\u015f\u0131ld\u0131. Sosyal medya kullan\u0131c\u0131s\u0131 olan vatanda\u015f\u0131n videosunda &#8216;Sahile geldi bizleri g\u00f6rmeye ona ikram ediyoruz bu palamudu. Ondan ba\u015fka yok. T\u00fcrkiye\u2019de bir tane. Hem g\u00fcld\u00fcr\u00fcr hem insanlara evler arabalar buzdolab\u0131 da\u011f\u0131t\u0131r. T\u00fcrkiye&#8217;de bir tanedir. dedi.&#8217; Mehmet Ali Erbil o s\u0131rada telefonuyla \u00e7ekim yaparken vatanda\u015f\u0131n s\u00f6zlerinin \u00fczerine\u00a0 &#8216;Da\u011f\u0131tt\u0131k da\u011f\u0131tt\u0131k bizde kalmad\u0131, biz de&#8230; Da\u011f\u0131ta da\u011f\u0131ta&#8217; dedi. Herkesi g\u00fcld\u00fcren s\u00f6zler Mehmet Ali Erbil\u2019in trajikomik hallerini g\u00f6zler \u00f6n\u00fcne serdi.<\/p>\n<p><img loading=\"lazy\" decoding=\"async\" class=\"alignnone wp-image-100239\" src=\"https:\/\/www.tgrthaber.com\/mavikadin\/wp-content\/uploads\/Ekran-goruntusu-2024-12-02-104839.png\" alt=\"\" width=\"700\" height=\"818\" title=\"\" srcset=\"https:\/\/www.tgrthaber.com\/mavikadin\/wp-content\/uploads\/Ekran-goruntusu-2024-12-02-104839.png 640w, https:\/\/www.tgrthaber.com\/mavikadin\/wp-content\/uploads\/Ekran-goruntusu-2024-12-02-104839-257x300.png 257w\" sizes=\"(max-width: 700px) 100vw, 700px\" \/><\/p>\n<p>Serdar Orta\u00e7 24 Aral\u0131k&#8217;ta, Mehmet Ali Erbil ise 30 Aral\u0131k&#8217;ta h\u00e2kim kar\u015f\u0131s\u0131na \u00e7\u0131kacak.<\/p>\n<p>&nbsp;<\/p>\n<h3>MEHMET AL\u0130 ERB\u0130L NEDEN TUTUKLANDI?<\/h3>\n<p>Ge\u00e7ti\u011fimiz g\u00fcnlerde \u0130stanbul Cumhuriyet Ba\u015fsavc\u0131l\u0131\u011f\u0131 taraf\u0131ndan yasa d\u0131\u015f\u0131 bahis reklam\u0131nda yer alarak insanlar\u0131 te\u015fvik etti\u011fi iddias\u0131yla \u015fovmen Mehmet Ali Erbil ile \u015fark\u0131c\u0131 Serdar Orta\u00e7&#8217;\u0131n da aralar\u0131nda bulundu\u011fu \u015f\u00fcpheliler hakk\u0131nda soru\u015fturma ba\u015flat\u0131lm\u0131\u015ft\u0131. \u00dcnl\u00fc isimlerin de aralar\u0131nda bulundu\u011fu soru\u015fturma kapsam\u0131nda yarg\u0131lanacak olan ki\u015filer h\u00e2kim kar\u015f\u0131s\u0131na \u00e7\u0131kacak. Mehmet Ali Erbil t\u00fcm servetini ve varl\u0131\u011f\u0131n\u0131 kumarda kaybetti\u011fini de a\u00e7\u0131klad\u0131. Serdar Orta\u00e7 da bu kumar bata\u011f\u0131nda neredeyse t\u00fcm mal varl\u0131\u011f\u0131n\u0131 kaybetti.<\/p>\n<p><img loading=\"lazy\" decoding=\"async\" class=\"alignnone wp-image-100240\" src=\"https:\/\/www.tgrthaber.com\/mavikadin\/wp-content\/uploads\/Brown-Photo-Collage-Thrift-Shop-Instagram-Post-26.jpg\" alt=\"\" width=\"700\" height=\"700\" title=\"\" srcset=\"https:\/\/www.tgrthaber.com\/mavikadin\/wp-content\/uploads\/Brown-Photo-Collage-Thrift-Shop-Instagram-Post-26.jpg 1080w, https:\/\/www.tgrthaber.com\/mavikadin\/wp-content\/uploads\/Brown-Photo-Collage-Thrift-Shop-Instagram-Post-26-300x300.jpg 300w, https:\/\/www.tgrthaber.com\/mavikadin\/wp-content\/uploads\/Brown-Photo-Collage-Thrift-Shop-Instagram-Post-26-1024x1024.jpg 1024w, https:\/\/www.tgrthaber.com\/mavikadin\/wp-content\/uploads\/Brown-Photo-Collage-Thrift-Shop-Instagram-Post-26-150x150.jpg 150w, https:\/\/www.tgrthaber.com\/mavikadin\/wp-content\/uploads\/Brown-Photo-Collage-Thrift-Shop-Instagram-Post-26-768x768.jpg 768w\" sizes=\"(max-width: 700px) 100vw, 700px\" \/><\/p>\n<p>Adliyedeki uzun i\u015flemler sonras\u0131 ev hapsi ile serbest kalan Mehmet Ali Erbil ev hapsi de bitince Bo\u011faz&#8217;da bal\u0131k tutmaya gitti. Herkesin ilgisiyle kar\u015f\u0131la\u015fan Mehmet Ali Erbil bal\u0131k tutan vatanda\u015flar\u0131n da kameralar\u0131na yans\u0131d\u0131.<\/p>\n","protected":false},"excerpt":{"rendered":"<p>Mehmet Ali Erbil&#8217;in ev hapsinin ard\u0131ndan Bo\u011faz&#8217;da bal\u0131k tutmaya gitmi\u015fti. Bal\u0131k tutan bir vatanda\u015f\u0131n kendisine s\u00f6yledi\u011fi s\u00f6zlere cevap veren Mehmet Ali Erbil herkesi g\u00fcld\u00fcrmeye devam etti. Trajikomik s\u00f6zleri sosyal medyada viral oldu. <\/p>\n","protected":false},"author":25,"featured_media":100241,"comment_status":"closed","ping_status":"closed","sticky":false,"template":"","format":"standard","meta":{"rank_math_lock_modified_date":false,"footnotes":""},"categories":[76],"tags":[3062,2674],"class_list":["post-100201","post","type-post","status-publish","format-standard","has-post-thumbnail","hentry","category-magazin","tag-mehmet-ali-erbil","tag-serdar-ortac"],"_links":{"self":[{"href":"https:\/\/www.tgrthaber.com\/mavikadin\/wp-json\/wp\/v2\/posts\/100201"}],"collection":[{"href":"https:\/\/www.tgrthaber.com\/mavikadin\/wp-json\/wp\/v2\/posts"}],"about":[{"href":"https:\/\/www.tgrthaber.com\/mavikadin\/wp-json\/wp\/v2\/types\/post"}],"author":[{"embeddable":true,"href":"https:\/\/www.tgrthaber.com\/mavikadin\/wp-json\/wp\/v2\/users\/25"}],"replies":[{"embeddable":true,"href":"https:\/\/www.tgrthaber.com\/mavikadin\/wp-json\/wp\/v2\/comments?post=100201"}],"version-history":[{"count":5,"href":"https:\/\/www.tgrthaber.com\/mavikadin\/wp-json\/wp\/v2\/posts\/100201\/revisions"}],"predecessor-version":[{"id":100254,"href":"https:\/\/www.tgrthaber.com\/mavikadin\/wp-json\/wp\/v2\/posts\/100201\/revisions\/100254"}],"wp:featuredmedia":[{"embeddable":true,"href":"https:\/\/www.tgrthaber.com\/mavikadin\/wp-json\/wp\/v2\/media\/100241"}],"wp:attachment":[{"href":"https:\/\/www.tgrthaber.com\/mavikadin\/wp-json\/wp\/v2\/media?parent=100201"}],"wp:term":[{"taxonomy":"category","embeddable":true,"href":"https:\/\/www.tgrthaber.com\/mavikadin\/wp-json\/wp\/v2\/categories?post=100201"},{"taxonomy":"post_tag","embeddable":true,"href":"https:\/\/www.tgrthaber.com\/mavikadin\/wp-json\/wp\/v2\/tags?post=100201"}],"curies":[{"name":"wp","href":"https:\/\/api.w.org\/{rel}","templated":true}]}}