{"id":100244,"date":"2024-12-02T12:14:42","date_gmt":"2024-12-02T09:14:42","guid":{"rendered":"https:\/\/www.tgrthaber.com\/mavikadin\/?p=100244"},"modified":"2024-12-02T12:15:31","modified_gmt":"2024-12-02T09:15:31","slug":"somer-sivrioglu-ve-ayse-ozyilmazel-ayrilmadi-mi-kafa-karistiran-kareler","status":"publish","type":"post","link":"https:\/\/www.tgrthaber.com\/mavikadin\/somer-sivrioglu-ve-ayse-ozyilmazel-ayrilmadi-mi-kafa-karistiran-kareler\/","title":{"rendered":"Somer Sivrio\u011flu ve Ay\u015fe \u00d6zy\u0131lmazel ayr\u0131lmad\u0131 m\u0131? Kafa kar\u0131\u015ft\u0131ran kareler"},"content":{"rendered":"<p>Somer Sivrio\u011flu ile Ay\u015fe \u00d6zy\u0131lmazel ayr\u0131ld\u0131 m\u0131 ayr\u0131lmad\u0131 m\u0131 herkesin kafas\u0131 kar\u0131\u015ft\u0131. En son ayr\u0131ld\u0131klar\u0131na ili\u015fkin haberler \u00e7\u0131kan ikili bir davette beraber foto\u011fraf \u00e7ekinerek payla\u015ft\u0131. Bu kare herkesi \u00e7iftin ayr\u0131l\u0131p ayr\u0131lmad\u0131\u011f\u0131 konusunda ikilemde b\u0131rakt\u0131. Masterchef T\u00fcrkiye yar\u0131\u015fmas\u0131 j\u00fcrisi olan Somer Sivrio\u011flu Ay\u015fe \u00d6zy\u0131lmazel ile a\u015fk\u0131na dolu dizgin devam ediyor gibi g\u00f6r\u00fcn\u00fcyor.<\/p>\n<h3>SOMER S\u0130VR\u0130O\u011eLU VE AY\u015eE \u00d6ZYILMAZEL AYRILDI MI?<\/h3>\n<p>Masterchef T\u00fcrkiye yar\u0131\u015fmas\u0131ndaki sevecen tav\u0131rlar\u0131yla dikkat \u00e7eken Somer Sivrio\u00fclu a\u015fk ve evlilik ya\u015fant\u0131s\u0131yla da olduk\u00e7a fazla g\u00fcndeme geliyor. Samimi ev e\u011flenceli tav\u0131rlar\u0131yla g\u00fcndem olan Somer Sivrio\u011flu Ay\u015fe \u00d6zy\u0131lmaz ile. 18 y\u0131ll\u0131k e\u015fi Asl\u0131 Sencer ile yollar\u0131n\u0131 ay\u0131ran Somer \u015eef \u015fimdilerde Ay\u015fe \u00d6zy\u0131lmaz ile an\u0131l\u0131yor. Evlili\u011fi ihanetle bitti\u011fi s\u00f6ylenen Somer \u015eef o d\u00f6nemde P\u0131nar K\u0131z\u0131lkaya ile ili\u015fkisini a\u00e7\u0131klam\u0131\u015ft\u0131. &#8216;Biz mutluyuz, seviyoruz, ya\u015f\u0131yoruz. \u015e\u00fck\u00fcr&#8230;&#8217; dedi\u011fi P\u0131nar K\u0131z\u0131lkaya ile ili\u015fkisi \u00e7ok uzun s\u00fcrmeyen Somer \u015eef ard\u0131ndan oyuncu Asl\u0131 Turan ile g\u00f6r\u00fclm\u00fc\u015ft\u00fc.<\/p>\n<p><img loading=\"lazy\" decoding=\"async\" class=\"alignnone size-full wp-image-100268\" src=\"https:\/\/www.tgrthaber.com\/mavikadin\/wp-content\/uploads\/Ekran-goruntusu-2024-12-02-105931.png\" alt=\"\" width=\"761\" height=\"689\" title=\"\" srcset=\"https:\/\/www.tgrthaber.com\/mavikadin\/wp-content\/uploads\/Ekran-goruntusu-2024-12-02-105931.png 761w, https:\/\/www.tgrthaber.com\/mavikadin\/wp-content\/uploads\/Ekran-goruntusu-2024-12-02-105931-300x272.png 300w\" sizes=\"(max-width: 761px) 100vw, 761px\" \/><\/p>\n<p>Samimi halleri herkesi \u015fa\u015f\u0131rtan ikiliden sonra Somer \u015eef Ay\u015fe \u00d6zy\u0131lmazel ile an\u0131lmaya ba\u015flad\u0131. Fenerbah\u00e7e Beko-Panathinaikos aras\u0131nda oynanan EuroLeague yar\u0131 final ma\u00e7\u0131n\u0131 izlemek birlikte Almanya&#8217;ya giden ikili bu a\u015fk iddialar\u0131n\u0131 bu pozla do\u011frulad\u0131. K\u0131sa s\u00fcre sonra birbirini sosyal medyadan silen iki taraf i\u00e7in a\u015fk bitti\u011fi konu\u015fulmaya ba\u015fland\u0131 ancak Kenan Do\u011fulu&#8217;n\u0131n Tersane \u0130stanbul\u2019da verdi\u011fi konserde a\u015f\u0131klar yine birlikte g\u00f6r\u00fcld\u00fc. Beraber davete kat\u0131lan Somer \u015eef ve Ay\u015fe \u00d6zy\u0131lmazel arkada\u015flar\u0131n\u0131n sosyal medyas\u0131nda beraber g\u00f6r\u00fcld\u00fc.<\/p>\n<p><img loading=\"lazy\" decoding=\"async\" class=\"alignnone size-full wp-image-100271\" src=\"https:\/\/www.tgrthaber.com\/mavikadin\/wp-content\/uploads\/Ekran-goruntusu-2024-12-02-120748.png\" alt=\"\" width=\"984\" height=\"701\" title=\"\" srcset=\"https:\/\/www.tgrthaber.com\/mavikadin\/wp-content\/uploads\/Ekran-goruntusu-2024-12-02-120748.png 984w, https:\/\/www.tgrthaber.com\/mavikadin\/wp-content\/uploads\/Ekran-goruntusu-2024-12-02-120748-300x214.png 300w, https:\/\/www.tgrthaber.com\/mavikadin\/wp-content\/uploads\/Ekran-goruntusu-2024-12-02-120748-768x547.png 768w\" sizes=\"(max-width: 984px) 100vw, 984px\" \/><\/p>\n<p>A\u015fk hi\u00e7 bitmemi\u015f dedirten karede \u00e7ok mutlu g\u00f6r\u00fcnen ikilinin a\u015fk\u0131 dolu dizgin devam ediyor. \u0130li\u015fkilerini g\u00f6zlerden uzak \u015fekilde ya\u015fayan ikili konsere beraber gitti. Sivrio\u011flu ile \u00d6zy\u0131lmazel\u2019in foto\u011fraf\u0131n\u0131 organizat\u00f6r Ahmet San sosyal medya hesab\u0131nda payla\u015ft\u0131.<\/p>\n<p>&nbsp;<\/p>\n<p>Masterchef T\u00fcrkiye j\u00fcrisi olan Somer Sivrio\u011flu ile \u015fark\u0131c\u0131 Ay\u015fe \u00d6zy\u0131lmazel&#8217;in ili\u015fkileri g\u00f6zlerden uzak \u015fekilde devam ederken ne zaman evlilik olacak merak ediliyor. Somer \u015eef bu sefer ger\u00e7ekten a\u015fk\u0131 bulmu\u015f gibi g\u00f6r\u00fcn\u00fcyor.<\/p>\n<p><img loading=\"lazy\" decoding=\"async\" class=\"alignnone size-full wp-image-100273\" src=\"https:\/\/www.tgrthaber.com\/mavikadin\/wp-content\/uploads\/Ekran-goruntusu-2024-12-02-120736.png\" alt=\"\" width=\"1094\" height=\"723\" title=\"\" srcset=\"https:\/\/www.tgrthaber.com\/mavikadin\/wp-content\/uploads\/Ekran-goruntusu-2024-12-02-120736.png 1094w, https:\/\/www.tgrthaber.com\/mavikadin\/wp-content\/uploads\/Ekran-goruntusu-2024-12-02-120736-300x198.png 300w, https:\/\/www.tgrthaber.com\/mavikadin\/wp-content\/uploads\/Ekran-goruntusu-2024-12-02-120736-1024x677.png 1024w, https:\/\/www.tgrthaber.com\/mavikadin\/wp-content\/uploads\/Ekran-goruntusu-2024-12-02-120736-768x508.png 768w\" sizes=\"(max-width: 1094px) 100vw, 1094px\" \/><\/p>\n<p>Sosyal medya kullan\u0131c\u0131lar\u0131 Masterchef T\u00fcrkiye&#8217;de j\u00fcri olan Somer Sivrio\u011flu&#8217;nun Ay\u015fe \u00d6zy\u0131lmazel ile olan ili\u015fkisini konu\u015fmaya ba\u015flad\u0131 bile.<\/p>\n<h3>AY\u015eE \u00d6ZYILMAZEL K\u0130MD\u0130R?<\/h3>\n<p>&nbsp;<\/p>\n<p>45 ya\u015f\u0131nda olan Ay\u015fe \u00d6zy\u0131lmazel \u015fark\u0131c\u0131 ve yazar. \u0130stanbul\u2019da do\u011fan Ay\u015fe \u00d6zy\u0131lmazel 2011-2012 y\u0131llar\u0131 aras\u0131nda i\u015f insan\u0131 Ali Taran ile olan a\u015fk\u0131yla g\u00fcndeme gelmi\u015fti. \u015eimdilerde yine benzer bir ili\u015fki ya\u015fayan Ay\u015fe \u00d6zy\u0131lmazel Somer \u015eef ile. Yeditepe \u00dcniversitesi Sinema B\u00f6l\u00fcm\u00fc&#8217;nden mezun olan Ay\u015fe \u00d6zy\u0131lmazel zaman i\u00e7erisinde yazarl\u0131k kariyerini y\u00f6netmi\u015f ve daha sonra bir\u00e7ok \u015fark\u0131c\u0131yla beraber bir alb\u00fcm \u00e7\u0131kartm\u0131\u015ft\u0131r. Yal\u0131n, Mert Ekren, Teoman Turan Ta\u015f, Nurkan Renda gibi isimlerin e\u015flik etti\u011fi alb\u00fcmde foto\u011fraflar\u0131 da karde\u015fi \u00e7ekmi\u015ftir. \u015eark\u0131 s\u00f6zleri de yazan Ay\u015fe \u00d6zy\u0131lmazel zaman i\u00e7erisinde kariyerini do\u011fru \u015fekilde y\u00f6neterek ba\u015far\u0131l\u0131 i\u015flere imza atm\u0131\u015f.<\/p>\n","protected":false},"excerpt":{"rendered":"<p>Ay\u015fe \u00d6zy\u0131lmaz ile a\u015fk ya\u015fayan Somer Sivrio\u011flu ge\u00e7ti\u011fimiz aylarda ayr\u0131l\u0131k iddialar\u0131yla g\u00fcndeme gelmi\u015fti. Konsere birlikte giden \u00e7iftin arkada\u015flar\u0131 sosyal medyada payla\u015f\u0131m yapt\u0131. A\u015fk bitmemi\u015f dedirten kareler sosyal medyada g\u00fcndem oldu..<\/p>\n","protected":false},"author":25,"featured_media":100281,"comment_status":"closed","ping_status":"closed","sticky":false,"template":"","format":"standard","meta":{"rank_math_lock_modified_date":false,"footnotes":""},"categories":[76],"tags":[3202,1120,2511,1326],"class_list":["post-100244","post","type-post","status-publish","format-standard","has-post-thumbnail","hentry","category-magazin","tag-asye-ozyilmazel","tag-masterchef","tag-masterchef-turkiye","tag-somer-sivrioglu"],"_links":{"self":[{"href":"https:\/\/www.tgrthaber.com\/mavikadin\/wp-json\/wp\/v2\/posts\/100244"}],"collection":[{"href":"https:\/\/www.tgrthaber.com\/mavikadin\/wp-json\/wp\/v2\/posts"}],"about":[{"href":"https:\/\/www.tgrthaber.com\/mavikadin\/wp-json\/wp\/v2\/types\/post"}],"author":[{"embeddable":true,"href":"https:\/\/www.tgrthaber.com\/mavikadin\/wp-json\/wp\/v2\/users\/25"}],"replies":[{"embeddable":true,"href":"https:\/\/www.tgrthaber.com\/mavikadin\/wp-json\/wp\/v2\/comments?post=100244"}],"version-history":[{"count":1,"href":"https:\/\/www.tgrthaber.com\/mavikadin\/wp-json\/wp\/v2\/posts\/100244\/revisions"}],"predecessor-version":[{"id":100283,"href":"https:\/\/www.tgrthaber.com\/mavikadin\/wp-json\/wp\/v2\/posts\/100244\/revisions\/100283"}],"wp:featuredmedia":[{"embeddable":true,"href":"https:\/\/www.tgrthaber.com\/mavikadin\/wp-json\/wp\/v2\/media\/100281"}],"wp:attachment":[{"href":"https:\/\/www.tgrthaber.com\/mavikadin\/wp-json\/wp\/v2\/media?parent=100244"}],"wp:term":[{"taxonomy":"category","embeddable":true,"href":"https:\/\/www.tgrthaber.com\/mavikadin\/wp-json\/wp\/v2\/categories?post=100244"},{"taxonomy":"post_tag","embeddable":true,"href":"https:\/\/www.tgrthaber.com\/mavikadin\/wp-json\/wp\/v2\/tags?post=100244"}],"curies":[{"name":"wp","href":"https:\/\/api.w.org\/{rel}","templated":true}]}}