{"id":100326,"date":"2024-12-02T14:13:04","date_gmt":"2024-12-02T11:13:04","guid":{"rendered":"https:\/\/www.tgrthaber.com\/mavikadin\/?p=100326"},"modified":"2025-09-25T17:21:28","modified_gmt":"2025-09-25T14:21:28","slug":"ebru-gundesin-esi-murat-ozdemir-kimdir-murat-ozdemir-ne-is-yapiyor-nerede-yasiyor","status":"publish","type":"post","link":"https:\/\/www.tgrthaber.com\/mavikadin\/ebru-gundesin-esi-murat-ozdemir-kimdir-murat-ozdemir-ne-is-yapiyor-nerede-yasiyor\/","title":{"rendered":"Ebru G\u00fcnde\u015f\u2019in e\u015fi Murat \u00d6zdemir kimdir? Murat \u00d6zdemir ne i\u015f yap\u0131yor nerede ya\u015f\u0131yor?"},"content":{"rendered":"<p>Ge\u00e7ti\u011fimiz y\u0131l Murat \u00d6zdemir ile d\u00fcnyaevine giren Ebru G\u00fcnde\u015f, bo\u015fanma iddialar\u0131yla g\u00fcndeme gelmi\u015fti. Dubai\u2019de ya\u015fam\u0131n\u0131 s\u00fcrd\u00fcren \u00e7iftten Ebru G\u00fcnde\u015f\u2019in bavulunu toplayarak \u0130stanbul\u2019a d\u00f6nd\u00fc\u011f\u00fc iddia edilmi\u015fti. Uzun bir s\u00fcredir magazin g\u00fcndeminde yer edinen iddialar\u0131 Ebru G\u00fcnde\u015f sonunda do\u011frular\u0131. \u00dcnl\u00fc sanat\u00e7\u0131 sosyal medya hesab\u0131ndan yapt\u0131\u011f\u0131 payla\u015f\u0131mla Murat \u00d6zdemir ile bo\u015fanacaklar\u0131n\u0131 duyurdu. Bo\u015fanma haberlerinin \u00fczerine Ebru G\u00fcnde\u015f\u2019in eski e\u015fi Murat \u00d6zdemir\u2019in kim oldu\u011fu merak edildi. Peki, Ebru G\u00fcnde\u015f\u2019in eski e\u015fi Murat \u00d6zdemir kimdir? Murat \u00d6zdemir ne i\u015f yap\u0131yor, nerede ya\u015f\u0131yor? Murat \u00d6zdemir hakk\u0131nda merak edilenleri sizin i\u00e7in ara\u015ft\u0131rd\u0131k. \u0130\u015fte Murat \u00d6zdemir hakk\u0131nda bilinmeyenler\u2026<\/p>\n<h3>MURAT \u00d6ZDEM\u0130R K\u0130MD\u0130R?<\/h3>\n<p>Murat \u00d6zdemir, 1987 y\u0131l\u0131nda \u0130stanbul\u2019da d\u00fcnyaya geldi. Murat \u00d6zdemir\u2019in tam ad\u0131 Murat Osman \u00d6zdemir olarak ge\u00e7mektedir. \u0130lkokul, ortaokul ve lise e\u011fitimini ba\u015far\u0131yla tamamlayan Murat \u00d6zdemir y\u00fcksek\u00f6\u011frenimini \u0130stanbul \u00dcniversitesi \u0130\u015fletme B\u00f6l\u00fcm\u00fc\u2019nden mezun olarak tamamlad\u0131.<\/p>\n<p><img loading=\"lazy\" decoding=\"async\" class=\"alignnone wp-image-100329\" src=\"https:\/\/www.tgrthaber.com\/mavikadin\/wp-content\/uploads\/Adsiz-tasarim-49-4-1024x576.jpg\" alt=\"Murat \u00d6zdemir kimdir?\" width=\"1208\" height=\"680\" title=\"\" srcset=\"https:\/\/www.tgrthaber.com\/mavikadin\/wp-content\/uploads\/Adsiz-tasarim-49-4-1024x576.jpg 1024w, https:\/\/www.tgrthaber.com\/mavikadin\/wp-content\/uploads\/Adsiz-tasarim-49-4-300x169.jpg 300w, https:\/\/www.tgrthaber.com\/mavikadin\/wp-content\/uploads\/Adsiz-tasarim-49-4-768x432.jpg 768w, https:\/\/www.tgrthaber.com\/mavikadin\/wp-content\/uploads\/Adsiz-tasarim-49-4-1536x864.jpg 1536w, https:\/\/www.tgrthaber.com\/mavikadin\/wp-content\/uploads\/Adsiz-tasarim-49-4.jpg 1600w\" sizes=\"(max-width: 1208px) 100vw, 1208px\" \/><\/p>\n<hr \/>\n<p>Varl\u0131kl\u0131 bir ailenin \u00e7ocu\u011fu olarak d\u00fcnyaya gelen Murat \u00d6zdemir, in\u015faat sekt\u00f6r\u00fcnde faaliyet g\u00f6steren aile \u015firketinde mesleki kariyerine ad\u0131m atm\u0131\u015ft\u0131r. Aile \u015firketinde kariyerini ilerleten \u00d6zdemir, y\u0131llar i\u00e7inde y\u00f6netici pozisyonuna ge\u00e7mi\u015ftir.<\/p>\n<p><img loading=\"lazy\" decoding=\"async\" class=\"alignnone wp-image-178710\" src=\"https:\/\/www.tgrthaber.com\/mavikadin\/wp-content\/uploads\/Murat-Ozdemir-2-1024x576.jpg\" alt=\"Murat-\u00d6zdemir\" width=\"1208\" height=\"680\" title=\"\" srcset=\"https:\/\/www.tgrthaber.com\/mavikadin\/wp-content\/uploads\/Murat-Ozdemir-2-1024x576.jpg 1024w, https:\/\/www.tgrthaber.com\/mavikadin\/wp-content\/uploads\/Murat-Ozdemir-2-300x169.jpg 300w, https:\/\/www.tgrthaber.com\/mavikadin\/wp-content\/uploads\/Murat-Ozdemir-2-768x432.jpg 768w, https:\/\/www.tgrthaber.com\/mavikadin\/wp-content\/uploads\/Murat-Ozdemir-2-1536x864.jpg 1536w, https:\/\/www.tgrthaber.com\/mavikadin\/wp-content\/uploads\/Murat-Ozdemir-2.jpg 1600w\" sizes=\"(max-width: 1208px) 100vw, 1208px\" \/><\/p>\n<hr \/>\n<h3>MURAT \u00d6ZDEM\u0130R NE \u0130\u015e YAPIYOR, NEREDE YA\u015eIYOR?<\/h3>\n<p>\u015eimdilerde 37 ya\u015flar\u0131nda olan Murat \u00d6zdemir, Dubai merkezli yaz\u0131l\u0131m ve savunma sanayiye hizmet veren bir \u015firketin sahipli\u011fini yap\u0131yor. Hayat\u0131n\u0131 Dubai ve T\u00fcrkiye aras\u0131nda mekik dokuyan \u00d6zdemir, ya\u015fant\u0131s\u0131n\u0131n b\u00fcy\u00fck bir \u00e7o\u011funlu\u011funu \u015firketin ba\u015f\u0131nda durmak ad\u0131na Dubai\u2019de ge\u00e7iriyor.<\/p>\n<p><img loading=\"lazy\" decoding=\"async\" class=\"alignnone wp-image-100330\" src=\"https:\/\/www.tgrthaber.com\/mavikadin\/wp-content\/uploads\/Adsiz-tasarim-51-2-1024x576.jpg\" alt=\"Murat \u00d6zdemir kimdir?\" width=\"1208\" height=\"680\" title=\"\" srcset=\"https:\/\/www.tgrthaber.com\/mavikadin\/wp-content\/uploads\/Adsiz-tasarim-51-2-1024x576.jpg 1024w, https:\/\/www.tgrthaber.com\/mavikadin\/wp-content\/uploads\/Adsiz-tasarim-51-2-300x169.jpg 300w, https:\/\/www.tgrthaber.com\/mavikadin\/wp-content\/uploads\/Adsiz-tasarim-51-2-768x432.jpg 768w, https:\/\/www.tgrthaber.com\/mavikadin\/wp-content\/uploads\/Adsiz-tasarim-51-2-1536x864.jpg 1536w, https:\/\/www.tgrthaber.com\/mavikadin\/wp-content\/uploads\/Adsiz-tasarim-51-2.jpg 1600w\" sizes=\"(max-width: 1208px) 100vw, 1208px\" \/><\/p>\n<hr \/>\n<p>Bununla birlikte Murat \u00d6zdemir, in\u015faat sekt\u00f6r\u00fcn\u00fcn konu\u015fulan dernekleri aras\u0131nda yer alan T\u00fcrkiye \u0130n\u015faat Sanayicileri \u0130\u015fveren Sendikas\u0131\u2019n\u0131n (\u0130NTES) y\u00f6netim kurulunda \u00e7e\u015fitli \u00e7al\u0131\u015fmalar da ger\u00e7ekle\u015ftirmi\u015ftir. Ayn\u0131 zamanda Vatan \u015eehit ve Gazi Aileleri Sosyal Yard\u0131mla\u015fma ve Dayan\u0131\u015fma Derne\u011fi\u2019nin ba\u015fkan vekilli\u011fini de yapm\u0131\u015ft\u0131r.<\/p>\n<h3>MURAT \u00d6ZDEM\u0130R KA\u00c7 EVL\u0130L\u0130K YAPTI?<\/h3>\n<p>Murat \u00d6zdemir, \u015fu ana kadar toplamda \u00fc\u00e7 evlilik yapm\u0131\u015ft\u0131r. \u00d6zdemir\u2019in ilk iki evlili\u011finden toplamda \u00fc\u00e7 tane \u00e7ocu\u011fu d\u00fcnyaya gelmi\u015ftir.<\/p>\n<p><img loading=\"lazy\" decoding=\"async\" class=\"alignnone wp-image-178703\" src=\"https:\/\/www.tgrthaber.com\/mavikadin\/wp-content\/uploads\/Murat-Ozdemir-1-1024x576.jpg\" alt=\"Murat-\u00d6zdemir\" width=\"1208\" height=\"680\" title=\"\" srcset=\"https:\/\/www.tgrthaber.com\/mavikadin\/wp-content\/uploads\/Murat-Ozdemir-1-1024x576.jpg 1024w, https:\/\/www.tgrthaber.com\/mavikadin\/wp-content\/uploads\/Murat-Ozdemir-1-300x169.jpg 300w, https:\/\/www.tgrthaber.com\/mavikadin\/wp-content\/uploads\/Murat-Ozdemir-1-768x432.jpg 768w, https:\/\/www.tgrthaber.com\/mavikadin\/wp-content\/uploads\/Murat-Ozdemir-1-1536x864.jpg 1536w, https:\/\/www.tgrthaber.com\/mavikadin\/wp-content\/uploads\/Murat-Ozdemir-1.jpg 1600w\" sizes=\"(max-width: 1208px) 100vw, 1208px\" \/><\/p>\n<hr \/>\n<p>Murat \u00d6zdemir\u2019in ilk evlili\u011finden 2 \u00e7ocu\u011fu vard\u0131r. \u0130kinci evlili\u011fini 2002 Best Model G\u00fczeli Selin Kabakl\u0131 ile yapan \u00d6zdemir\u2019in ikinci evlili\u011finden ise 1 \u00e7ocu\u011fu vard\u0131r. 2022 y\u0131l\u0131nda Selin Kabakl\u0131 ile olan evlili\u011fini bitiren Murat \u00d6zdemir, \u00fc\u00e7\u00fcnc\u00fc evlili\u011fini ise kendinden 12 ya\u015f b\u00fcy\u00fck olan Ebru G\u00fcnde\u015f ile ger\u00e7ekle\u015ftirmi\u015ftir.<\/p>\n<p>Ebru G\u00fcnde\u015f ve Murat \u00d6zdemir \u00e7ifti, ge\u00e7ti\u011fimiz Dubai Ba\u015fkonsoloslu\u011fu&#8217;nda sade bir t\u00f6ren ile nik\u00e2h masas\u0131na oturarak d\u00fcnyaevine girmi\u015fti. Evlilikleri \u00e7ok uzun s\u00fcrmeyen \u00e7ift, bo\u015fanma karar\u0131 ald\u0131\u011f\u0131n\u0131 duyurdu. Evlilikleri s\u00fcrecinde s\u00fcrekli bo\u015fanma iddialar\u0131yla g\u00fcndemde olan \u00e7ift, bu kez ilk a\u011f\u0131zdan yapt\u0131klar\u0131 a\u00e7\u0131klamalarla bo\u015fanma haberlerini do\u011frulad\u0131.<\/p>\n","protected":false},"excerpt":{"rendered":"<p>Ayr\u0131l\u0131k iddialar\u0131yla g\u00fcndeme gelen Ebru G\u00fcnde\u015f\u2019in e\u015fi Murat \u00d6zdemir\u2019in kim oldu\u011fu merak ediliyor. Murat \u00d6zdemir kimdir? Murat \u00d6zdemir ne i\u015f yap\u0131yor, nerede ya\u015f\u0131yor?<\/p>\n","protected":false},"author":26,"featured_media":178702,"comment_status":"closed","ping_status":"closed","sticky":false,"template":"","format":"standard","meta":{"rank_math_lock_modified_date":false,"footnotes":""},"categories":[491],"tags":[3084,3171],"class_list":["post-100326","post","type-post","status-publish","format-standard","has-post-thumbnail","hentry","category-biyografi","tag-ebru-gundes","tag-murat-ozdemir"],"_links":{"self":[{"href":"https:\/\/www.tgrthaber.com\/mavikadin\/wp-json\/wp\/v2\/posts\/100326"}],"collection":[{"href":"https:\/\/www.tgrthaber.com\/mavikadin\/wp-json\/wp\/v2\/posts"}],"about":[{"href":"https:\/\/www.tgrthaber.com\/mavikadin\/wp-json\/wp\/v2\/types\/post"}],"author":[{"embeddable":true,"href":"https:\/\/www.tgrthaber.com\/mavikadin\/wp-json\/wp\/v2\/users\/26"}],"replies":[{"embeddable":true,"href":"https:\/\/www.tgrthaber.com\/mavikadin\/wp-json\/wp\/v2\/comments?post=100326"}],"version-history":[{"count":6,"href":"https:\/\/www.tgrthaber.com\/mavikadin\/wp-json\/wp\/v2\/posts\/100326\/revisions"}],"predecessor-version":[{"id":240262,"href":"https:\/\/www.tgrthaber.com\/mavikadin\/wp-json\/wp\/v2\/posts\/100326\/revisions\/240262"}],"wp:featuredmedia":[{"embeddable":true,"href":"https:\/\/www.tgrthaber.com\/mavikadin\/wp-json\/wp\/v2\/media\/178702"}],"wp:attachment":[{"href":"https:\/\/www.tgrthaber.com\/mavikadin\/wp-json\/wp\/v2\/media?parent=100326"}],"wp:term":[{"taxonomy":"category","embeddable":true,"href":"https:\/\/www.tgrthaber.com\/mavikadin\/wp-json\/wp\/v2\/categories?post=100326"},{"taxonomy":"post_tag","embeddable":true,"href":"https:\/\/www.tgrthaber.com\/mavikadin\/wp-json\/wp\/v2\/tags?post=100326"}],"curies":[{"name":"wp","href":"https:\/\/api.w.org\/{rel}","templated":true}]}}