{"id":100466,"date":"2024-12-02T17:11:33","date_gmt":"2024-12-02T14:11:33","guid":{"rendered":"https:\/\/www.tgrthaber.com\/mavikadin\/?p=100466"},"modified":"2024-12-02T17:15:13","modified_gmt":"2024-12-02T14:15:13","slug":"akran-zorbaligina-karsi-uzman-isim-uyardi-cocuk-ani-duygu-degisimleri-yasiyorsa-dikkat","status":"publish","type":"post","link":"https:\/\/www.tgrthaber.com\/mavikadin\/akran-zorbaligina-karsi-uzman-isim-uyardi-cocuk-ani-duygu-degisimleri-yasiyorsa-dikkat\/","title":{"rendered":"Akran zorbal\u0131\u011f\u0131na kar\u015f\u0131 uzman isim uyard\u0131! \u00c7ocuk ani duygu de\u011fi\u015fimleri ya\u015f\u0131yorsa dikkat"},"content":{"rendered":"<p>Ailelere uyar\u0131larda bulunan psikolog S\u00fcmeyye Sara\u00e7o\u011flu zorbal\u0131k ya\u015fayan aileleri bilin\u00e7lendirdi. Sara\u00e7o\u011flu, \u00f6zellikle \u00e7ocukta ani duygu de\u011fi\u015fimleri olup olmad\u0131\u011f\u0131n\u0131n kontrol edilmesi gerekti\u011fine dikkat \u00e7ekti.<\/p>\n<p>Kocaeli&#8217;de d\u00fczenlenen e\u011fitimle \u00f6\u011frenciler ve veliler akran zorbal\u0131\u011f\u0131na kar\u015f\u0131 bilin\u00e7lendirildi. Ailelere uyar\u0131larda bulunan psikolog S\u00fcmeyye Sara\u00e7o\u011flu, &#8220;Zorbal\u0131k ya\u015fayan \u00e7ocuklar genelde i\u00e7ine kapanabilir, okula gitmek istemeyebilir ve kendilerini de\u011fersiz hissedebilir. Ani duygu de\u011fi\u015fimleri, sosyal ili\u015fkilerden ka\u00e7\u0131nma da yayg\u0131n belirtileridir&#8221; dedi.<\/p>\n<h3>AKRAN ZORBALI\u011eINA KAR\u015eI UZMAN \u0130S\u0130M UYARDI!<\/h3>\n<p>Kocaeli B\u00fcy\u00fck\u015fehir Belediyesi b\u00fcnyesindeki Anne \u015eehir Merkezlerinde akran zorbal\u0131\u011f\u0131n\u0131 anlamak, do\u011fru yakla\u015f\u0131m y\u00f6ntemlerini \u00f6\u011frenmek ve etkili \u00e7\u00f6z\u00fcmler \u00fcretmek amac\u0131yla hem \u00f6\u011frencilere hem de velilere e\u011fitim d\u00fczenlendi. Psikolog S\u00fcmeyye Sara\u00e7o\u011flu taraf\u0131ndan verilen e\u011fitimde, \u00f6\u011frenci ve velilere akran zorbal\u0131\u011f\u0131 konusunda \u00f6nemli bilgiler aktar\u0131ld\u0131. E\u011fitimde Sara\u00e7o\u011flu, akran zorbal\u0131\u011f\u0131n\u0131n genellikle fiziksel, s\u00f6zl\u00fc, duygusal ya da siber ortamda ger\u00e7ekle\u015febilece\u011fini belirterek, ailelerin dikkatli ve bilin\u00e7li bir yakla\u015f\u0131m sergilemesi gerekti\u011fini vurgulad\u0131.<br \/>\n&#8220;\u00c7ocu\u011fumuzun arkada\u015flar\u0131 aras\u0131nda zorbal\u0131k ya\u015fay\u0131p ya\u015famad\u0131\u011f\u0131n\u0131 nas\u0131l anlar\u0131z?&#8221; sorusunu cevaplayan psikolog Sara\u00e7o\u011flu, &#8220;Zorbal\u0131k ya\u015fayan \u00e7ocuklar genelde i\u00e7ine kapanabilir, okula gitmek istemeyebilir ve kendilerini de\u011fersiz hissedebilir. Ani duygu de\u011fi\u015fimleri, sosyal ili\u015fkilerden ka\u00e7\u0131nma da yayg\u0131n belirtileridir&#8221; diye konu\u015ftu.<\/p>\n<p><img loading=\"lazy\" decoding=\"async\" class=\"alignnone size-large wp-image-100468\" src=\"https:\/\/www.tgrthaber.com\/mavikadin\/wp-content\/uploads\/AW341865_02-1024x768.jpg\" alt=\"\" width=\"640\" height=\"480\" title=\"\" srcset=\"https:\/\/www.tgrthaber.com\/mavikadin\/wp-content\/uploads\/AW341865_02-1024x768.jpg 1024w, https:\/\/www.tgrthaber.com\/mavikadin\/wp-content\/uploads\/AW341865_02-300x225.jpg 300w, https:\/\/www.tgrthaber.com\/mavikadin\/wp-content\/uploads\/AW341865_02-768x576.jpg 768w, https:\/\/www.tgrthaber.com\/mavikadin\/wp-content\/uploads\/AW341865_02-1536x1152.jpg 1536w, https:\/\/www.tgrthaber.com\/mavikadin\/wp-content\/uploads\/AW341865_02-2048x1536.jpg 2048w\" sizes=\"(max-width: 640px) 100vw, 640px\" \/><\/p>\n<h3>&#8220;B\u0130R UZMANDAN DESTEK ALIN&#8221;<\/h3>\n<p>Sara\u00e7o\u011flu, \u00e7ocuklar\u0131n zorbal\u0131kla ilgili konu\u015fmakta \u00e7ekinebilece\u011fini ifade ederek, &#8220;\u00c7ocuklar\u0131n\u0131z\u0131n duygular\u0131n\u0131 rahat ifade edebilmesi i\u00e7in bir alan olu\u015fturun. Onu yarg\u0131lamadan dinleyin ve hislerini anlad\u0131\u011f\u0131n\u0131z\u0131 g\u00f6sterin. Onun yan\u0131nda oldu\u011funuzu ve ona yard\u0131m etmek istedi\u011finizi hissettirin. Zorbal\u0131\u011fa u\u011framas\u0131n\u0131n \u00e7ocu\u011funuzun hatas\u0131 olmad\u0131\u011f\u0131n\u0131 a\u00e7\u0131k bir \u015fekilde ifade edin. E\u011fer zorbal\u0131k ya\u015fad\u0131\u011f\u0131n\u0131 d\u00fc\u015f\u00fcn\u00fcyorsan\u0131z bir uzmandan destek al\u0131n. Unutmay\u0131n, fark etmek ve harekete ge\u00e7mek, zorbal\u0131\u011f\u0131 \u00f6nlemenin ilk ve \u00f6nemli ad\u0131m\u0131d\u0131r&#8221; \u015feklinde konu\u015ftu.<\/p>\n<h3>&#8220;ZORBALI\u011eA KAR\u015eI YALNIZ OLMADI\u011eINIZI B\u0130L\u0130N&#8221;<\/h3>\n<p>\u00c7ocuklara y\u00f6nelik oturumda ise zorbal\u0131kla ba\u015fa \u00e7\u0131kma y\u00f6ntemleri \u00fczerinde duran Sara\u00e7o\u011flu, \u015fu \u00f6nerilerde bulundu:<\/p>\n<p>&#8220;Zorbal\u0131kla kar\u015f\u0131la\u015ft\u0131\u011f\u0131n\u0131zda tepkinizi sakin bir \u015fekilde g\u00f6sterin. Kendinizi g\u00fcvende hissetmedi\u011finiz durumda mutlaka bir yeti\u015fkine haber verin. Zorbal\u0131\u011fa kar\u015f\u0131 yaln\u0131z olmad\u0131\u011f\u0131n\u0131z\u0131 bilin; arkada\u015flar\u0131n\u0131zdan, \u00f6\u011fretmenlerinizden ya da ailenizden destek isteyin&#8221;<\/p>\n","protected":false},"excerpt":{"rendered":"<p>Akran zorbal\u0131\u011f\u0131na kar\u015f\u0131 uzman isim uyar\u0131da bulundu. Psikolog S\u00fcmeyye Sara\u00e7o\u011flu \u00f6zellikle \u00e7ocuktaki ani duygu de\u011fi\u015fimlerinin \u00f6nemli oldu\u011funa dikkat edilmesi gerekti\u011finin alt\u0131n\u0131 \u00e7izdi.<\/p>\n","protected":false},"author":5,"featured_media":100467,"comment_status":"closed","ping_status":"closed","sticky":false,"template":"","format":"standard","meta":{"rank_math_lock_modified_date":false,"footnotes":""},"categories":[111],"tags":[3220,3221],"class_list":["post-100466","post","type-post","status-publish","format-standard","has-post-thumbnail","hentry","category-anne-cocuk","tag-akran-zorbaligi","tag-zorbalik"],"_links":{"self":[{"href":"https:\/\/www.tgrthaber.com\/mavikadin\/wp-json\/wp\/v2\/posts\/100466"}],"collection":[{"href":"https:\/\/www.tgrthaber.com\/mavikadin\/wp-json\/wp\/v2\/posts"}],"about":[{"href":"https:\/\/www.tgrthaber.com\/mavikadin\/wp-json\/wp\/v2\/types\/post"}],"author":[{"embeddable":true,"href":"https:\/\/www.tgrthaber.com\/mavikadin\/wp-json\/wp\/v2\/users\/5"}],"replies":[{"embeddable":true,"href":"https:\/\/www.tgrthaber.com\/mavikadin\/wp-json\/wp\/v2\/comments?post=100466"}],"version-history":[{"count":2,"href":"https:\/\/www.tgrthaber.com\/mavikadin\/wp-json\/wp\/v2\/posts\/100466\/revisions"}],"predecessor-version":[{"id":100470,"href":"https:\/\/www.tgrthaber.com\/mavikadin\/wp-json\/wp\/v2\/posts\/100466\/revisions\/100470"}],"wp:featuredmedia":[{"embeddable":true,"href":"https:\/\/www.tgrthaber.com\/mavikadin\/wp-json\/wp\/v2\/media\/100467"}],"wp:attachment":[{"href":"https:\/\/www.tgrthaber.com\/mavikadin\/wp-json\/wp\/v2\/media?parent=100466"}],"wp:term":[{"taxonomy":"category","embeddable":true,"href":"https:\/\/www.tgrthaber.com\/mavikadin\/wp-json\/wp\/v2\/categories?post=100466"},{"taxonomy":"post_tag","embeddable":true,"href":"https:\/\/www.tgrthaber.com\/mavikadin\/wp-json\/wp\/v2\/tags?post=100466"}],"curies":[{"name":"wp","href":"https:\/\/api.w.org\/{rel}","templated":true}]}}