{"id":100473,"date":"2024-12-02T17:48:08","date_gmt":"2024-12-02T14:48:08","guid":{"rendered":"https:\/\/www.tgrthaber.com\/mavikadin\/?p=100473"},"modified":"2025-01-28T10:45:37","modified_gmt":"2025-01-28T07:45:37","slug":"uzak-sehir-boran-kimdir-uzak-sehir-boran-alborayi-kim-canlandiriyor","status":"publish","type":"post","link":"https:\/\/www.tgrthaber.com\/mavikadin\/uzak-sehir-boran-kimdir-uzak-sehir-boran-alborayi-kim-canlandiriyor\/","title":{"rendered":"Uzak \u015eehir Boran kimdir? Uzak \u015eehir Boran Albora\u2019y\u0131 kim canland\u0131r\u0131yor?"},"content":{"rendered":"<p>Kanal D ekranlar\u0131n\u0131n reyting rekortmeni yeni dizisi \u201cUzak \u015eehir\u201d ekran maceras\u0131na kald\u0131\u011f\u0131 yerden devam ediyor. Sezona yeni ba\u015flayan dizi ge\u00e7ti\u011fimiz haftalarda ilk b\u00f6l\u00fcm\u00fcyle izleyici kar\u015f\u0131s\u0131na \u00e7\u0131km\u0131\u015ft\u0131. Yay\u0131mland\u0131\u011f\u0131 g\u00fcnden bu yana seyircinin yo\u011fun ilgisini g\u00f6ren dizi, reytinglerde birinci s\u0131rada yer al\u0131yor. Bu ak\u015fam d\u00f6rd\u00fcnc\u00fc b\u00f6l\u00fcm\u00fcyle ekranlara \u00e7\u0131kacak dizi izleyiciler taraf\u0131ndan merak ediliyor. \u0130zleyici taraf\u0131ndan yo\u011fun ilgi g\u00f6ren \u2018Uzak \u015eehir\u2019 hem konusuyla hem de g\u00fc\u00e7l\u00fc oyuncu kadrosuyla dikkatleri \u00fczerine \u00e7ekiyor.<\/p>\n<p>Sinem \u00dcnsal ve Ozan Akbaba\u2019n\u0131n ba\u015frollerini payla\u015ft\u0131klar\u0131 dizide M\u00fcfit Kayacan, Gonca Cilasun, Sahra \u015ea\u015f, Alper \u00c7ankaya \u0130lkay Kayku, Nazmi K\u0131r\u0131k ve Dilin D\u00f6\u011fer gibi ba\u015far\u0131l\u0131 isimlerde yer al\u0131yor. Dizide Boran karakterine can veren oyuncunun kim oldu\u011fu da merak ediliyor. Peki, Uzak \u015eehir Boran kimdir? Uzak \u015eehir Boran Albora\u2019y\u0131 kim canland\u0131r\u0131yor?<\/p>\n<h3>UZAK \u015eEH\u0130R BORAN K\u0130MD\u0130R?<\/h3>\n<p>Uzak \u015eehir dizisinin Boran\u2019\u0131 dizinin ana karakterleri aras\u0131nda yer al\u0131yor. Boran karakteri, Mardin Midyat\u2019ta geleneklerine ba\u011fl\u0131 Albora ailesinin en b\u00fcy\u00fck o\u011flu olarak kar\u015f\u0131m\u0131za \u00e7\u0131k\u0131yor. Y\u0131llar \u00f6nce ya\u015fad\u0131\u011f\u0131 topraklardan ayr\u0131larak Kanada\u2019da kendine yeni bir hayat kuran Boran, e\u015fi ve \u00e7ocu\u011fuyla mutlu bir ya\u015fam s\u00fcrmektedir. Kanada\u2019da e\u015fi Alya ve \u00e7ocu\u011fu Deniz ile mutlu bir ya\u015fam s\u00fcrd\u00fc\u011f\u00fc s\u0131rada ani bir \u015fekilde hayat\u0131n\u0131 kaybeden Boran\u2019\u0131n \u00f6l\u00fcm\u00fc herkesi derinden yaralar.<\/p>\n<p><img loading=\"lazy\" decoding=\"async\" class=\"alignnone wp-image-100482 size-large\" src=\"https:\/\/www.tgrthaber.com\/mavikadin\/wp-content\/uploads\/Adsiz-tasarim-70-3-1024x576.jpg\" alt=\"Uzak \u015eehir Boran kimdir?\" width=\"1024\" height=\"576\" title=\"\" srcset=\"https:\/\/www.tgrthaber.com\/mavikadin\/wp-content\/uploads\/Adsiz-tasarim-70-3-1024x576.jpg 1024w, https:\/\/www.tgrthaber.com\/mavikadin\/wp-content\/uploads\/Adsiz-tasarim-70-3-300x169.jpg 300w, https:\/\/www.tgrthaber.com\/mavikadin\/wp-content\/uploads\/Adsiz-tasarim-70-3-768x432.jpg 768w, https:\/\/www.tgrthaber.com\/mavikadin\/wp-content\/uploads\/Adsiz-tasarim-70-3-1536x864.jpg 1536w, https:\/\/www.tgrthaber.com\/mavikadin\/wp-content\/uploads\/Adsiz-tasarim-70-3.jpg 1600w\" sizes=\"(max-width: 1024px) 100vw, 1024px\" \/><\/p>\n<p>Boran\u2019\u0131n \u00f6l\u00fcm\u00fc e\u015fi Alya ve \u00e7ocu\u011fu Deniz\u2019in hayat\u0131n\u0131 alt\u00fcst eder. Alya, e\u015fi Boran\u2019\u0131n vasiyetini yerine getirmek i\u00e7in \u00e7ocu\u011fu ve avukat\u0131yla Kanada\u2019dan Mardin\u2019e gelir. Alya, Boran\u2019\u0131n son iste\u011fini yerine getirerek kendi topraklar\u0131nda e\u015finin topra\u011fa verilmesini sa\u011flar. E\u015fini son yolculu\u011funa u\u011furlay\u0131p Kanada\u2019ya d\u00f6nmeyi planlayan Alya, Albora ailesi ile zorlu bir m\u00fccadele i\u00e7ine girer. Boran\u2019\u0131n ani \u00f6l\u00fcm\u00fcn\u00fcn ard\u0131nda bir s\u0131r yatmaktad\u0131r. Alya, e\u015fi Boran\u2019\u0131n ge\u00e7mi\u015fiyle y\u00fczle\u015ferek \u00f6l\u00fcm\u00fcn\u00fcn ard\u0131ndaki s\u0131r perdesini aralar.<\/p>\n<h3>UZAK \u015eEH\u0130R BORAN ALBORA\u2019YI K\u0130M CANLANDIRIYOR?<\/h3>\n<p>Uzak \u015eehir dizisinde Boran Albora\u2019y\u0131 oyanyan oyuncunun ismi bilinmiyor. Boran karakterinin y\u00fcz\u00fc ilk iki b\u00f6l\u00fcmde g\u00f6sterilmemi\u015fti. Fakat dizinin ge\u00e7ti\u011fimiz haftaki b\u00f6l\u00fcm\u00fcnde Boran karakterinin y\u00fcz\u00fcne yer verildi. Boran dizinin \u00fc\u00e7\u00fcnc\u00fc b\u00f6l\u00fcm\u00fcnde abisine b\u0131rakt\u0131\u011f\u0131 \u00f6nemli bir mesajla izleyici kar\u015f\u0131s\u0131na \u00e7\u0131kt\u0131. \u0130zleyiciler ise Boran karakterini oynayan oyuncunun kim oldu\u011funu merak etti.<\/p>\n<p><img loading=\"lazy\" decoding=\"async\" class=\"alignnone wp-image-100483 size-large\" src=\"https:\/\/www.tgrthaber.com\/mavikadin\/wp-content\/uploads\/Adsiz-tasarim-60-3-1024x576.jpg\" alt=\"Uzak \u015eehir Boran kimdir?\" width=\"1024\" height=\"576\" title=\"\" srcset=\"https:\/\/www.tgrthaber.com\/mavikadin\/wp-content\/uploads\/Adsiz-tasarim-60-3-1024x576.jpg 1024w, https:\/\/www.tgrthaber.com\/mavikadin\/wp-content\/uploads\/Adsiz-tasarim-60-3-300x169.jpg 300w, https:\/\/www.tgrthaber.com\/mavikadin\/wp-content\/uploads\/Adsiz-tasarim-60-3-768x432.jpg 768w, https:\/\/www.tgrthaber.com\/mavikadin\/wp-content\/uploads\/Adsiz-tasarim-60-3-1536x864.jpg 1536w, https:\/\/www.tgrthaber.com\/mavikadin\/wp-content\/uploads\/Adsiz-tasarim-60-3.jpg 1600w\" sizes=\"(max-width: 1024px) 100vw, 1024px\" \/><\/p>\n<p>Uzak \u015eehir dizisinde Boran karakterini oynayan oyuncunun hen\u00fcz ad\u0131 ve kim oldu\u011fu bilinmiyor. Boran karakterinin dizideki gizemi ise yava\u015f yava\u015f \u00e7\u00f6z\u00fclmeye ba\u015flan\u0131yor. Boran\u2019\u0131n \u00f6l\u00fcm\u00fcn\u00fcn ard\u0131ndaki s\u0131r perdesi ve kimin Boran\u2019\u0131 neden \u00f6ld\u00fcrd\u00fc\u011f\u00fc seyirciler taraf\u0131ndan merak ediliyor. Boran\u2019\u0131n bir trafik kazas\u0131nda hayat\u0131n\u0131 kaybetti\u011fi biliniyor. Boran\u2019\u0131n trafik kazas\u0131ndaki \u015f\u00fcpheli \u00f6l\u00fcm\u00fcnde ise bir m\u00fclteci sorumlu tutuluyor.<\/p>\n<h3>BORAN SAHNES\u0130 SON B\u00d6L\u00dcME DAMGA VURMU\u015eTU!<\/h3>\n<p>Uzak \u015eehir dizisinin yay\u0131mlanan son b\u00f6l\u00fcm\u00fcnde Boran karakterinin y\u00fcz\u00fcne yer verilmi\u015fti. \u0130lk iki b\u00f6l\u00fcmde sadece ad\u0131 ile bilinen Boran karakteri dizinin \u00fc\u00e7\u00fcnc\u00fc b\u00f6l\u00fcm\u00fcnde abisine b\u0131rakt\u0131\u011f\u0131 video ile a\u00e7\u0131\u011fa \u00e7\u0131kt\u0131.<\/p>\n<p><img loading=\"lazy\" decoding=\"async\" class=\"alignnone wp-image-100484 size-large\" src=\"https:\/\/www.tgrthaber.com\/mavikadin\/wp-content\/uploads\/Adsiz-tasarim-63-5-1024x576.jpg\" alt=\"Uzak \u015eehir Boran kimdir?\" width=\"1024\" height=\"576\" title=\"\" srcset=\"https:\/\/www.tgrthaber.com\/mavikadin\/wp-content\/uploads\/Adsiz-tasarim-63-5-1024x576.jpg 1024w, https:\/\/www.tgrthaber.com\/mavikadin\/wp-content\/uploads\/Adsiz-tasarim-63-5-300x169.jpg 300w, https:\/\/www.tgrthaber.com\/mavikadin\/wp-content\/uploads\/Adsiz-tasarim-63-5-768x432.jpg 768w, https:\/\/www.tgrthaber.com\/mavikadin\/wp-content\/uploads\/Adsiz-tasarim-63-5-1536x864.jpg 1536w, https:\/\/www.tgrthaber.com\/mavikadin\/wp-content\/uploads\/Adsiz-tasarim-63-5.jpg 1600w\" sizes=\"(max-width: 1024px) 100vw, 1024px\" \/><\/p>\n<p>Herkes taraf\u0131ndan merak edilen Boran karakteri, dizinin yay\u0131mlanan son b\u00f6l\u00fcm\u00fcne damga vurdu. Y\u0131llar \u00f6nce kan davas\u0131 y\u00fcz\u00fcnden ya\u015fad\u0131\u011f\u0131 topraklar\u0131 terk ederek kendine yeni bir hayat kuran Boran, ya\u015fam\u0131na Kanada\u2019da kald\u0131\u011f\u0131 yerden devam ediyordu. Kan davas\u0131 y\u00fcz\u00fcnden babas\u0131n\u0131n katilini \u00f6ld\u00fcrerek katil olan Boran, her \u015feyi geride b\u0131rakarak kendine yeni bir hayat kurmaya karar vermi\u015f ve Kanada\u2019da Alya ile tan\u0131\u015farak yeni bir aile olu\u015fturmu\u015ftu.<\/p>\n<p><img loading=\"lazy\" decoding=\"async\" class=\"alignnone wp-image-100485 size-large\" src=\"https:\/\/www.tgrthaber.com\/mavikadin\/wp-content\/uploads\/Adsiz-tasarim-67-3-1024x576.jpg\" alt=\"Uzak \u015eehir Boran kimdir?\" width=\"1024\" height=\"576\" title=\"\" srcset=\"https:\/\/www.tgrthaber.com\/mavikadin\/wp-content\/uploads\/Adsiz-tasarim-67-3-1024x576.jpg 1024w, https:\/\/www.tgrthaber.com\/mavikadin\/wp-content\/uploads\/Adsiz-tasarim-67-3-300x169.jpg 300w, https:\/\/www.tgrthaber.com\/mavikadin\/wp-content\/uploads\/Adsiz-tasarim-67-3-768x432.jpg 768w, https:\/\/www.tgrthaber.com\/mavikadin\/wp-content\/uploads\/Adsiz-tasarim-67-3-1536x864.jpg 1536w, https:\/\/www.tgrthaber.com\/mavikadin\/wp-content\/uploads\/Adsiz-tasarim-67-3.jpg 1600w\" sizes=\"(max-width: 1024px) 100vw, 1024px\" \/><\/p>\n<p>Mardin\u2019deki ailesiyle hi\u00e7bir \u015fekilde ba\u011flant\u0131 kurmayan Boran, Alya\u2019ya karanl\u0131k ge\u00e7mi\u015finden hi\u00e7 bahsetmemi\u015f. \u0130leride kan davas\u0131 y\u00fcz\u00fcnden kendisine bir \u015fey olursa e\u015fi ve \u00e7ocu\u011funa sahip \u00e7\u0131kmas\u0131 i\u00e7in abisi Cihan\u2019a bir video b\u0131rakan Boran, dizinin son b\u00f6l\u00fcme damga vurdu. Bora\u2019n\u0131n Abisi Cihan\u2019a b\u0131rakt\u0131\u011f\u0131 vasiyet videosu ile dizinin seyri tamamen de\u011fi\u015fecek. Boran karakterinin \u015f\u00fcpheli \u00f6l\u00fcm\u00fc ise bakal\u0131m ilerleyen b\u00f6l\u00fcmlerde nas\u0131l izleyici kar\u015f\u0131s\u0131na \u00e7\u0131kacak.<\/p>\n<h3>UZAK \u015eEH\u0130R OYUNCULARI K\u0130MLERD\u0130R?<\/h3>\n<p>Ozan Akbaba \u2013 Cihan Albora<\/p>\n<p>Sinem \u00dcnsal \u2013 Alya Albora<\/p>\n<p>Gonca Cilasun \u2013 Sadakat Albora<\/p>\n<p>Kuzey Gezer \u2013 Deniz Cihan Albora<\/p>\n<p>M\u00fcfit Kayacan \u2013 Ecmel Albora<\/p>\n<p>Alper \u00c7ankaya \u2013 \u015eahin Albora<\/p>\n<p>Ferit Kaya \u2013 Demir Baybars<\/p>\n<p>Sahra \u015ea\u015f \u2013 Nare Albora Bulut<\/p>\n<p>Atakan \u00d6zkaya \u2013 Kaya Albora<\/p>\n<p>Dilin D\u00f6\u011fer \u2013 Zerrin Albora<\/p>\n<p>Nazmi K\u0131r\u0131k \u2013 Nadim Baybars<\/p>\n<p>\u0130lkay Kayku \u2013 Fidan Albora<\/p>\n","protected":false},"excerpt":{"rendered":"<p>Uzak \u015eehir dizisinde Boran Albora karakterini kimin canland\u0131rd\u0131\u011f\u0131 izleyiciler taraf\u0131ndan merak ediliyor. Peki, Uzak \u015eehir dizisinin Boran\u2019\u0131 kimdir? Uzak \u015eehir Boran Albora\u2019y\u0131 kim canland\u0131r\u0131yor? <\/p>\n","protected":false},"author":26,"featured_media":100481,"comment_status":"closed","ping_status":"closed","sticky":false,"template":"","format":"standard","meta":{"rank_math_lock_modified_date":false,"footnotes":""},"categories":[491],"tags":[3225,2293],"class_list":["post-100473","post","type-post","status-publish","format-standard","has-post-thumbnail","hentry","category-biyografi","tag-boran","tag-uzak-sehir"],"_links":{"self":[{"href":"https:\/\/www.tgrthaber.com\/mavikadin\/wp-json\/wp\/v2\/posts\/100473"}],"collection":[{"href":"https:\/\/www.tgrthaber.com\/mavikadin\/wp-json\/wp\/v2\/posts"}],"about":[{"href":"https:\/\/www.tgrthaber.com\/mavikadin\/wp-json\/wp\/v2\/types\/post"}],"author":[{"embeddable":true,"href":"https:\/\/www.tgrthaber.com\/mavikadin\/wp-json\/wp\/v2\/users\/26"}],"replies":[{"embeddable":true,"href":"https:\/\/www.tgrthaber.com\/mavikadin\/wp-json\/wp\/v2\/comments?post=100473"}],"version-history":[{"count":5,"href":"https:\/\/www.tgrthaber.com\/mavikadin\/wp-json\/wp\/v2\/posts\/100473\/revisions"}],"predecessor-version":[{"id":126515,"href":"https:\/\/www.tgrthaber.com\/mavikadin\/wp-json\/wp\/v2\/posts\/100473\/revisions\/126515"}],"wp:featuredmedia":[{"embeddable":true,"href":"https:\/\/www.tgrthaber.com\/mavikadin\/wp-json\/wp\/v2\/media\/100481"}],"wp:attachment":[{"href":"https:\/\/www.tgrthaber.com\/mavikadin\/wp-json\/wp\/v2\/media?parent=100473"}],"wp:term":[{"taxonomy":"category","embeddable":true,"href":"https:\/\/www.tgrthaber.com\/mavikadin\/wp-json\/wp\/v2\/categories?post=100473"},{"taxonomy":"post_tag","embeddable":true,"href":"https:\/\/www.tgrthaber.com\/mavikadin\/wp-json\/wp\/v2\/tags?post=100473"}],"curies":[{"name":"wp","href":"https:\/\/api.w.org\/{rel}","templated":true}]}}