{"id":100509,"date":"2024-12-02T19:30:35","date_gmt":"2024-12-02T16:30:35","guid":{"rendered":"https:\/\/www.tgrthaber.com\/mavikadin\/?p=100509"},"modified":"2024-12-02T19:31:53","modified_gmt":"2024-12-02T16:31:53","slug":"masterchef-alper-oztamur-kimdir-evli-mi-sosyal-medya-kadinlara-yaptigi-cagriyi-konusuyor","status":"publish","type":"post","link":"https:\/\/www.tgrthaber.com\/mavikadin\/masterchef-alper-oztamur-kimdir-evli-mi-sosyal-medya-kadinlara-yaptigi-cagriyi-konusuyor\/","title":{"rendered":"MasterChef Alper \u00d6ztamur kimdir, evli mi? Sosyal medya kad\u0131nlara yapt\u0131\u011f\u0131 \u00e7a\u011fr\u0131y\u0131 konu\u015fuyor!"},"content":{"rendered":"<p class=\"p1\">TV8 ekranlar\u0131n\u0131n sevilen yar\u0131\u015fma program\u0131 MasterChef\u2019in dikkat \u00e7eken yar\u0131\u015fmac\u0131lar\u0131ndan biri olan Alper \u00d6ztamur, ge\u00e7ti\u011fimiz g\u00fcn kad\u0131nlar i\u00e7in s\u00f6yledi\u011fi s\u00f6zlerle g\u00fcndem olmu\u015f, sosyal medyadan be\u011feni ya\u011fmuruna tutulmu\u015ftu. \u00d6ztemur, \u2018Kad\u0131nlara sesleniyorum, hayatlar\u0131na ald\u0131\u011f\u0131 erke\u011fin ki\u015fisel yolculu\u011funu, ruhani yolculu\u011funu tamamlayabilmi\u015f mi bir baks\u0131nlar, duygusal davranmas\u0131nlar\u2019 yorumuyla herkesin dikkatini \u00e7ekmi\u015fti. \u0130zleyiciler \u015fimdi MasterChef Alper \u00d6ztamur kimdir, ka\u00e7 ya\u015f\u0131nda, evli mi? Nerede \u00e7al\u0131\u015f\u0131yor sorular\u0131n\u0131n yan\u0131tlar\u0131n\u0131 merak ediyor. \u0130\u015fte MasterChef Alper\u2019in hayat\u0131na dair t\u00fcm merak edilenler\u2026.<span class=\"Apple-converted-space\">\u00a0<\/span><\/p>\n<h3 class=\"p2\"><b>ALPER \u00d6ZTAMUR K\u0130MD\u0130R?<\/b><\/h3>\n<p class=\"p1\">TV8\u2019in ilgiyle izlenen yar\u0131\u015fma program\u0131 MasterChef T\u00fcrkiye\u2019nin dikkat \u00e7eken yar\u0131\u015fmac\u0131lar\u0131ndan Alper \u00d6ztamur, son g\u00fcnlerde yapt\u0131\u011f\u0131 a\u00e7\u0131klamalarla sosyal medyan\u0131n g\u00fcndemine oturdu. \u00d6ztamur, kad\u0131nlara y\u00f6nelik yapt\u0131\u011f\u0131, \u201cHayat\u0131n\u0131za ald\u0131\u011f\u0131n\u0131z erke\u011fin ki\u015fisel ve ruhani yolculu\u011funu tamamlay\u0131p tamamlamad\u0131\u011f\u0131na bak\u0131n, duygusal kararlar almay\u0131n\u201d s\u00f6zleriyle b\u00fcy\u00fck ilgi toplad\u0131. Bu yorumuyla izleyicilerden hem takdir toplad\u0131 hem de izleyicilerde yo\u011fun bir merak uyand\u0131rd\u0131.<\/p>\n<p><img loading=\"lazy\" decoding=\"async\" class=\"alignnone wp-image-100510 size-large\" src=\"https:\/\/www.tgrthaber.com\/mavikadin\/wp-content\/uploads\/Ekran-Resmi-2024-12-02-19.15.21-1024x599.png\" alt=\"alper \u00f6ztamur \" width=\"1024\" height=\"599\" title=\"\" srcset=\"https:\/\/www.tgrthaber.com\/mavikadin\/wp-content\/uploads\/Ekran-Resmi-2024-12-02-19.15.21-1024x599.png 1024w, https:\/\/www.tgrthaber.com\/mavikadin\/wp-content\/uploads\/Ekran-Resmi-2024-12-02-19.15.21-300x175.png 300w, https:\/\/www.tgrthaber.com\/mavikadin\/wp-content\/uploads\/Ekran-Resmi-2024-12-02-19.15.21-768x449.png 768w, https:\/\/www.tgrthaber.com\/mavikadin\/wp-content\/uploads\/Ekran-Resmi-2024-12-02-19.15.21-1536x898.png 1536w, https:\/\/www.tgrthaber.com\/mavikadin\/wp-content\/uploads\/Ekran-Resmi-2024-12-02-19.15.21.png 1704w\" sizes=\"(max-width: 1024px) 100vw, 1024px\" \/><\/p>\n<p class=\"p1\">MasterChef\u2019te g\u00f6sterdi\u011fi performans\u0131n yan\u0131 s\u0131ra hayat g\u00f6r\u00fc\u015f\u00fcyle de dikkat \u00e7eken Alper \u00d6ztamur, Bart\u0131n\u2019da kendine ait bir hamburger d\u00fckkan\u0131 i\u015fletiyor. Daha \u00f6nce 2022 y\u0131l\u0131nda MasterChef\u2019e kat\u0131lan ve yar\u0131\u015fmadan elenen \u00d6ztamur, bu y\u0131l azmi sayesinde ana kadroya girerek ad\u0131ndan s\u00f6z ettirmeyi ba\u015fard\u0131. \u0130zleyiciler \u015fimdi, onun hem mutfaktaki ba\u015far\u0131s\u0131n\u0131 hem de \u00f6zel hayat\u0131n\u0131 daha yak\u0131ndan tan\u0131mak i\u00e7in ara\u015ft\u0131rmalara ba\u015flad\u0131. Alper \u00d6ztamur, ya\u015fant\u0131s\u0131, i\u015fi ve ba\u015far\u0131 hikayesiyle ekranlar\u0131n ilgi oda\u011f\u0131 olmaya devam ediyor.<\/p>\n<p class=\"p1\">MasterChef T\u00fcrkiye 2024 sezonunun ana kadrosunda yer alan Alper \u00d6ztamur, mutfaktaki uzmanl\u0131\u011f\u0131 ve \u00f6zg\u00fcn tarifleriyle dikkat \u00e7ekiyor. Bart\u0131n&#8217;dan yar\u0131\u015fmaya kat\u0131lan Alper, \u00f6zellikle hamburger, d\u00f6ner ve fast food yemekleri konusundaki tecr\u00fcbesiyle \u00f6ne \u00e7\u0131k\u0131yor. Gastronomi sekt\u00f6r\u00fcnde uzun y\u0131llard\u0131r \u00e7al\u0131\u015fan \u00d6ztamur, bu alanda sahip oldu\u011fu bilgi birikimi ve deneyimiyle MasterChef mutfa\u011f\u0131nda fark olu\u015fturmay\u0131 hedefliyor. Yar\u0131\u015fman\u0131n eleme etab\u0131nda panelenmi\u015f tavuk y\u00fcre\u011fi haz\u0131rlayarak \u015feflerden tam not alan yar\u0131\u015fmac\u0131, \u00fc\u00e7 &#8220;evet&#8221; alarak ana kadroya se\u00e7ilme yolunda \u00f6nemli bir ad\u0131m att\u0131.<\/p>\n<p><img loading=\"lazy\" decoding=\"async\" class=\"alignnone wp-image-100511 size-large\" src=\"https:\/\/www.tgrthaber.com\/mavikadin\/wp-content\/uploads\/Ekran-Resmi-2024-12-02-19.15.27-1024x595.png\" alt=\"\" width=\"1024\" height=\"595\" title=\"\" srcset=\"https:\/\/www.tgrthaber.com\/mavikadin\/wp-content\/uploads\/Ekran-Resmi-2024-12-02-19.15.27-1024x595.png 1024w, https:\/\/www.tgrthaber.com\/mavikadin\/wp-content\/uploads\/Ekran-Resmi-2024-12-02-19.15.27-300x174.png 300w, https:\/\/www.tgrthaber.com\/mavikadin\/wp-content\/uploads\/Ekran-Resmi-2024-12-02-19.15.27-768x446.png 768w, https:\/\/www.tgrthaber.com\/mavikadin\/wp-content\/uploads\/Ekran-Resmi-2024-12-02-19.15.27-1536x892.png 1536w, https:\/\/www.tgrthaber.com\/mavikadin\/wp-content\/uploads\/Ekran-Resmi-2024-12-02-19.15.27.png 1588w\" sizes=\"(max-width: 1024px) 100vw, 1024px\" \/><\/p>\n<p class=\"p1\">Alper \u00d6ztamur\u2019un MasterChef maceras\u0131 asl\u0131nda 2022 y\u0131l\u0131nda ba\u015flad\u0131. O sezon da yar\u0131\u015fmaya kat\u0131lan Alper, \u00fc\u00e7l\u00fc d\u00fcellolar a\u015famas\u0131nda elenmi\u015fti. Ancak y\u0131lmadan \u00e7al\u0131\u015fmaya devam eden ve mutfak yeteneklerini geli\u015ftiren \u00d6ztamur, bu y\u0131l ana kadroya girmeyi ba\u015fararak azmini kan\u0131tlad\u0131. Bart\u0131n\u2019da kendisine ait bir hamburger restoran\u0131 i\u015fleten Alper, ayn\u0131 zamanda sosyal medyada olduk\u00e7a aktif bir isim. Instagram\u2019da\u00a0<i>alperoztmr<\/i>\u00a0kullan\u0131c\u0131 ad\u0131yla 122 bin takip\u00e7iye ula\u015fan yar\u0131\u015fmac\u0131, hem MasterChef\u2019teki an\u0131lar\u0131n\u0131 hem de \u00f6zel tariflerini takip\u00e7ileriyle payla\u015fmaya devam ediyor. Ba\u015far\u0131l\u0131 performans\u0131 ve iddial\u0131 tarz\u0131yla Alper \u00d6ztamur, yar\u0131\u015fman\u0131n favori isimleri aras\u0131nda g\u00f6steriliyor.<\/p>\n<h3 class=\"p2\"><b>SOSYAL MEDYA KADINLARA YAPTI\u011eI \u00c7A\u011eRIYI KONU\u015eUYOR\u00a0<\/b><\/h3>\n<p class=\"p1\">Yar\u0131\u015fman\u0131n ilk g\u00fcnlerinden beri d\u00fczg\u00fcn davran\u0131\u015flar\u0131 ve efendili\u011fi ile dikkat \u00e7eken Alper \u00d6ztamur, kad\u0131nlara verdi\u011fi sosyal mesajla be\u011feni toplad\u0131.\u00a0 Alper \u00d6ztamur, yar\u0131\u015fmada kad\u0131nlar i\u00e7in sosyal mesaj verdi. Alper \u00d6ztamur,<strong> &#8216;HZ. Ali\u2019nin \u00e7ok sevdi\u011fi bir laf\u0131 vard\u0131r. Der ki, hay\u0131rl\u0131 damat kazan\u0131lm\u0131\u015f bir erkek evlatt\u0131r. Ama k\u00f6t\u00fc bir damat, kaybedilmi\u015f bir k\u0131z \u00e7ocu\u011fudur. Ve bir devletin temel ta\u015f\u0131, ger\u00e7ekten bir kad\u0131nd\u0131r. Yani yeti\u015ftiren ve b\u00fcy\u00fcten kad\u0131nd\u0131r. Ben de buradan kad\u0131nlar\u0131m\u0131za sesleniyorum. L\u00fctfen hayatlar\u0131na ald\u0131klar\u0131 erke\u011fe, b\u00f6yle duygusal davranmadan baks\u0131nlar. Ki\u015fisel olgunlu\u011funu ve ruhani yolculu\u011funu tamamlamayabilmi\u015f mi?<\/strong>&#8216; s\u00f6zleriyle g\u00fcndem oldu.<\/p>\n<p><img loading=\"lazy\" decoding=\"async\" class=\"alignnone wp-image-100512 size-large\" src=\"https:\/\/www.tgrthaber.com\/mavikadin\/wp-content\/uploads\/Ekran-Resmi-2024-12-02-19.22.50-1024x652.png\" alt=\"\" width=\"1024\" height=\"652\" title=\"\" srcset=\"https:\/\/www.tgrthaber.com\/mavikadin\/wp-content\/uploads\/Ekran-Resmi-2024-12-02-19.22.50-1024x652.png 1024w, https:\/\/www.tgrthaber.com\/mavikadin\/wp-content\/uploads\/Ekran-Resmi-2024-12-02-19.22.50-300x191.png 300w, https:\/\/www.tgrthaber.com\/mavikadin\/wp-content\/uploads\/Ekran-Resmi-2024-12-02-19.22.50-768x489.png 768w, https:\/\/www.tgrthaber.com\/mavikadin\/wp-content\/uploads\/Ekran-Resmi-2024-12-02-19.22.50-1536x978.png 1536w, https:\/\/www.tgrthaber.com\/mavikadin\/wp-content\/uploads\/Ekran-Resmi-2024-12-02-19.22.50.png 1796w\" sizes=\"(max-width: 1024px) 100vw, 1024px\" \/><\/p>\n<h3 class=\"p2\"><b>MASTERCHEF ALPER KA\u00c7 YA\u015eINDA?<\/b><\/h3>\n<p class=\"p1\">Alper \u00d6ztamur\u2019un tam ya\u015f\u0131 hakk\u0131nda net bir bilgi olmasa da, gen\u00e7 ya\u015fta gastronomi d\u00fcnyas\u0131na ad\u0131m att\u0131\u011f\u0131 ve bu alanda uzun y\u0131llar \u00e7al\u0131\u015farak kendini geli\u015ftirdi\u011fi bilinmektedir. Sekt\u00f6rde edindi\u011fi deneyim ve birikim, onun MasterChef T\u00fcrkiye\u2019de \u00f6ne \u00e7\u0131kan yar\u0131\u015fmac\u0131lardan biri olmas\u0131n\u0131 sa\u011flam\u0131\u015ft\u0131r.<\/p>\n<h3 class=\"p2\"><b>MASTERCHEF ALPER EVL\u0130 M\u0130?<\/b><\/h3>\n<p class=\"p1\">Alper \u00d6ztamur\u2019un evli olup olmad\u0131\u011f\u0131na dair herhangi bir bilgi bulunmuyor.<span class=\"Apple-converted-space\">\u00a0<\/span><\/p>\n<p class=\"p1\">\n","protected":false},"excerpt":{"rendered":"<p>MasterChef T\u00fcrkiye\u2019nin dikkat \u00e7eken yar\u0131\u015fmac\u0131lar\u0131ndan Alper \u00d6ztamur, kad\u0131nlar hakk\u0131nda yapt\u0131\u011f\u0131 bir a\u00e7\u0131klamayla sosyal medyada g\u00fcndem oldu. \u201cHayat\u0131n\u0131za ald\u0131\u011f\u0131n\u0131z erke\u011fin ruhani yolculu\u011funu tamamlay\u0131p tamamlamad\u0131\u011f\u0131na bak\u0131n, duygusal olmay\u0131n\u201d s\u00f6zleriyle be\u011feni toplayan Alper, izleyicilerin ilgisini \u00e7ekti. Yar\u0131\u015fmac\u0131n\u0131n \u00f6zel hayat\u0131 ve kariyeri \u015fimdi merak konusu. Peki Alper \u00d6ztamur kimdir, ka\u00e7 ya\u015f\u0131nda? \u0130\u015fte cevab\u0131\u2026 <\/p>\n","protected":false},"author":16,"featured_media":100514,"comment_status":"closed","ping_status":"closed","sticky":false,"template":"","format":"standard","meta":{"rank_math_lock_modified_date":false,"footnotes":""},"categories":[491],"tags":[3232,3230],"class_list":["post-100509","post","type-post","status-publish","format-standard","has-post-thumbnail","hentry","category-biyografi","tag-masterchef-alper-evli-mi","tag-masterchef-alper-oztamur-kimdir"],"_links":{"self":[{"href":"https:\/\/www.tgrthaber.com\/mavikadin\/wp-json\/wp\/v2\/posts\/100509"}],"collection":[{"href":"https:\/\/www.tgrthaber.com\/mavikadin\/wp-json\/wp\/v2\/posts"}],"about":[{"href":"https:\/\/www.tgrthaber.com\/mavikadin\/wp-json\/wp\/v2\/types\/post"}],"author":[{"embeddable":true,"href":"https:\/\/www.tgrthaber.com\/mavikadin\/wp-json\/wp\/v2\/users\/16"}],"replies":[{"embeddable":true,"href":"https:\/\/www.tgrthaber.com\/mavikadin\/wp-json\/wp\/v2\/comments?post=100509"}],"version-history":[{"count":2,"href":"https:\/\/www.tgrthaber.com\/mavikadin\/wp-json\/wp\/v2\/posts\/100509\/revisions"}],"predecessor-version":[{"id":100516,"href":"https:\/\/www.tgrthaber.com\/mavikadin\/wp-json\/wp\/v2\/posts\/100509\/revisions\/100516"}],"wp:featuredmedia":[{"embeddable":true,"href":"https:\/\/www.tgrthaber.com\/mavikadin\/wp-json\/wp\/v2\/media\/100514"}],"wp:attachment":[{"href":"https:\/\/www.tgrthaber.com\/mavikadin\/wp-json\/wp\/v2\/media?parent=100509"}],"wp:term":[{"taxonomy":"category","embeddable":true,"href":"https:\/\/www.tgrthaber.com\/mavikadin\/wp-json\/wp\/v2\/categories?post=100509"},{"taxonomy":"post_tag","embeddable":true,"href":"https:\/\/www.tgrthaber.com\/mavikadin\/wp-json\/wp\/v2\/tags?post=100509"}],"curies":[{"name":"wp","href":"https:\/\/api.w.org\/{rel}","templated":true}]}}