{"id":100517,"date":"2024-12-02T19:47:02","date_gmt":"2024-12-02T16:47:02","guid":{"rendered":"https:\/\/www.tgrthaber.com\/mavikadin\/?p=100517"},"modified":"2024-12-02T19:51:28","modified_gmt":"2024-12-02T16:51:28","slug":"kalpazan-final-olmasin-sosyal-medya-ayaga-kalkti","status":"publish","type":"post","link":"https:\/\/www.tgrthaber.com\/mavikadin\/kalpazan-final-olmasin-sosyal-medya-ayaga-kalkti\/","title":{"rendered":"Kalpazan final olmas\u0131n! Sosyal medya aya\u011fa kalkt\u0131"},"content":{"rendered":"<p class=\"p1\">Show TV\u2019nin dikkat \u00e7eken yap\u0131mlar\u0131ndan\u00a0<i>Kalpazan<\/i>, g\u00fc\u00e7l\u00fc oyuncu kadrosu ve iddial\u0131 hikayesiyle b\u00fcy\u00fck beklentiler olu\u015fturmu\u015ftu. Timu\u00e7in Esen, \u00c7a\u011flar Ertu\u011frul, \u015e\u00fckran Oval\u0131 ve Deniz Baysal gibi ba\u015far\u0131l\u0131 isimleri bir araya getiren dizi, beklenmedik bir \u015fekilde ani final karar\u0131 ald\u0131. Bu karar, gece yar\u0131s\u0131 al\u0131narak sabah saatlerinde ekip ve oyunculara iletildi. Geli\u015fme, hem set ekibi aras\u0131nda \u015fa\u015fk\u0131nl\u0131\u011fa neden olurken hem de sosyal medyada b\u00fcy\u00fck bir yank\u0131 uyand\u0131rd\u0131. Sad\u0131k izleyiciler, sevilen dizinin sona ermesine tepkilerini dile getirerek karar\u0131 ele\u015ftirdi.<\/p>\n<h3>KALPAZAN F\u0130NAL YAPINCA SOSYAL MEDYA AYA\u011eA KALKTI<\/h3>\n<p class=\"p1\">Show TV\u2019nin iddial\u0131 kadrosuyla dikkat \u00e7eken dizisi\u00a0<i>Kalpazan<\/i>, Timu\u00e7in Esen, \u00c7a\u011flar Ertu\u011frul, \u015e\u00fckran Oval\u0131 ve Deniz Baysal gibi usta isimleri bir araya getirmi\u015fti. Ancak dizi, hayranlar\u0131n\u0131 \u015fa\u015f\u0131rtan bir \u015fekilde ani final karar\u0131yla ekran maceras\u0131n\u0131 noktalad\u0131. Bu karar, gece al\u0131narak sabah saatlerinde oyunculara ve ekibe bildirildi. Duyuru hem ekip i\u00e7inde hem de sosyal medyada b\u00fcy\u00fck bir yank\u0131 uyand\u0131rd\u0131. Dizinin sad\u0131k izleyicileri, beklenmedik son nedeniyle hayal k\u0131r\u0131kl\u0131\u011f\u0131na u\u011frayarak sosyal medya platformlar\u0131nda tepkilerini dile getirdi.<\/p>\n<p><img loading=\"lazy\" decoding=\"async\" class=\"alignnone wp-image-100518 size-large\" src=\"https:\/\/www.tgrthaber.com\/mavikadin\/wp-content\/uploads\/Ekran-Resmi-2024-12-02-19.42.05-1024x589.png\" alt=\"kalpazan \" width=\"1024\" height=\"589\" title=\"\" srcset=\"https:\/\/www.tgrthaber.com\/mavikadin\/wp-content\/uploads\/Ekran-Resmi-2024-12-02-19.42.05-1024x589.png 1024w, https:\/\/www.tgrthaber.com\/mavikadin\/wp-content\/uploads\/Ekran-Resmi-2024-12-02-19.42.05-300x173.png 300w, https:\/\/www.tgrthaber.com\/mavikadin\/wp-content\/uploads\/Ekran-Resmi-2024-12-02-19.42.05-768x442.png 768w, https:\/\/www.tgrthaber.com\/mavikadin\/wp-content\/uploads\/Ekran-Resmi-2024-12-02-19.42.05-1536x884.png 1536w, https:\/\/www.tgrthaber.com\/mavikadin\/wp-content\/uploads\/Ekran-Resmi-2024-12-02-19.42.05.png 1630w\" sizes=\"(max-width: 1024px) 100vw, 1024px\" \/><\/p>\n<p class=\"p1\"><i>Kalpazan<\/i>\u00a0dizisinin ani biti\u015finin ard\u0131ndaki neden de k\u0131sa s\u00fcre i\u00e7inde netlik kazand\u0131. \u0130ddialara g\u00f6re reytinglerin beklentinin alt\u0131nda kalmas\u0131 ve hik\u00e2yenin izleyiciyle beklenen ba\u011f\u0131n\u0131 kuramamas\u0131, final karar\u0131n\u0131 ka\u00e7\u0131n\u0131lmaz hale getirdi. Dizinin g\u00fc\u00e7l\u00fc oyuncu kadrosuna ve etkileyici sahnelerine ra\u011fmen, izlenme oranlar\u0131n\u0131n d\u00fc\u015f\u00fck seyretmesi, yap\u0131mc\u0131lar\u0131 ve kanal y\u00f6netimini zor bir karar almaya itti. Sosyal medyada dizinin bitirilmesini ele\u015ftiren bir\u00e7ok kullan\u0131c\u0131, projeye yeterli tan\u0131t\u0131m yap\u0131lmad\u0131\u011f\u0131n\u0131 ve hak etti\u011fi ilgiyi g\u00f6rmedi\u011fini savundu.<\/p>\n<p><img loading=\"lazy\" decoding=\"async\" class=\"alignnone wp-image-100519 size-large\" src=\"https:\/\/www.tgrthaber.com\/mavikadin\/wp-content\/uploads\/Ekran-Resmi-2024-12-02-19.41.54-1024x735.png\" alt=\"\" width=\"1024\" height=\"735\" title=\"\" srcset=\"https:\/\/www.tgrthaber.com\/mavikadin\/wp-content\/uploads\/Ekran-Resmi-2024-12-02-19.41.54-1024x735.png 1024w, https:\/\/www.tgrthaber.com\/mavikadin\/wp-content\/uploads\/Ekran-Resmi-2024-12-02-19.41.54-300x215.png 300w, https:\/\/www.tgrthaber.com\/mavikadin\/wp-content\/uploads\/Ekran-Resmi-2024-12-02-19.41.54-768x551.png 768w, https:\/\/www.tgrthaber.com\/mavikadin\/wp-content\/uploads\/Ekran-Resmi-2024-12-02-19.41.54-1536x1103.png 1536w, https:\/\/www.tgrthaber.com\/mavikadin\/wp-content\/uploads\/Ekran-Resmi-2024-12-02-19.41.54.png 1694w\" sizes=\"(max-width: 1024px) 100vw, 1024px\" \/><\/p>\n<p class=\"p1\">Dizinin ani finali, T\u00fcrk dizi sekt\u00f6r\u00fcnde s\u0131k\u00e7a kar\u015f\u0131la\u015f\u0131lan reyting odakl\u0131 kararlar\u0131n bir \u00f6rne\u011fi olarak dikkat \u00e7ekiyor. <i>Kalpazan<\/i>, k\u0131sa s\u00fcren yay\u0131n hayat\u0131na ra\u011fmen kaliteli prod\u00fcksiyonu ve ba\u015far\u0131l\u0131 oyunculuk performanslar\u0131yla izleyicilerde iz b\u0131rakmay\u0131 ba\u015fard\u0131.<\/p>\n<h3 class=\"p1\">B\u0130TME NEDEN\u0130 ORTAYA \u00c7IKTI<\/h3>\n<p class=\"p1\">Dizinin biti\u015f nedenine dair detaylar da netlik kazand\u0131. Gazeteci Birsen Altunta\u015f\u2019\u0131n aktard\u0131\u011f\u0131na g\u00f6re,\u00a0<i>Kalpazan<\/i> dizisinin maliyetinin olduk\u00e7a y\u00fcksek olmas\u0131, ancak b\u00f6l\u00fcm ba\u015f\u0131na elde edilen reklam gelirinin bu maliyeti kar\u015f\u0131layamamas\u0131 final karar\u0131n\u0131 ka\u00e7\u0131n\u0131lmaz hale getirdi. Hen\u00fcz yeni bir yap\u0131m oldu\u011fu i\u00e7in yurt d\u0131\u015f\u0131 sat\u0131\u015flar\u0131n\u0131n ger\u00e7ekle\u015fmemesi de zarar\u0131 art\u0131ran fakt\u00f6rlerden biri oldu.<\/p>\n<p class=\"p1\">Buna kar\u015f\u0131n, ayn\u0131 yap\u0131m \u015firketine ait <i>Sand\u0131k Kokusu<\/i>\u00a0dizisinin daha d\u00fc\u015f\u00fck reytinglere ra\u011fmen devam edebilmesinde yurt d\u0131\u015f\u0131 sat\u0131\u015flar\u0131ndan elde edilen gelirin etkili oldu\u011fu belirtildi. Bu durum, dizilerin gelece\u011fini belirleyen fakt\u00f6rler aras\u0131nda yaln\u0131zca reytinglerin de\u011fil\u00a0uluslararas\u0131 pazarda olu\u015furulan de\u011ferin de \u00f6nemli bir rol oynad\u0131\u011f\u0131n\u0131 g\u00f6zler \u00f6n\u00fcne serdi.<\/p>\n<p>&nbsp;<\/p>\n","protected":false},"excerpt":{"rendered":"<p>Show TV\u2019nin iddial\u0131 projelerinden\u00a0Kalpazan, Timu\u00e7in Esen, \u00c7a\u011flar Ertu\u011frul, \u015e\u00fckran Oval\u0131 ve Deniz Baysal gibi ba\u015far\u0131l\u0131 isimlerin yer ald\u0131\u011f\u0131 g\u00fc\u00e7l\u00fc kadrosuyla dikkat \u00e7ekmi\u015fti. Ancak dizi, ani bir kararla ekranlara veda etti. Gece al\u0131nan final karar\u0131, sabah saatlerinde oyunculara ve ekibe bildirildi. Bu beklenmedik geli\u015fme, hem ekipte hem de sosyal medyada \u015fa\u015fk\u0131nl\u0131\u011fa neden olurken, izleyiciler karar\u0131 ele\u015ftirerek tepkilerini dile getirdi.\u2028<\/p>\n","protected":false},"author":16,"featured_media":100520,"comment_status":"closed","ping_status":"closed","sticky":false,"template":"","format":"standard","meta":{"rank_math_lock_modified_date":false,"footnotes":""},"categories":[602],"tags":[2958,3233],"class_list":["post-100517","post","type-post","status-publish","format-standard","has-post-thumbnail","hentry","category-diziler","tag-kalpazan-final","tag-kalpazan-neden-bitti"],"_links":{"self":[{"href":"https:\/\/www.tgrthaber.com\/mavikadin\/wp-json\/wp\/v2\/posts\/100517"}],"collection":[{"href":"https:\/\/www.tgrthaber.com\/mavikadin\/wp-json\/wp\/v2\/posts"}],"about":[{"href":"https:\/\/www.tgrthaber.com\/mavikadin\/wp-json\/wp\/v2\/types\/post"}],"author":[{"embeddable":true,"href":"https:\/\/www.tgrthaber.com\/mavikadin\/wp-json\/wp\/v2\/users\/16"}],"replies":[{"embeddable":true,"href":"https:\/\/www.tgrthaber.com\/mavikadin\/wp-json\/wp\/v2\/comments?post=100517"}],"version-history":[{"count":3,"href":"https:\/\/www.tgrthaber.com\/mavikadin\/wp-json\/wp\/v2\/posts\/100517\/revisions"}],"predecessor-version":[{"id":100523,"href":"https:\/\/www.tgrthaber.com\/mavikadin\/wp-json\/wp\/v2\/posts\/100517\/revisions\/100523"}],"wp:featuredmedia":[{"embeddable":true,"href":"https:\/\/www.tgrthaber.com\/mavikadin\/wp-json\/wp\/v2\/media\/100520"}],"wp:attachment":[{"href":"https:\/\/www.tgrthaber.com\/mavikadin\/wp-json\/wp\/v2\/media?parent=100517"}],"wp:term":[{"taxonomy":"category","embeddable":true,"href":"https:\/\/www.tgrthaber.com\/mavikadin\/wp-json\/wp\/v2\/categories?post=100517"},{"taxonomy":"post_tag","embeddable":true,"href":"https:\/\/www.tgrthaber.com\/mavikadin\/wp-json\/wp\/v2\/tags?post=100517"}],"curies":[{"name":"wp","href":"https:\/\/api.w.org\/{rel}","templated":true}]}}