{"id":100579,"date":"2024-12-02T21:50:47","date_gmt":"2024-12-02T18:50:47","guid":{"rendered":"https:\/\/www.tgrthaber.com\/mavikadin\/?p=100579"},"modified":"2024-12-02T21:50:48","modified_gmt":"2024-12-02T18:50:48","slug":"giray-altinokun-yoksulluk-hikayesi-yurek-burktu","status":"publish","type":"post","link":"https:\/\/www.tgrthaber.com\/mavikadin\/giray-altinokun-yoksulluk-hikayesi-yurek-burktu\/","title":{"rendered":"Giray Alt\u0131nok&#8217;un yoksulluk hikayesi y\u00fcrek burktu"},"content":{"rendered":"<p>Hem kariyerindeki ba\u015far\u0131lar\u0131yla hem de i\u00e7ten sohbetleriyle herkesin be\u011fenisini kazanan \u00fcnl\u00fc oyuncu, ge\u00e7ti\u011fimiz g\u00fcnlerde \u0130brahim Selim&#8217;in sundu\u011fu Bu Gece program\u0131n\u0131n konu\u011fu oldu. \u0130zleyenlerin samimi tav\u0131rlar\u0131yla takdir etti\u011fi Alt\u0131nok, bu kez duygusal bir an\u0131 payla\u015ft\u0131. \u0130stanbul\u2019a ilk geldi\u011fi y\u0131llarda ya\u015fad\u0131\u011f\u0131 maddi zorluklar\u0131 anlatan Alt\u0131nok, \u201c3 g\u00fcn yemek yemedi\u011fimiz oldu\u201d diyerek o d\u00f6nemi hat\u0131rlatt\u0131. Giray Alt\u0131nok&#8217;un yoksulluk hikayesi y\u00fcrek burktu.<\/p>\n<h3>G\u0130RAY ALTINOK&#8217;UN YOKSULLUK H\u0130KAYES\u0130 Y\u00dcREK BURKTU<\/h3>\n<p>Bir\u00e7ok ki\u015finin G\u00fcld\u00fcr G\u00fcld\u00fcr program\u0131yla tan\u0131d\u0131\u011f\u0131 Giray Alt\u0131nok, asl\u0131nda ilk kez Kaybedenler Kul\u00fcb\u00fc filminde oynad\u0131\u011f\u0131 &#8216;Ressam Hakan&#8217; karakteriyle hayat\u0131m\u0131za girmi\u015fti.\u00a0Rol ald\u0131\u011f\u0131 her projede g\u00f6zleri \u00fczerine toplamay\u0131 ba\u015faran \u00fcnl\u00fc oyuncu, \u015fu s\u0131ralar dijital bir platformda yay\u0131mlanan Prens dizisiyle b\u00fcy\u00fck bir etki meydana getiriyor.\u00a0Son d\u00f6nemlerin en fazla ilgi g\u00f6ren komedi projelerinden birinde ba\u015frol oynayarak mevcut takip\u00e7i kitlesini daha da b\u00fcy\u00fcten Giray Alt\u0131nok&#8217;un yoksulluk hikayesi y\u00fcrek burktu.<\/p>\n<div style=\"width: 576px;\" class=\"wp-video\"><!--[if lt IE 9]><script>document.createElement('video');<\/script><![endif]-->\n<video class=\"wp-video-shortcode\" id=\"video-100579-1\" width=\"576\" height=\"1024\" preload=\"metadata\" controls=\"controls\"><source type=\"video\/mp4\" src=\"https:\/\/www.tgrthaber.com\/mavikadin\/wp-content\/uploads\/qgCvumq8JbedA1B6.mp4?_=1\" \/><a href=\"https:\/\/www.tgrthaber.com\/mavikadin\/wp-content\/uploads\/qgCvumq8JbedA1B6.mp4\">https:\/\/www.tgrthaber.com\/mavikadin\/wp-content\/uploads\/qgCvumq8JbedA1B6.mp4<\/a><\/video><\/div>\n<h3>&#8220;HAYATIMDA \u0130LK KEZ BU KADAR BA\u011eIRARAK A\u011eLADIM&#8221;<\/h3>\n<p>Sempatikli\u011fi, \u00fcnl\u00fcler d\u00fcnyas\u0131nda \u00f6rnek g\u00f6sterilecek nitelikteki aile ya\u015fam\u0131 ve do\u011fall\u0131\u011f\u0131 ile her y\u00f6n\u00fcyle dikkatleri \u00fczerine \u00e7ekmeyi ba\u015fard\u0131. \u00dcnl\u00fc oyuncu, yak\u0131n zamanda \u0130brahim Selim&#8217;in sundu\u011fu Bu Gece program\u0131na kat\u0131ld\u0131. Payla\u015ft\u0131\u011f\u0131 her anekdotla izleyenleri g\u00fcld\u00fcren Alt\u0131nok, bir hikayesiyle duyguland\u0131rmay\u0131 da ba\u015fard\u0131.<\/p>\n<figure id=\"attachment_100591\" aria-describedby=\"caption-attachment-100591\" style=\"width: 819px\" class=\"wp-caption alignnone\"><img loading=\"lazy\" decoding=\"async\" class=\"wp-image-100591 size-large\" src=\"https:\/\/www.tgrthaber.com\/mavikadin\/wp-content\/uploads\/s-4afda9841f7720b43fcc1b715ad4ca13436344ec-819x1024.jpg\" alt=\"Giray Alt\u0131nok ve e\u015fi\" width=\"819\" height=\"1024\" title=\"\" srcset=\"https:\/\/www.tgrthaber.com\/mavikadin\/wp-content\/uploads\/s-4afda9841f7720b43fcc1b715ad4ca13436344ec-819x1024.jpg 819w, https:\/\/www.tgrthaber.com\/mavikadin\/wp-content\/uploads\/s-4afda9841f7720b43fcc1b715ad4ca13436344ec-240x300.jpg 240w, https:\/\/www.tgrthaber.com\/mavikadin\/wp-content\/uploads\/s-4afda9841f7720b43fcc1b715ad4ca13436344ec-768x960.jpg 768w, https:\/\/www.tgrthaber.com\/mavikadin\/wp-content\/uploads\/s-4afda9841f7720b43fcc1b715ad4ca13436344ec.jpg 1200w\" sizes=\"(max-width: 819px) 100vw, 819px\" \/><figcaption id=\"caption-attachment-100591\" class=\"wp-caption-text\">Giray Alt\u0131nok ve e\u015fi<\/figcaption><\/figure>\n<p>\u0130stanbul&#8217;a i\u015f ama\u00e7l\u0131 geldi\u011fi ilk zamanlarda, ev arkada\u015f\u0131 Ozan ile birlikte ge\u00e7irdi\u011fi zorlu d\u00f6nemi, \u201c3 g\u00fcn a\u00e7 kald\u0131\u011f\u0131m\u0131z oldu\u201d diyerek anlatt\u0131. \u201c\u00dcst sokaktaki bakkala gidip yiyecek istemi\u015ftim\u201d dedikten sonra, bakkalla ya\u015fad\u0131\u011f\u0131 konu\u015fmay\u0131 payla\u015ft\u0131 ve ard\u0131ndan, \u201cHayat\u0131mda ilk kez bu kadar ba\u011f\u0131rarak a\u011flam\u0131\u015ft\u0131m\u201d diye ekledi.<\/p>\n","protected":false},"excerpt":{"rendered":"<p>Prens dizisiyle b\u00fcy\u00fck bir \u00e7\u0131k\u0131\u015f yakalayan Giray Alt\u0131nok, son d\u00f6nemin en \u00e7ok konu\u015fulan oyuncular\u0131ndan biri haline gelerek ad\u0131ndan s\u00f6z ettirmeye devam ediyor. Son olarak kat\u0131ld\u0131\u011f\u0131 bir programda samimi a\u00e7\u0131klamalarda bulunan Giray Alt\u0131nok&#8217;un yoksulluk hikayesi y\u00fcrek burktu.<\/p>\n","protected":false},"author":2,"featured_media":100588,"comment_status":"closed","ping_status":"closed","sticky":false,"template":"","format":"standard","meta":{"rank_math_lock_modified_date":false,"footnotes":""},"categories":[76],"tags":[3251,133,2218,3252],"class_list":["post-100579","post","type-post","status-publish","format-standard","has-post-thumbnail","hentry","category-magazin","tag-giray-altinok","tag-magazin","tag-magazin-haberleri","tag-prens"],"_links":{"self":[{"href":"https:\/\/www.tgrthaber.com\/mavikadin\/wp-json\/wp\/v2\/posts\/100579"}],"collection":[{"href":"https:\/\/www.tgrthaber.com\/mavikadin\/wp-json\/wp\/v2\/posts"}],"about":[{"href":"https:\/\/www.tgrthaber.com\/mavikadin\/wp-json\/wp\/v2\/types\/post"}],"author":[{"embeddable":true,"href":"https:\/\/www.tgrthaber.com\/mavikadin\/wp-json\/wp\/v2\/users\/2"}],"replies":[{"embeddable":true,"href":"https:\/\/www.tgrthaber.com\/mavikadin\/wp-json\/wp\/v2\/comments?post=100579"}],"version-history":[{"count":2,"href":"https:\/\/www.tgrthaber.com\/mavikadin\/wp-json\/wp\/v2\/posts\/100579\/revisions"}],"predecessor-version":[{"id":100593,"href":"https:\/\/www.tgrthaber.com\/mavikadin\/wp-json\/wp\/v2\/posts\/100579\/revisions\/100593"}],"wp:featuredmedia":[{"embeddable":true,"href":"https:\/\/www.tgrthaber.com\/mavikadin\/wp-json\/wp\/v2\/media\/100588"}],"wp:attachment":[{"href":"https:\/\/www.tgrthaber.com\/mavikadin\/wp-json\/wp\/v2\/media?parent=100579"}],"wp:term":[{"taxonomy":"category","embeddable":true,"href":"https:\/\/www.tgrthaber.com\/mavikadin\/wp-json\/wp\/v2\/categories?post=100579"},{"taxonomy":"post_tag","embeddable":true,"href":"https:\/\/www.tgrthaber.com\/mavikadin\/wp-json\/wp\/v2\/tags?post=100579"}],"curies":[{"name":"wp","href":"https:\/\/api.w.org\/{rel}","templated":true}]}}