{"id":100607,"date":"2024-12-02T22:27:07","date_gmt":"2024-12-02T19:27:07","guid":{"rendered":"https:\/\/www.tgrthaber.com\/mavikadin\/?p=100607"},"modified":"2024-12-03T11:09:15","modified_gmt":"2024-12-03T08:09:15","slug":"gq-men-of-the-year-2024-odulleri-sahiplerini-buldu","status":"publish","type":"post","link":"https:\/\/www.tgrthaber.com\/mavikadin\/gq-men-of-the-year-2024-odulleri-sahiplerini-buldu\/","title":{"rendered":"GQ Men of the Year 2024 \u00f6d\u00fclleri sahiplerini buldu! Kim hangi \u00f6d\u00fcl\u00fc ald\u0131"},"content":{"rendered":"<p>Y\u0131l\u0131n en prestijli etkinliklerinden biri olan GQ Men of the Year 2024 \u00f6d\u00fcl t\u00f6reni bu ak\u015fam ger\u00e7ekle\u015fti. Her y\u0131l oldu\u011fu gibi bu y\u0131l da i\u015f, sanat, spor ve e\u011flence d\u00fcnyas\u0131ndan birbirinden ba\u015far\u0131l\u0131 isimler \u00f6d\u00fcllerini almak i\u00e7in bir araya geldi. T\u00f6ren, hem \u00f6d\u00fcl kazanan isimler hem de k\u0131rm\u0131z\u0131 hal\u0131daki \u015f\u0131kl\u0131k yar\u0131\u015f\u0131yla b\u00fcy\u00fck bir heyecanla takip edildi.\u00a0 GQ Men of the Year 2024 \u00f6d\u00fcl alan isimler haberimizde&#8230;<\/p>\n<p><strong>GQ Men of the Year 2024 \u00d6d\u00fclleri Sahiplerini Buldu<\/strong><\/p>\n<p>GQ Men of the Year \u00f6d\u00fclleri, y\u0131l boyunca kendi alanlar\u0131nda fark yaratan, ba\u015far\u0131lar\u0131yla ilham veren ve unutulmaz izler b\u0131rakan isimlere veriliyor. Bu y\u0131lki t\u00f6rende \u00f6d\u00fcl alan isimler&#8230;<\/p>\n<p><img loading=\"lazy\" decoding=\"async\" class=\"alignnone wp-image-100611\" src=\"https:\/\/www.tgrthaber.com\/mavikadin\/wp-content\/uploads\/Ekran-goruntusu-2024-12-02-222714.png\" alt=\"\" width=\"1127\" height=\"638\" title=\"\" srcset=\"https:\/\/www.tgrthaber.com\/mavikadin\/wp-content\/uploads\/Ekran-goruntusu-2024-12-02-222714.png 857w, https:\/\/www.tgrthaber.com\/mavikadin\/wp-content\/uploads\/Ekran-goruntusu-2024-12-02-222714-300x170.png 300w, https:\/\/www.tgrthaber.com\/mavikadin\/wp-content\/uploads\/Ekran-goruntusu-2024-12-02-222714-768x435.png 768w\" sizes=\"(max-width: 1127px) 100vw, 1127px\" \/><\/p>\n<p>Y\u0131l\u0131n Ekran y\u0131ld\u0131z\u0131 \u00f6d\u00fcl\u00fc: Burak Deniz<\/p>\n<p>Y\u0131l\u0131n stil sahibi erke\u011fi \u00f6d\u00fcl\u00fc: Can Hakko<\/p>\n<p>Y\u0131l\u0131n oyuncusu \u00f6d\u00fcl\u00fc: Ekin Ko\u00e7<\/p>\n<p>Cesaret \u00f6d\u00fcl\u00fc: Kerem Kazaz<\/p>\n<p>Y\u0131l\u0131n y\u00fckselen y\u0131ld\u0131z erkek oyuncusu \u00f6d\u00fcl\u00fc: Burak Berkay Akg\u00fcl<\/p>\n<p>Y\u0131l\u0131n Sporcusu \u00f6d\u00fcl\u00fc: Yusuf Dike\u00e7<\/p>\n<p>Y\u0131l\u0131n moda tasar\u0131mc\u0131s\u0131 \u00f6d\u00fcl\u00fc: Emre Erdemo\u011flu<\/p>\n<p>Y\u0131l\u0131n komedi insan\u0131 \u00f6d\u00fcl\u00fc: Zafer Alg\u00f6z<\/p>\n<p>Y\u0131l\u0131n \u015fefi \u00f6d\u00fcl\u00fc: Mehmet Akda\u011f<\/p>\n<p>Y\u0131l\u0131n HYPE&#8217;I \u00f6d\u00fcl\u00fc: Mert Demir<\/p>\n<p>Y\u0131l\u0131n g\u00f6z al\u0131c\u0131 ba\u015far\u0131 \u00f6d\u00fcl\u00fc: Afra Sara\u00e7o\u011flu<\/p>\n<p>Y\u0131l\u0131n Uluslararas\u0131 ba\u015far\u0131s\u0131 \u00f6d\u00fcl\u00fc: \u0130lker Kaleli<\/p>\n<p>Y\u0131l\u0131n kad\u0131n oyuncusu \u00f6d\u00fcl\u00fc: G\u00f6k\u00e7e Bahad\u0131r<\/p>\n<p><img loading=\"lazy\" decoding=\"async\" class=\"alignnone wp-image-100622\" src=\"https:\/\/www.tgrthaber.com\/mavikadin\/wp-content\/uploads\/Ekran-goruntusu-2024-12-02-224300.png\" alt=\"\" width=\"1121\" height=\"681\" title=\"\" srcset=\"https:\/\/www.tgrthaber.com\/mavikadin\/wp-content\/uploads\/Ekran-goruntusu-2024-12-02-224300.png 826w, https:\/\/www.tgrthaber.com\/mavikadin\/wp-content\/uploads\/Ekran-goruntusu-2024-12-02-224300-300x182.png 300w, https:\/\/www.tgrthaber.com\/mavikadin\/wp-content\/uploads\/Ekran-goruntusu-2024-12-02-224300-768x467.png 768w\" sizes=\"(max-width: 1121px) 100vw, 1121px\" \/><\/p>\n","protected":false},"excerpt":{"rendered":"<p>Y\u0131l\u0131n beklenen \u00f6d\u00fcl t\u00f6reni GQ Men of the Year 2024 \u00f6d\u00fclleri bu ak\u015fam sahiplerini buldu. GQ Men of the Year 2024&#8217;te kim hangi \u00f6d\u00fcl\u00fc ald\u0131? \u0130\u015fte GQ Men of the Year 2024 \u00f6d\u00fcl t\u00f6reninde \u00f6d\u00fcl alan isimler&#8230;<\/p>\n","protected":false},"author":4,"featured_media":100608,"comment_status":"closed","ping_status":"closed","sticky":false,"template":"","format":"standard","meta":{"rank_math_lock_modified_date":false,"footnotes":""},"categories":[76],"tags":[3258,3257],"class_list":["post-100607","post","type-post","status-publish","format-standard","has-post-thumbnail","hentry","category-magazin","tag-gq-men-of-the-year","tag-gq-men-of-the-year-2024"],"_links":{"self":[{"href":"https:\/\/www.tgrthaber.com\/mavikadin\/wp-json\/wp\/v2\/posts\/100607"}],"collection":[{"href":"https:\/\/www.tgrthaber.com\/mavikadin\/wp-json\/wp\/v2\/posts"}],"about":[{"href":"https:\/\/www.tgrthaber.com\/mavikadin\/wp-json\/wp\/v2\/types\/post"}],"author":[{"embeddable":true,"href":"https:\/\/www.tgrthaber.com\/mavikadin\/wp-json\/wp\/v2\/users\/4"}],"replies":[{"embeddable":true,"href":"https:\/\/www.tgrthaber.com\/mavikadin\/wp-json\/wp\/v2\/comments?post=100607"}],"version-history":[{"count":10,"href":"https:\/\/www.tgrthaber.com\/mavikadin\/wp-json\/wp\/v2\/posts\/100607\/revisions"}],"predecessor-version":[{"id":100699,"href":"https:\/\/www.tgrthaber.com\/mavikadin\/wp-json\/wp\/v2\/posts\/100607\/revisions\/100699"}],"wp:featuredmedia":[{"embeddable":true,"href":"https:\/\/www.tgrthaber.com\/mavikadin\/wp-json\/wp\/v2\/media\/100608"}],"wp:attachment":[{"href":"https:\/\/www.tgrthaber.com\/mavikadin\/wp-json\/wp\/v2\/media?parent=100607"}],"wp:term":[{"taxonomy":"category","embeddable":true,"href":"https:\/\/www.tgrthaber.com\/mavikadin\/wp-json\/wp\/v2\/categories?post=100607"},{"taxonomy":"post_tag","embeddable":true,"href":"https:\/\/www.tgrthaber.com\/mavikadin\/wp-json\/wp\/v2\/tags?post=100607"}],"curies":[{"name":"wp","href":"https:\/\/api.w.org\/{rel}","templated":true}]}}