{"id":100624,"date":"2024-12-02T23:00:56","date_gmt":"2024-12-02T20:00:56","guid":{"rendered":"https:\/\/www.tgrthaber.com\/mavikadin\/?p=100624"},"modified":"2024-12-02T23:00:56","modified_gmt":"2024-12-02T20:00:56","slug":"afra-saracoglu-odul-konusmasinda-gozyaslarina-boguldu","status":"publish","type":"post","link":"https:\/\/www.tgrthaber.com\/mavikadin\/afra-saracoglu-odul-konusmasinda-gozyaslarina-boguldu\/","title":{"rendered":"Afra Sara\u00e7o\u011flu \u00f6d\u00fcl konu\u015fmas\u0131nda g\u00f6zya\u015flar\u0131na bo\u011fuldu"},"content":{"rendered":"<p>Y\u0131l\u0131n en prestijli \u00f6d\u00fcllerinden biri olarak g\u00f6r\u00fclen ve birbirinden \u00fcnl\u00fc isimlerin adeta \u015f\u0131kl\u0131k yar\u0131\u015f\u0131na girdi\u011fi \u00f6zel GQ \u00d6d\u00fcl T\u00f6reni&#8217;nde Afra Sara\u00e7o\u011flu \u00f6d\u00fcl konu\u015fmas\u0131nda g\u00f6zya\u015flar\u0131na bo\u011fuldu. \u00dcnl\u00fc isim annesine ve ablas\u0131na te\u015fekk\u00fcr etti\u011fi anlarda konu\u015fmakta zorluk \u00e7ekti.<\/p>\n<h3>AFRA SARA\u00c7O\u011eLU \u00d6D\u00dcL KONU\u015eMASINDA G\u00d6ZYA\u015eLARINA BO\u011eULDU<\/h3>\n<p>\u00d6d\u00fcl t\u00f6renine k\u0131rm\u0131z\u0131 elbisesi ile damga vuran Afra Sara\u00e7o\u011flu sahneye \u00e7\u0131k\u0131p te\u015fekk\u00fcr konu\u015fmas\u0131nda g\u00f6zya\u015flar\u0131na bo\u011fuldu. T\u00f6ren ba\u015flamadan \u00f6nce de gazetecilerle sohbet eden \u00fcnl\u00fc isim, erkek arkada\u015f\u0131 Mert Ramazan Demir hakk\u0131nda soru sorulunca r\u00f6portaj\u0131 kesip gitmek istedi. Nazik\u00e7e sorular\u0131 cevaplamay\u0131 reddeden Sara\u00e7o\u011flu, \u00f6d\u00fcl t\u00f6renine damga vurdu.<\/p>\n<div style=\"width: 640px;\" class=\"wp-video\"><!--[if lt IE 9]><script>document.createElement('video');<\/script><![endif]-->\n<video class=\"wp-video-shortcode\" id=\"video-100624-1\" width=\"640\" height=\"353\" preload=\"metadata\" controls=\"controls\"><source type=\"video\/mp4\" src=\"https:\/\/www.tgrthaber.com\/mavikadin\/wp-content\/uploads\/afra_saracoglu.mp4?_=1\" \/><a href=\"https:\/\/www.tgrthaber.com\/mavikadin\/wp-content\/uploads\/afra_saracoglu.mp4\">https:\/\/www.tgrthaber.com\/mavikadin\/wp-content\/uploads\/afra_saracoglu.mp4<\/a><\/video><\/div>\n<h3>AFRA SARA\u00c7O\u011eLU K\u0130MD\u0130R?<\/h3>\n<p>Afra Sara\u00e7o\u011flu, 2 Aral\u0131k 1997&#8217;de Bal\u0131kesir&#8217;in Edremit il\u00e7esinde d\u00fcnyaya geldi. \u0130lkokul ve ortaokul e\u011fitimini Antalya&#8217;da tamamlad\u0131. Ard\u0131ndan Eski\u015fehir Osmangazi \u00dcniversitesi Kar\u015f\u0131la\u015ft\u0131rmal\u0131 Edebiyat B\u00f6l\u00fcm\u00fc&#8217;ne kabul edilen Afra, \u00fcniversite e\u011fitimine devam ederken 2016 y\u0131l\u0131nda \u0130kinci \u015eans filmiyle oyunculuk kariyerine ilk ad\u0131m\u0131n\u0131 att\u0131.<\/p>\n<p>Sara\u00e7o\u011flu, 2016 y\u0131l\u0131nda \u00d6zcan Deniz&#8217;in y\u00f6netti\u011fi \u0130kinci \u015eans filmiyle oyunculu\u011fa ad\u0131m att\u0131. Annesinin Afra&#8217;n\u0131n foto\u011fraf\u0131n\u0131 \u00d6zcan Deniz\u2019e g\u00f6ndermesi \u00fczerine Afra, deneme \u00e7ekimlerine davet edildi ve filmde rol ald\u0131. \u00d6zcan Deniz ile Nurg\u00fcl Ye\u015fil\u00e7ay&#8217;\u0131n ba\u015frollerini payla\u015ft\u0131\u011f\u0131 bu filmde, Afra Sara\u00e7o\u011flu, Nurg\u00fcl Ye\u015fil\u00e7ay\u2019\u0131n k\u0131z\u0131n\u0131 oynad\u0131.<\/p>\n<figure id=\"attachment_100629\" aria-describedby=\"caption-attachment-100629\" style=\"width: 1024px\" class=\"wp-caption alignnone\"><img loading=\"lazy\" decoding=\"async\" class=\"wp-image-100629 size-large\" src=\"https:\/\/www.tgrthaber.com\/mavikadin\/wp-content\/uploads\/iii-1024x576.jpg\" alt=\"Afra Sara\u00e7o\u011flu\" width=\"1024\" height=\"576\" title=\"\" srcset=\"https:\/\/www.tgrthaber.com\/mavikadin\/wp-content\/uploads\/iii-1024x576.jpg 1024w, https:\/\/www.tgrthaber.com\/mavikadin\/wp-content\/uploads\/iii-300x169.jpg 300w, https:\/\/www.tgrthaber.com\/mavikadin\/wp-content\/uploads\/iii-768x432.jpg 768w, https:\/\/www.tgrthaber.com\/mavikadin\/wp-content\/uploads\/iii-1536x864.jpg 1536w, https:\/\/www.tgrthaber.com\/mavikadin\/wp-content\/uploads\/iii.jpg 1600w\" sizes=\"(max-width: 1024px) 100vw, 1024px\" \/><figcaption id=\"caption-attachment-100629\" class=\"wp-caption-text\">Afra Sara\u00e7o\u011flu<\/figcaption><\/figure>\n<p>2017-2018 y\u0131llar\u0131 aras\u0131nda yay\u0131nlanan ve b\u00fcy\u00fck ilgi g\u00f6ren Fazilet Han\u0131m ve K\u0131zlar\u0131 adl\u0131 dizisinde, 50 b\u00f6l\u00fcm boyunca Ece karakterine hayat verdi. Bu dizi, ona geni\u015f bir izleyici kitlesi kazand\u0131rd\u0131. Ard\u0131ndan, K\u00f6t\u00fc \u00c7ocuk filminde Tolga Sar\u0131ta\u015f ile ba\u015frol\u00fc payla\u015ft\u0131.<\/p>\n<p>2018 y\u0131l\u0131nda, Hummel ve Pantene markalar\u0131n\u0131n reklam y\u00fcz\u00fc olarak tan\u0131nmaya devam eden Afra, ayn\u0131 y\u0131l \u0130yi Oyun ve A\u015fk Bu Mu? gibi filmlerde de rol ald\u0131. 2019 y\u0131l\u0131nda, Mehmet Aslantu\u011f ile birlikte Karde\u015f \u00c7ocuklar\u0131 adl\u0131 dizinin kadrosunda yer ald\u0131. Dizi, 21 b\u00f6l\u00fcm s\u00fcrd\u00fc. 2020 y\u0131l\u0131nda ise \u00d6\u011fretmen adl\u0131 dizide rol ald\u0131.<\/p>\n<p>2021 y\u0131l\u0131, Afra Sara\u00e7o\u011flu i\u00e7in \u00f6nemli bir d\u00f6n\u00fcm noktas\u0131 oldu. \u00c7a\u011fan Irmak\u2019\u0131n y\u00f6netti\u011fi Ye\u015fil\u00e7am dizisinde, ba\u015frol oyuncusu \u00c7a\u011fatay Ulusoy ile birlikte rol ald\u0131. Ayn\u0131 y\u0131l, Cornetto ve Koton markalar\u0131n\u0131n reklam y\u00fcz\u00fc oldu. Ayr\u0131ca, Bir Barda Bir Gece adl\u0131 tiyatro oyununda Nurg\u00fcl Ye\u015fil\u00e7ay ile birlikte sahne ald\u0131. 2022 y\u0131l\u0131 itibar\u0131yla Yal\u0131 \u00c7apk\u0131n\u0131 dizisinde Seyran \u015eanl\u0131 karakterini oynayarak b\u00fcy\u00fck bir \u00e7\u0131k\u0131\u015f yakalad\u0131.<\/p>\n<p>Afra Sara\u00e7o\u011flu, Selanik ve Girit k\u00f6kenli bir aileye mensuptur. 2018-2022 y\u0131llar\u0131 aras\u0131nda oyuncu Mert Yaz\u0131c\u0131o\u011flu ile uzun bir ili\u015fki ya\u015fam\u0131\u015ft\u0131r. 2023 y\u0131l\u0131nda ise, oyuncu Mert Ramazan Demir ile k\u0131sa s\u00fcreli bir birliktelik ya\u015fam\u0131\u015ft\u0131r.<\/p>\n","protected":false},"excerpt":{"rendered":"<p>\u00d6zel bir derginin \u00f6d\u00fcl gecesinde Y\u0131l\u0131n G\u00f6z Al\u0131c\u0131 Ba\u015far\u0131 \u00d6d\u00fcl\u00fc alan Afra Sara\u00e7o\u011flu \u00f6d\u00fcl konu\u015fmas\u0131nda g\u00f6zya\u015flar\u0131na bo\u011fuldu. \u00dcnl\u00fc isim, do\u011fum g\u00fcn\u00fc oldu\u011funu s\u00f6yledi ve annesine seslendi.\u00a0<\/p>\n","protected":false},"author":2,"featured_media":100626,"comment_status":"closed","ping_status":"closed","sticky":false,"template":"","format":"standard","meta":{"rank_math_lock_modified_date":false,"footnotes":""},"categories":[76],"tags":[2778,133,2218],"class_list":["post-100624","post","type-post","status-publish","format-standard","has-post-thumbnail","hentry","category-magazin","tag-afra-saracoglu","tag-magazin","tag-magazin-haberleri"],"_links":{"self":[{"href":"https:\/\/www.tgrthaber.com\/mavikadin\/wp-json\/wp\/v2\/posts\/100624"}],"collection":[{"href":"https:\/\/www.tgrthaber.com\/mavikadin\/wp-json\/wp\/v2\/posts"}],"about":[{"href":"https:\/\/www.tgrthaber.com\/mavikadin\/wp-json\/wp\/v2\/types\/post"}],"author":[{"embeddable":true,"href":"https:\/\/www.tgrthaber.com\/mavikadin\/wp-json\/wp\/v2\/users\/2"}],"replies":[{"embeddable":true,"href":"https:\/\/www.tgrthaber.com\/mavikadin\/wp-json\/wp\/v2\/comments?post=100624"}],"version-history":[{"count":1,"href":"https:\/\/www.tgrthaber.com\/mavikadin\/wp-json\/wp\/v2\/posts\/100624\/revisions"}],"predecessor-version":[{"id":100631,"href":"https:\/\/www.tgrthaber.com\/mavikadin\/wp-json\/wp\/v2\/posts\/100624\/revisions\/100631"}],"wp:featuredmedia":[{"embeddable":true,"href":"https:\/\/www.tgrthaber.com\/mavikadin\/wp-json\/wp\/v2\/media\/100626"}],"wp:attachment":[{"href":"https:\/\/www.tgrthaber.com\/mavikadin\/wp-json\/wp\/v2\/media?parent=100624"}],"wp:term":[{"taxonomy":"category","embeddable":true,"href":"https:\/\/www.tgrthaber.com\/mavikadin\/wp-json\/wp\/v2\/categories?post=100624"},{"taxonomy":"post_tag","embeddable":true,"href":"https:\/\/www.tgrthaber.com\/mavikadin\/wp-json\/wp\/v2\/tags?post=100624"}],"curies":[{"name":"wp","href":"https:\/\/api.w.org\/{rel}","templated":true}]}}