{"id":100728,"date":"2024-12-03T10:54:07","date_gmt":"2024-12-03T07:54:07","guid":{"rendered":"https:\/\/www.tgrthaber.com\/mavikadin\/?p=100728"},"modified":"2024-12-03T10:54:07","modified_gmt":"2024-12-03T07:54:07","slug":"serenay-sarikaya-davet-gecesinde-mert-demiri-yalniz-birakti","status":"publish","type":"post","link":"https:\/\/www.tgrthaber.com\/mavikadin\/serenay-sarikaya-davet-gecesinde-mert-demiri-yalniz-birakti\/","title":{"rendered":"Serenay Sar\u0131kaya davet gecesinde  Mert Demir&#8217;i yaln\u0131z b\u0131rakt\u0131"},"content":{"rendered":"<p>Serenay Sar\u0131kaya ile a\u015fk ya\u015fayan Mert Demir \u00f6d\u00fcl gecesine tek ba\u015f\u0131na kat\u0131ld\u0131. Herkesin akl\u0131nda soru i\u015fareti uyand\u0131ran bu geli\u015fme sonras\u0131 g\u00f6zler Serenay Sar\u0131kaya\u2019ya \u00e7evrildi. Bir s\u00fcredir oyuncu Serenay Sar\u0131kaya ile a\u015fk ya\u015fayan \u015fark\u0131c\u0131 Mert Demir herkesin g\u00fcndeminde.<\/p>\n<h3>SERENAY SARIKAYA SEVG\u0130L\u0130S\u0130 MERT DEM\u0130R&#8217;\u0130 \u00d6D\u00dcL GECES\u0130NDE TEK BIRAKTI<\/h3>\n<p>Yer ald\u0131\u011f\u0131 yap\u0131mlarla ad\u0131ndan s\u00f6z ettiren Serenay Sar\u0131kaya ve \u015fark\u0131lar\u0131yla g\u00fcndemden d\u00fc\u015fmeyen Mert Demir k\u0131sa s\u00fcre \u00f6nce birlikte olduklar\u0131n\u0131 duyurdu. Herkesin g\u00f6zlerini \u00e7evirdi\u011fi \u00e7iftin her ad\u0131m\u0131 olay oluyor. \u00d6yle ki GQ MOTY 2024 \u00f6d\u00fcl gecesinde tek ba\u015f\u0131na kat\u0131lan Mert Demir&#8217;in yan\u0131nda Serenay Sar\u0131kaya&#8217;y\u0131 g\u00f6zler arad\u0131. Ancak sevgilisini \u00f6d\u00fcl gecesinde yaln\u0131z b\u0131rakan Serenay Sar\u0131kaya geceye kat\u0131lmad\u0131. Mert Demir geceye tek ba\u015f\u0131na kat\u0131larak objektiflere poz verdi. \u0130kili aras\u0131nda bir ayr\u0131l\u0131k ya da kiriz mi var merak ediliyor.<\/p>\n<p><img loading=\"lazy\" decoding=\"async\" class=\"alignnone size-full wp-image-100762\" src=\"https:\/\/www.tgrthaber.com\/mavikadin\/wp-content\/uploads\/Ekran-goruntusu-2024-12-03-104449.png\" alt=\"\" width=\"866\" height=\"782\" title=\"\" srcset=\"https:\/\/www.tgrthaber.com\/mavikadin\/wp-content\/uploads\/Ekran-goruntusu-2024-12-03-104449.png 866w, https:\/\/www.tgrthaber.com\/mavikadin\/wp-content\/uploads\/Ekran-goruntusu-2024-12-03-104449-300x271.png 300w, https:\/\/www.tgrthaber.com\/mavikadin\/wp-content\/uploads\/Ekran-goruntusu-2024-12-03-104449-768x694.png 768w\" sizes=\"(max-width: 866px) 100vw, 866px\" \/><\/p>\n<p>Y\u0131l\u0131n hype&#8217;\u0131 \u00f6d\u00fcl\u00fcn\u00fc Teoman&#8217;\u0131n elinden alan Mert Demir konu\u015fmas\u0131n\u0131 yapt\u0131.<\/p>\n<p>&nbsp;<\/p>\n<p>Ge\u00e7ti\u011fimiz kas\u0131m ay\u0131nda Serenay Sar\u0131kaya ile ili\u015fki ya\u015fad\u0131\u011f\u0131n\u0131 a\u00e7\u0131klayan Mert Demir &#8220;Ate\u015fe D\u00fc\u015ft\u00fcm&#8221;, &#8220;Antidepresan&#8221; ve &#8220;\u00d6l\u00fcyorum Anla&#8221; gibi \u015fark\u0131larla tan\u0131n\u0131yor. Serenay Sar\u0131kaya ile \u00e7ok haval\u0131 bir poz payla\u015fan Mert Demir sosyal medyada g\u00fcndem olmu\u015ftu.<\/p>\n<p><img loading=\"lazy\" decoding=\"async\" class=\"alignnone size-full wp-image-100764\" src=\"https:\/\/www.tgrthaber.com\/mavikadin\/wp-content\/uploads\/Ekran-goruntusu-2024-12-03-105024.png\" alt=\"\" width=\"1020\" height=\"833\" title=\"\" srcset=\"https:\/\/www.tgrthaber.com\/mavikadin\/wp-content\/uploads\/Ekran-goruntusu-2024-12-03-105024.png 1020w, https:\/\/www.tgrthaber.com\/mavikadin\/wp-content\/uploads\/Ekran-goruntusu-2024-12-03-105024-300x245.png 300w, https:\/\/www.tgrthaber.com\/mavikadin\/wp-content\/uploads\/Ekran-goruntusu-2024-12-03-105024-768x627.png 768w\" sizes=\"(max-width: 1020px) 100vw, 1020px\" \/><\/p>\n<p>Serenay Sar\u0131kaya ise sevgilisiyle foto\u011fraflar\u0131n\u0131 payla\u015farak &#8216;Benim elli tonum\u2019 notunu d\u00fc\u015fm\u00fc\u015ft\u00fc. Serenay Sar\u0131kaya&#8217;n\u0131n bu payla\u015f\u0131m\u0131ndan sonra binlerce yorum ve be\u011feni alan \u00e7ift bir s\u00fcredir sosyal medyan\u0131n g\u00fcndeminde \u0130kili aras\u0131ndaki a\u015fk\u0131n dolu d\u00fczg\u00fcn devam etti\u011fi d\u00fc\u015f\u00fcn\u00fcl\u00fcrken \u00f6d\u00fcl gecesinde Mert Demir&#8217;in tek kat\u0131lmas\u0131 ise aralar\u0131nda bir sorun mu var dedirtti. G\u00fcndemden d\u00fc\u015fmeyen \u00e7iftin a\u015fk\u0131nda olaylar\u0131n nas\u0131l devam edece\u011fi merak ediliyor.<\/p>\n<p>&nbsp;<\/p>\n<p>Mert Demir&#8217;in annesi de bu ili\u015fkiyi onaylam\u0131\u015f ve &#8220;\u0130li\u015fkiyi onayl\u0131yorum, nas\u0131l mutlularsa \u00f6yle devam etsinler&#8221; demi\u015fti.<\/p>\n<p><img loading=\"lazy\" decoding=\"async\" class=\"alignnone size-full wp-image-100765\" src=\"https:\/\/www.tgrthaber.com\/mavikadin\/wp-content\/uploads\/Ekran-goruntusu-2024-12-03-105034.png\" alt=\"\" width=\"540\" height=\"719\" title=\"\" srcset=\"https:\/\/www.tgrthaber.com\/mavikadin\/wp-content\/uploads\/Ekran-goruntusu-2024-12-03-105034.png 540w, https:\/\/www.tgrthaber.com\/mavikadin\/wp-content\/uploads\/Ekran-goruntusu-2024-12-03-105034-225x300.png 225w\" sizes=\"(max-width: 540px) 100vw, 540px\" \/><\/p>\n<p>Serenay Sar\u0131kaya&#8217;n\u0131n reklam a\u015fk\u0131 iddialar\u0131yla ilgili ise &#8216;Ben b\u00f6yle ya\u015fam\u0131yorum.&#8217; diyerek tepki g\u00f6sterdi. \u0130kilinin reklam i\u00e7in birlikte oldu\u011fu \u00f6ne s\u00fcr\u00fclm\u00fc\u015f ve bunla ilgili Serenay Sar\u0131kaya&#8217;ya soru sorulmu\u015ftu. Serenay Sar\u0131kaya ise &#8220;B\u00f6yle \u015feyler milattan \u00f6nce de kalmad\u0131 m\u0131 ya? Ger\u00e7ek hayatta b\u00f6yle \u015feyler var m\u0131? Bana inanmas\u0131 \u00e7ok g\u00fc\u00e7 geliyor, insanlar\u0131n buna inanmas\u0131 da bana \u00e7ok tuhaf geliyor. Bunlar ger\u00e7ek hayatta yok ya, ben b\u00f6yle ya\u015fam\u0131yorum&#8221; demi\u015fti.<\/p>\n","protected":false},"excerpt":{"rendered":"<p>Herkesin konu\u015ftu\u011fu \u00f6d\u00fcl gecesinde Mert Demir&#8217;in yaln\u0131z \u00f6d\u00fcl almaya gelmesi dikkat \u00e7ekti. &#8216;\u0130kili aras\u0131nda kriz mi var?&#8217; sorular\u0131 sorulmaya ba\u015fland\u0131. K\u0131sa s\u00fcre \u00f6nce beraber olduklar\u0131n\u0131 duyuran Mert Demir ve Serenay Sar\u0131kaya a\u015fk\u0131 bitti mi merak ediliyor&#8230;<\/p>\n","protected":false},"author":25,"featured_media":100769,"comment_status":"closed","ping_status":"closed","sticky":false,"template":"","format":"standard","meta":{"rank_math_lock_modified_date":false,"footnotes":""},"categories":[76],"tags":[3258,3257,3278,2688],"class_list":["post-100728","post","type-post","status-publish","format-standard","has-post-thumbnail","hentry","category-magazin","tag-gq-men-of-the-year","tag-gq-men-of-the-year-2024","tag-mert-demir","tag-serenay-sarikaya"],"_links":{"self":[{"href":"https:\/\/www.tgrthaber.com\/mavikadin\/wp-json\/wp\/v2\/posts\/100728"}],"collection":[{"href":"https:\/\/www.tgrthaber.com\/mavikadin\/wp-json\/wp\/v2\/posts"}],"about":[{"href":"https:\/\/www.tgrthaber.com\/mavikadin\/wp-json\/wp\/v2\/types\/post"}],"author":[{"embeddable":true,"href":"https:\/\/www.tgrthaber.com\/mavikadin\/wp-json\/wp\/v2\/users\/25"}],"replies":[{"embeddable":true,"href":"https:\/\/www.tgrthaber.com\/mavikadin\/wp-json\/wp\/v2\/comments?post=100728"}],"version-history":[{"count":1,"href":"https:\/\/www.tgrthaber.com\/mavikadin\/wp-json\/wp\/v2\/posts\/100728\/revisions"}],"predecessor-version":[{"id":100771,"href":"https:\/\/www.tgrthaber.com\/mavikadin\/wp-json\/wp\/v2\/posts\/100728\/revisions\/100771"}],"wp:featuredmedia":[{"embeddable":true,"href":"https:\/\/www.tgrthaber.com\/mavikadin\/wp-json\/wp\/v2\/media\/100769"}],"wp:attachment":[{"href":"https:\/\/www.tgrthaber.com\/mavikadin\/wp-json\/wp\/v2\/media?parent=100728"}],"wp:term":[{"taxonomy":"category","embeddable":true,"href":"https:\/\/www.tgrthaber.com\/mavikadin\/wp-json\/wp\/v2\/categories?post=100728"},{"taxonomy":"post_tag","embeddable":true,"href":"https:\/\/www.tgrthaber.com\/mavikadin\/wp-json\/wp\/v2\/tags?post=100728"}],"curies":[{"name":"wp","href":"https:\/\/api.w.org\/{rel}","templated":true}]}}