{"id":101196,"date":"2024-12-03T17:50:04","date_gmt":"2024-12-03T14:50:04","guid":{"rendered":"https:\/\/www.tgrthaber.com\/mavikadin\/?p=101196"},"modified":"2024-12-03T17:50:04","modified_gmt":"2024-12-03T14:50:04","slug":"sakir-pasa-ailesi-dizisi-yayin-tarihi-belli-oldu-deha-ve-teskilata-rakip-geliyor","status":"publish","type":"post","link":"https:\/\/www.tgrthaber.com\/mavikadin\/sakir-pasa-ailesi-dizisi-yayin-tarihi-belli-oldu-deha-ve-teskilata-rakip-geliyor\/","title":{"rendered":"\u015eakir Pa\u015fa Ailesi dizisi yay\u0131n tarihi belli oldu! Deha ve Te\u015fkilat&#8217;a rakip geliyor"},"content":{"rendered":"<p>Sanat d\u00fcnyas\u0131n\u0131n en prestijli ailelerinden birinin hikayesini anlatan \u015eakir Pa\u015fa Ailesi: Mucizeler ve Skandallar dizisinin yay\u0131n tarihi sonunda a\u00e7\u0131kland\u0131. B\u00fcy\u00fck bir heyecanla beklenen yap\u0131m, Pazar ak\u015famlar\u0131n\u0131n iddial\u0131 dizilerinden biri olmaya haz\u0131rlan\u0131yor. Peki, dizi ne zaman ekranlarda olacak ve izleyicileri neler bekliyor? \u015eakir Pa\u015fa Ailesi ilk b\u00f6l\u00fcm hangi g\u00fcn? Konusu ne, oyuncu kadrosunda kimler var? \u015eakir Pa\u015fa Ailesi kimdir?<\/p>\n<h3>\u015eAK\u0130R PA\u015eA A\u0130LES\u0130 \u0130LK B\u00d6L\u00dcM NE ZAMAN?<\/h3>\n<p>Medyap\u0131m imzal\u0131 dizinin ilk b\u00f6l\u00fcm\u00fc 15 Aral\u0131k Pazar g\u00fcn\u00fc izleyicilerle bulu\u015facak. Dizinin yay\u0131n g\u00fcn\u00fc i\u00e7in bir s\u00fcredir kulislerde Pazar ak\u015fam\u0131 konu\u015fuluyordu ve bu bilgi resmiyet kazand\u0131. B\u00f6ylelikle \u015eakir Pa\u015fa Ailesi, aksiyon ve dram t\u00fcr\u00fcnde \u00f6nemli bir izleyici kitlesine sahip Te\u015fkilat ve Deha dizileriyle rekabet edecek.<\/p>\n<p><img loading=\"lazy\" decoding=\"async\" class=\"alignnone  wp-image-101207\" src=\"https:\/\/www.tgrthaber.com\/mavikadin\/wp-content\/uploads\/ekran-goruntusu-2024-11-04-213950-1-1024x502.png\" alt=\"\" width=\"1119\" height=\"549\" title=\"\" srcset=\"https:\/\/www.tgrthaber.com\/mavikadin\/wp-content\/uploads\/ekran-goruntusu-2024-11-04-213950-1-1024x502.png 1024w, https:\/\/www.tgrthaber.com\/mavikadin\/wp-content\/uploads\/ekran-goruntusu-2024-11-04-213950-1-300x147.png 300w, https:\/\/www.tgrthaber.com\/mavikadin\/wp-content\/uploads\/ekran-goruntusu-2024-11-04-213950-1-768x377.png 768w, https:\/\/www.tgrthaber.com\/mavikadin\/wp-content\/uploads\/ekran-goruntusu-2024-11-04-213950-1.png 1383w\" sizes=\"(max-width: 1119px) 100vw, 1119px\" \/><\/p>\n<h3>\u015eAK\u0130R PA\u015eA A\u0130LES\u0130 KONUSU NED\u0130R?<\/h3>\n<p>\u015eakir Pa\u015fa Ailesi, 1912 y\u0131l\u0131nda ba\u015flayan tarihi bir hikayeyi izleyicilere ta\u015f\u0131yor. T\u00fcrkiye\u2019nin sanat ve edebiyat tarihinde derin izler b\u0131rakm\u0131\u015f olan \u015eakir Pa\u015fa ailesinin karma\u015f\u0131k ve renkli ya\u015fam\u0131na odaklan\u0131yor.<\/p>\n<p>Ba\u015fta Halikarnas Bal\u0131k\u00e7\u0131s\u0131 olarak bilinen Cevat \u015eakir Kabaa\u011fa\u00e7l\u0131, modern T\u00fcrk resminin \u00f6nc\u00fcs\u00fc Fahrelnisa Zeid, T\u00fcrkiye&#8217;nin ilk grav\u00fcr sanat\u00e7\u0131s\u0131 Aliye Berger ve seramik sanat\u00e7\u0131s\u0131 F\u00fcreya Koral olmak \u00fczere bir\u00e7ok \u00f6nemli ismin ya\u015famlar\u0131 ve aralar\u0131ndaki ili\u015fkiler, d\u00f6nemin toplumsal yap\u0131s\u0131yla harmanlanarak ekrana ta\u015f\u0131n\u0131yor.<\/p>\n<p><img loading=\"lazy\" decoding=\"async\" class=\"alignnone  wp-image-101208\" src=\"https:\/\/www.tgrthaber.com\/mavikadin\/wp-content\/uploads\/3738861_44d32e885bf010b8d3a0bf5f3fc02f0a_640x640-1-1.jpg\" alt=\"\" width=\"1118\" height=\"629\" title=\"\" srcset=\"https:\/\/www.tgrthaber.com\/mavikadin\/wp-content\/uploads\/3738861_44d32e885bf010b8d3a0bf5f3fc02f0a_640x640-1-1.jpg 640w, https:\/\/www.tgrthaber.com\/mavikadin\/wp-content\/uploads\/3738861_44d32e885bf010b8d3a0bf5f3fc02f0a_640x640-1-1-300x169.jpg 300w\" sizes=\"(max-width: 1118px) 100vw, 1118px\" \/><\/p>\n<h3>\u015eAK\u0130R PA\u015eA A\u0130LES\u0130 OYUNCULARI<\/h3>\n<p>Ba\u015frollerinde usta oyuncular Vahide Per\u00e7in ve F\u0131rat Tan\u0131\u015f\u2019\u0131n yer ald\u0131\u011f\u0131 yap\u0131m, g\u00fc\u00e7l\u00fc bir kadroyla dikkat \u00e7ekiyor. Ayr\u0131ca Cem Yi\u011fit \u00dcz\u00fcmo\u011flu, Devrim Yakut, Nilsu Berfin Akta\u015f ve Denisse Capezza gibi gen\u00e7 ve ba\u015far\u0131l\u0131 isimler de projede yer al\u0131yor.<\/p>\n<h3>\u00c7EK\u0130MLER NEREDE YAPILDI?<\/h3>\n<p>Dizinin \u00e7ekimleri, \u0130stanbul\u2019un tarihi ve k\u00fclt\u00fcrel dokusunu yans\u0131tan B\u00fcy\u00fckada\u2019da ger\u00e7ekle\u015ftirildi. B\u00fcy\u00fckada\u2019n\u0131n nostaljik k\u00f6\u015fkleri ve ada ya\u015fam\u0131, 1910\u2019lu y\u0131llar\u0131n atmosferini ekrana ta\u015f\u0131mak i\u00e7in \u00f6nemli bir tercih oldu.<\/p>\n<p><img loading=\"lazy\" decoding=\"async\" class=\"alignnone  wp-image-101210\" src=\"https:\/\/www.tgrthaber.com\/mavikadin\/wp-content\/uploads\/3738861_803639c182f144bfb03cb1591758911f_640x640-1-1.jpg\" alt=\"\" width=\"1136\" height=\"639\" title=\"\" srcset=\"https:\/\/www.tgrthaber.com\/mavikadin\/wp-content\/uploads\/3738861_803639c182f144bfb03cb1591758911f_640x640-1-1.jpg 640w, https:\/\/www.tgrthaber.com\/mavikadin\/wp-content\/uploads\/3738861_803639c182f144bfb03cb1591758911f_640x640-1-1-300x169.jpg 300w\" sizes=\"(max-width: 1136px) 100vw, 1136px\" \/><\/p>\n<h3>GER\u00c7EK HAYATTAN UYARLAMA<\/h3>\n<p>\u015eakir Pa\u015fa Ailesi, \u015eirin Devrim\u2019in kaleme ald\u0131\u011f\u0131 biyografi kitab\u0131ndan uyarlan\u0131yor. Kitap, ailenin sanat d\u00fcnyas\u0131ndaki etkisini ve ki\u015fisel ili\u015fkilerini detayl\u0131 bir \u015fekilde ele al\u0131yor. Ancak dizi, birebir biyografik bir anlat\u0131 sunmak yerine, tarihsel ger\u00e7eklikleri dramatik bir kurguyla harmanl\u0131yor.<\/p>\n<h3>\u015eAK\u0130R PA\u015eA A\u0130LES\u0130 H\u0130KAYES\u0130<\/h3>\n<p>Osmanl\u0131 tarih\u00e7isi, devlet adam\u0131 ve etkileyici bir soyun \u00f6nc\u00fcs\u00fc olan Kabaa\u011fa\u00e7l\u0131zade Mehmed \u015eakir Pa\u015fa, hem kariyeri hem de ailesiyle tarihe damgas\u0131n\u0131 vurmu\u015f bir isim. 1855 y\u0131l\u0131nda do\u011fan \u015eakir Pa\u015fa, Osmanl\u0131 \u0130mparatorlu\u011fu\u2019nun \u00f6nemli diplomatik ve idari g\u00f6revlerinde bulunmu\u015f, ayn\u0131 zamanda sanat ve edebiyat d\u00fcnyas\u0131nda iz b\u0131rakan bir aileye \u00f6nc\u00fcl\u00fck etmi\u015ftir.<\/p>\n<p>Yetim kald\u0131\u011f\u0131 1861 y\u0131l\u0131ndan sonra a\u011fabeyi Ahmed Cevad ile birlikte askeri e\u011fitime y\u00f6nlendirilen \u015eakir Pa\u015fa, Osmanl\u0131 \u0130mparatorlu\u011fu\u2019nda \u00e7e\u015fitli diplomatik g\u00f6revler \u00fcstlenmi\u015ftir. 1890\u2019da Girit Valili\u011fi g\u00f6revini y\u00fcr\u00fctm\u00fc\u015f ve bu d\u00f6nemde \u00fcnl\u00fc edebiyat\u00e7\u0131 Cevat \u015eakir Kabaa\u011fa\u00e7l\u0131 d\u00fcnyaya gelmi\u015ftir. A\u011fabeyi Ahmed Cevad Pa\u015fa\u2019n\u0131n sadrazaml\u0131k g\u00f6revinden al\u0131nmas\u0131n\u0131 protesto etmek amac\u0131yla 1895 y\u0131l\u0131nda devlet g\u00f6revinden istifa eden \u015eakir Pa\u015fa, bu hareketiyle de kararl\u0131l\u0131\u011f\u0131n\u0131 ve aile ba\u011flar\u0131na olan \u00f6nemini g\u00f6stermi\u015ftir.<\/p>\n<p>\u015eakir Pa\u015fa, 1914 y\u0131l\u0131nda kendi o\u011flu Cevat \u015eakir\u2019in tabancas\u0131ndan \u00e7\u0131kan bir kur\u015funla ya\u015fam\u0131n\u0131 yitirmi\u015ftir. Bu trajik olay sonras\u0131 o\u011flu 14 y\u0131l hapis cezas\u0131na \u00e7arpt\u0131r\u0131lm\u0131\u015f, ancak cezas\u0131n\u0131 7 y\u0131l sonra tamamlam\u0131\u015f ve serbest b\u0131rak\u0131lm\u0131\u015ft\u0131r.<\/p>\n<p><img loading=\"lazy\" decoding=\"async\" class=\"alignnone  wp-image-101214\" src=\"https:\/\/www.tgrthaber.com\/mavikadin\/wp-content\/uploads\/Ekran-goruntusu-2024-12-03-174236-1024x580.png\" alt=\"\" width=\"1120\" height=\"635\" title=\"\" srcset=\"https:\/\/www.tgrthaber.com\/mavikadin\/wp-content\/uploads\/Ekran-goruntusu-2024-12-03-174236-1024x580.png 1024w, https:\/\/www.tgrthaber.com\/mavikadin\/wp-content\/uploads\/Ekran-goruntusu-2024-12-03-174236-300x170.png 300w, https:\/\/www.tgrthaber.com\/mavikadin\/wp-content\/uploads\/Ekran-goruntusu-2024-12-03-174236-768x435.png 768w, https:\/\/www.tgrthaber.com\/mavikadin\/wp-content\/uploads\/Ekran-goruntusu-2024-12-03-174236.png 1037w\" sizes=\"(max-width: 1120px) 100vw, 1120px\" \/><\/p>\n<p><strong>\u015eakir Pa\u015fa Ailesi<\/strong><\/p>\n<p>\u015eakir Pa\u015fa ailesi, Osmanl\u0131 ve Cumhuriyet d\u00f6neminde sanat, edebiyat ve k\u00fclt\u00fcr d\u00fcnyas\u0131na y\u00f6n veren isimlerle an\u0131lmaktad\u0131r. Ailenin sanat d\u00fcnyas\u0131na kazand\u0131rd\u0131\u011f\u0131 yetenekler aras\u0131nda \u015funlar yer al\u0131r:<\/p>\n<p><strong>Cevat \u015eakir Kabaa\u011fa\u00e7l\u0131 (Halikarnas Bal\u0131k\u00e7\u0131s\u0131):<\/strong> T\u00fcrk edebiyat\u0131n\u0131n usta kalemlerinden olan Cevat \u015eakir, roman ve hik\u00e2ye t\u00fcr\u00fcnde unutulmaz eserler vermi\u015ftir.<\/p>\n<p><strong>Fahrelnisa Zeid:<\/strong> Modern T\u00fcrk resminin \u00f6nc\u00fclerinden olan Fahrelnisa, uluslararas\u0131 alanda da tan\u0131nm\u0131\u015f bir ressamd\u0131r.<\/p>\n<p><strong>Aliye Berger:<\/strong> T\u00fcrkiye\u2019nin ilk grav\u00fcr sanat\u00e7\u0131s\u0131 olarak tan\u0131n\u0131r ve \u00f6zg\u00fcn eserleriyle iz b\u0131rakm\u0131\u015ft\u0131r.<\/p>\n<p><strong>F\u00fcreya Koral:<\/strong> T\u00fcrk seramik sanat\u0131n\u0131n \u00f6nc\u00fcs\u00fc olan F\u00fcreya, yenilik\u00e7i yakla\u015f\u0131m\u0131yla sanat d\u00fcnyas\u0131nda \u00e7\u0131\u011f\u0131r a\u00e7m\u0131\u015ft\u0131r.<\/p>\n<p><strong>Nejat Devrim:<\/strong> Modern resim sanat\u0131nda ad\u0131ndan s\u00f6z ettiren bir di\u011fer yetenekli aile \u00fcyesidir.<\/p>\n<p><strong>\u015eirin Devrim:<\/strong> Tiyatro ve yaz\u0131n d\u00fcnyas\u0131na \u00f6nemli katk\u0131lar sa\u011flam\u0131\u015ft\u0131r.<\/p>\n<p><strong>Nermidil Erner Binark:<\/strong> Kalemiyle T\u00fcrk edebiyat\u0131na de\u011fer katan bir yazard\u0131r.<\/p>\n<h3>\u015eAK\u0130R PA\u015eA A\u0130LES\u0130 DEHA VE TE\u015eK\u0130LAT&#8217;A MEYDAN OKUYACAK<\/h3>\n<p>Pazar g\u00fcnleri yay\u0131nlanacak olan dizi, g\u00fc\u00e7l\u00fc rakiplerle m\u00fccadele edecek. Te\u015fkilat ve Deha gibi pop\u00fcler yap\u0131mlar\u0131n izleyici kitlesi, \u015eakir Pa\u015fa Ailesi\u2019nin reyting yar\u0131\u015f\u0131nda \u00f6nemli bir belirleyici olacak. Sanat ve tarihle harmanlanm\u0131\u015f hikayesiyle dizi, bu rekabetten g\u00fc\u00e7l\u00fc \u00e7\u0131kmay\u0131 hedefliyor.<\/p>\n<p><img loading=\"lazy\" decoding=\"async\" class=\"alignnone  wp-image-101212\" src=\"https:\/\/www.tgrthaber.com\/mavikadin\/wp-content\/uploads\/GdzugRoWkAAAUp3-1-828x1024.jpg\" alt=\"\" width=\"1133\" height=\"1400\" title=\"\" srcset=\"https:\/\/www.tgrthaber.com\/mavikadin\/wp-content\/uploads\/GdzugRoWkAAAUp3-1-828x1024.jpg 828w, https:\/\/www.tgrthaber.com\/mavikadin\/wp-content\/uploads\/GdzugRoWkAAAUp3-1-243x300.jpg 243w, https:\/\/www.tgrthaber.com\/mavikadin\/wp-content\/uploads\/GdzugRoWkAAAUp3-1-768x949.jpg 768w, https:\/\/www.tgrthaber.com\/mavikadin\/wp-content\/uploads\/GdzugRoWkAAAUp3-1.jpg 1080w\" sizes=\"(max-width: 1133px) 100vw, 1133px\" \/><\/p>\n<p>Sanat d\u00fcnyas\u0131n\u0131n en \u00f6nemli ailelerinden birinin hayat\u0131n\u0131 konu alan \u015eakir Pa\u015fa Ailesi, pazar ak\u015famlar\u0131 ekran sava\u015f\u0131nda iddial\u0131 bir giri\u015f yapmaya haz\u0131rlan\u0131yor. Peki, bu dizi Deha gibi g\u00fc\u00e7l\u00fc bir rakibi kar\u015f\u0131s\u0131nda nas\u0131l bir performans sergileyecek?<\/p>\n","protected":false},"excerpt":{"rendered":"<p>\u015eakir Pa\u015fa Ailesi dizisinin yay\u0131n tarihi belli oldu. 15 Aral\u0131k Pazar g\u00fcn\u00fc ba\u015flayacak olan dizi, g\u00fc\u00e7l\u00fc oyuncu kadrosu ve etkileyici hikayesiyle Deha ve Te\u015fkilat gibi yap\u0131mlara meydan okuyacak. \u015eakir Pa\u015fa Ailesi ilk b\u00f6l\u00fcm hangi g\u00fcn? Konusu ne, oyuncu kadrosunda kimler var? \u015eakir Pa\u015fa Ailesi kimdir? <\/p>\n","protected":false},"author":4,"featured_media":101215,"comment_status":"closed","ping_status":"closed","sticky":false,"template":"","format":"standard","meta":{"rank_math_lock_modified_date":false,"footnotes":""},"categories":[602],"tags":[3361,2324,3359,3360,2962],"class_list":["post-101196","post","type-post","status-publish","format-standard","has-post-thumbnail","hentry","category-diziler","tag-firat-tanis","tag-sakir-pasa-ailesi","tag-sakir-pasa-ailesi-ilk-bolum","tag-sakir-pasa-ailesi-ne-zaman","tag-vahide-percin"],"_links":{"self":[{"href":"https:\/\/www.tgrthaber.com\/mavikadin\/wp-json\/wp\/v2\/posts\/101196"}],"collection":[{"href":"https:\/\/www.tgrthaber.com\/mavikadin\/wp-json\/wp\/v2\/posts"}],"about":[{"href":"https:\/\/www.tgrthaber.com\/mavikadin\/wp-json\/wp\/v2\/types\/post"}],"author":[{"embeddable":true,"href":"https:\/\/www.tgrthaber.com\/mavikadin\/wp-json\/wp\/v2\/users\/4"}],"replies":[{"embeddable":true,"href":"https:\/\/www.tgrthaber.com\/mavikadin\/wp-json\/wp\/v2\/comments?post=101196"}],"version-history":[{"count":1,"href":"https:\/\/www.tgrthaber.com\/mavikadin\/wp-json\/wp\/v2\/posts\/101196\/revisions"}],"predecessor-version":[{"id":101216,"href":"https:\/\/www.tgrthaber.com\/mavikadin\/wp-json\/wp\/v2\/posts\/101196\/revisions\/101216"}],"wp:featuredmedia":[{"embeddable":true,"href":"https:\/\/www.tgrthaber.com\/mavikadin\/wp-json\/wp\/v2\/media\/101215"}],"wp:attachment":[{"href":"https:\/\/www.tgrthaber.com\/mavikadin\/wp-json\/wp\/v2\/media?parent=101196"}],"wp:term":[{"taxonomy":"category","embeddable":true,"href":"https:\/\/www.tgrthaber.com\/mavikadin\/wp-json\/wp\/v2\/categories?post=101196"},{"taxonomy":"post_tag","embeddable":true,"href":"https:\/\/www.tgrthaber.com\/mavikadin\/wp-json\/wp\/v2\/tags?post=101196"}],"curies":[{"name":"wp","href":"https:\/\/api.w.org\/{rel}","templated":true}]}}