{"id":101318,"date":"2024-12-03T23:48:43","date_gmt":"2024-12-03T20:48:43","guid":{"rendered":"https:\/\/www.tgrthaber.com\/mavikadin\/?p=101318"},"modified":"2024-12-03T23:48:43","modified_gmt":"2024-12-03T20:48:43","slug":"sakir-pasa-ailesi-dizisinin-kahramani-mehmet-sakir-pasa-kimdir-neden-oldu-ve-oglu-kimdir","status":"publish","type":"post","link":"https:\/\/www.tgrthaber.com\/mavikadin\/sakir-pasa-ailesi-dizisinin-kahramani-mehmet-sakir-pasa-kimdir-neden-oldu-ve-oglu-kimdir\/","title":{"rendered":"\u015eakir Pa\u015fa Ailesi dizisinin kahraman\u0131 Mehmet \u015eakir Pa\u015fa kimdir, neden \u00f6ld\u00fc ve o\u011flu kimdir?"},"content":{"rendered":"<p>Osmanl\u0131 \u0130mparatorlu\u011fu\u2019nun son d\u00f6nemlerinde \u00f6nemli g\u00f6revlerde bulunmu\u015f Mehmet \u015eakir Pa\u015fa, hem kariyeri hem de trajik \u00f6l\u00fcm\u00fcyle dikkat \u00e7eken bir isimdir. Ad\u0131 \u015eakir Pa\u015fa Ailesi adl\u0131 diziyle tekrar g\u00fcndeme gelen \u015eakir Pa\u015fa\u2019n\u0131n hayat\u0131, ailesi ve \u00f6l\u00fcm\u00fc, izleyiciler taraf\u0131ndan merakla ara\u015ft\u0131r\u0131lmaktad\u0131r. \u0130\u015fte \u015eakir Pa\u015fa\u2019n\u0131n hikayesi ve ard\u0131nda b\u0131rakt\u0131\u011f\u0131 derin izler&#8230;<\/p>\n<h3>\u015eAK\u0130R PA\u015eA A\u0130LES\u0130 D\u0130Z\u0130S\u0130 MEHMET \u015eAK\u0130R PA\u015eA K\u0130MD\u0130R?<\/h3>\n<p>\u015eakir Pa\u015fa Ailesi dizisinin ba\u015f kahraman\u0131 1855 y\u0131l\u0131nda do\u011fan Mehmet \u015eakir Pa\u015fa, Osmanl\u0131\u2019n\u0131n \u00f6nde gelen diplomat ve tarih\u00e7ilerinden biridir. Daha k\u00fc\u00e7\u00fck ya\u015flardayken anne ve babas\u0131n\u0131 kaybeden \u015eakir Pa\u015fa, karde\u015fi Ahmed Cevad ile birlikte askeri e\u011fitim ald\u0131. E\u011fitimini tamamlad\u0131ktan sonra Osmanl\u0131 diplomatik g\u00f6revlerinde yer ald\u0131 ve 1890 y\u0131l\u0131nda Girit Valisi olarak atand\u0131.<\/p>\n<p>1895 y\u0131l\u0131nda, a\u011fabeyi Sadrazam Ahmed Cevad Pa\u015fa\u2019n\u0131n g\u00f6revden al\u0131nmas\u0131n\u0131 protesto ederek devlet g\u00f6revinden istifa eden \u015eakir Pa\u015fa, hem diplomatik kariyeri hem de ailesinden yeti\u015fen sanat\u00e7\u0131larla tarihe ad\u0131n\u0131 yazd\u0131rd\u0131.<\/p>\n<p><img loading=\"lazy\" decoding=\"async\" class=\"alignnone  wp-image-101321\" src=\"https:\/\/www.tgrthaber.com\/mavikadin\/wp-content\/uploads\/1730926247174-image-769x1024.jpg\" alt=\"\" width=\"1109\" height=\"1476\" title=\"\" srcset=\"https:\/\/www.tgrthaber.com\/mavikadin\/wp-content\/uploads\/1730926247174-image-769x1024.jpg 769w, https:\/\/www.tgrthaber.com\/mavikadin\/wp-content\/uploads\/1730926247174-image-225x300.jpg 225w, https:\/\/www.tgrthaber.com\/mavikadin\/wp-content\/uploads\/1730926247174-image-768x1022.jpg 768w, https:\/\/www.tgrthaber.com\/mavikadin\/wp-content\/uploads\/1730926247174-image-1154x1536.jpg 1154w, https:\/\/www.tgrthaber.com\/mavikadin\/wp-content\/uploads\/1730926247174-image.jpg 1280w\" sizes=\"(max-width: 1109px) 100vw, 1109px\" \/><\/p>\n<h3>MEHMET \u015eAK\u0130R PA\u015eA A\u0130LES\u0130<\/h3>\n<p>Kabaa\u011fa\u00e7l\u0131zade ailesine mensup olan \u015eakir Pa\u015fa, edebiyat ve sanat d\u00fcnyas\u0131nda tan\u0131nm\u0131\u015f isimlerin yeti\u015fmesine \u00f6nc\u00fcl\u00fck eden bir aile reisi olarak bilinir.<\/p>\n<p><strong>Cevat \u015eakir Kabaa\u011fa\u00e7l\u0131 (Halikarnas Bal\u0131k\u00e7\u0131s\u0131):<\/strong> T\u00fcrk edebiyat\u0131nda deniz temal\u0131 eserleriyle bilinen yazar, Mehmet \u015eakir Pa\u015fa\u2019n\u0131n o\u011fludur.<\/p>\n<p><strong>Fahrelnisa Zeid:<\/strong> Modern T\u00fcrk resminin \u00f6nde gelen isimlerinden biri olan Fahrelnisa, \u015eakir Pa\u015fa\u2019n\u0131n k\u0131z\u0131d\u0131r.<\/p>\n<p><strong>Aliye Berger:<\/strong> \u0130lk T\u00fcrk grav\u00fcr sanat\u00e7\u0131s\u0131 olarak tan\u0131n\u0131r ve eserleriyle uluslararas\u0131 ba\u015far\u0131 kazanm\u0131\u015ft\u0131r.<\/p>\n<p><strong>F\u00fcreya Koral:<\/strong> T\u00fcrk seramik sanat\u0131n\u0131n \u00f6nc\u00fcs\u00fc olarak bilinir.<\/p>\n<p><strong>Nejat Devrim ve \u015eirin Devrim:<\/strong> Aile soyundan gelen bu isimler, modern resim ve tiyatro d\u00fcnyas\u0131nda adlar\u0131ndan s\u00f6z ettirmi\u015ftir.<\/p>\n<p><img loading=\"lazy\" decoding=\"async\" class=\"alignnone  wp-image-101324\" src=\"https:\/\/www.tgrthaber.com\/mavikadin\/wp-content\/uploads\/GdzugRoWkAAAUp3-1-1-828x1024.jpg\" alt=\"\" width=\"1128\" height=\"1394\" title=\"\" srcset=\"https:\/\/www.tgrthaber.com\/mavikadin\/wp-content\/uploads\/GdzugRoWkAAAUp3-1-1-828x1024.jpg 828w, https:\/\/www.tgrthaber.com\/mavikadin\/wp-content\/uploads\/GdzugRoWkAAAUp3-1-1-243x300.jpg 243w, https:\/\/www.tgrthaber.com\/mavikadin\/wp-content\/uploads\/GdzugRoWkAAAUp3-1-1-768x949.jpg 768w, https:\/\/www.tgrthaber.com\/mavikadin\/wp-content\/uploads\/GdzugRoWkAAAUp3-1-1.jpg 1080w\" sizes=\"(max-width: 1128px) 100vw, 1128px\" \/><\/p>\n<h3>MEHMET \u015eAK\u0130R PA\u015eA NEDEN \u00d6LD\u00dc, K\u0130M \u00d6LD\u00dcRD\u00dc?<\/h3>\n<p>Mehmet \u015eakir Pa\u015fa nas\u0131l \u00f6ld\u00fc, neden \u00f6ld\u00fc, kim \u00f6ld\u00fcrd\u00fc? Mehmet \u015eakir Pa\u015fa\u2019n\u0131n hikayesi merak ediliyor. Mehmet \u015eakir Pa\u015fa, 1914 y\u0131l\u0131nda aile i\u00e7inde ya\u015fanan bir tart\u0131\u015fma s\u0131ras\u0131nda o\u011flu Cevat \u015eakir\u2019in tabancas\u0131ndan \u00e7\u0131kan bir kur\u015funla hayat\u0131n\u0131 kaybetti. Olay kay\u0131tlara kaza olarak ge\u00e7erken, Cevat \u015eakir 14 y\u0131l hapis cezas\u0131na \u00e7arpt\u0131r\u0131ld\u0131 ancak 7 y\u0131l sonra serbest b\u0131rak\u0131ld\u0131.<\/p>\n<h3>CEVAT \u015eAK\u0130R BABASINI NEDEN \u00d6LD\u00dcRD\u00dc?<\/h3>\n<p>Halikarnas Bal\u0131k\u00e7\u0131s\u0131, Cevat \u015eakir babas\u0131 Mehmet \u015eakir Pa\u015fa&#8217;y\u0131 neden \u00f6ld\u00fcrd\u00fc? 1914 y\u0131l\u0131nda meydana gelen olay, aile i\u00e7i bir tart\u0131\u015fma s\u0131ras\u0131nda tabancan\u0131n istem d\u0131\u015f\u0131 ate\u015flenmesi sonucu ger\u00e7ekle\u015fti. Halikarnas Bal\u0131k\u00e7\u0131s\u0131 olarak tan\u0131nan Cevat \u015eakir, bu talihsiz olay nedeniyle hapse mahkum edildi ve sonras\u0131nda edebiyat d\u00fcnyas\u0131na ad\u0131m atarak hayat\u0131na yeni bir y\u00f6n verdi.<\/p>\n<p><img loading=\"lazy\" decoding=\"async\" class=\"alignnone  wp-image-101322\" src=\"https:\/\/www.tgrthaber.com\/mavikadin\/wp-content\/uploads\/1730926255331-image-672x1024.jpg\" alt=\"\" width=\"1100\" height=\"1676\" title=\"\" srcset=\"https:\/\/www.tgrthaber.com\/mavikadin\/wp-content\/uploads\/1730926255331-image-672x1024.jpg 672w, https:\/\/www.tgrthaber.com\/mavikadin\/wp-content\/uploads\/1730926255331-image-197x300.jpg 197w, https:\/\/www.tgrthaber.com\/mavikadin\/wp-content\/uploads\/1730926255331-image-768x1171.jpg 768w, https:\/\/www.tgrthaber.com\/mavikadin\/wp-content\/uploads\/1730926255331-image-1008x1536.jpg 1008w, https:\/\/www.tgrthaber.com\/mavikadin\/wp-content\/uploads\/1730926255331-image.jpg 1280w\" sizes=\"(max-width: 1100px) 100vw, 1100px\" \/><\/p>\n<p>\u015eakir Pa\u015fa Ailesi, Osmanl\u0131 d\u00f6neminin diplomatik ve b\u00fcrokratik etkisini modern sanatla birle\u015ftiren nadir ailelerden biri olarak tarihe ge\u00e7mi\u015ftir. Mehmet \u015eakir Pa\u015fa\u2019n\u0131n k\u0131sa ama etkileyici ya\u015fam\u0131 ve ailesinden yeti\u015fen sanat\u00e7\u0131lar, T\u00fcrk k\u00fclt\u00fcr ve sanat\u0131nda silinmez izler b\u0131rakm\u0131\u015ft\u0131r.<\/p>\n","protected":false},"excerpt":{"rendered":"<p>\u015eakir Pa\u015fa Ailesi dizisi ile Mehmet \u015eakir Pa\u015fa\u2019n\u0131n ger\u00e7ek hayat hikayesi de merak konusu oldu. Peki, Osmanl\u0131 tarihinin \u00f6nemli ismi Mehmet \u015eakir Pa\u015fa kimdir, neden \u00f6ld\u00fc ve o\u011flu kimdir? \u0130\u015fte diziye konu olan Mehmet \u015eakir Pa\u015fa\u2019n\u0131n hikayesi.<\/p>\n","protected":false},"author":4,"featured_media":101328,"comment_status":"closed","ping_status":"closed","sticky":false,"template":"","format":"standard","meta":{"rank_math_lock_modified_date":false,"footnotes":""},"categories":[491],"tags":[3379,3378,3377,2324],"class_list":["post-101318","post","type-post","status-publish","format-standard","has-post-thumbnail","hentry","category-biyografi","tag-cevat-sakir","tag-halikarnas-balikcisi","tag-mehmet-sakir-pasa","tag-sakir-pasa-ailesi"],"_links":{"self":[{"href":"https:\/\/www.tgrthaber.com\/mavikadin\/wp-json\/wp\/v2\/posts\/101318"}],"collection":[{"href":"https:\/\/www.tgrthaber.com\/mavikadin\/wp-json\/wp\/v2\/posts"}],"about":[{"href":"https:\/\/www.tgrthaber.com\/mavikadin\/wp-json\/wp\/v2\/types\/post"}],"author":[{"embeddable":true,"href":"https:\/\/www.tgrthaber.com\/mavikadin\/wp-json\/wp\/v2\/users\/4"}],"replies":[{"embeddable":true,"href":"https:\/\/www.tgrthaber.com\/mavikadin\/wp-json\/wp\/v2\/comments?post=101318"}],"version-history":[{"count":1,"href":"https:\/\/www.tgrthaber.com\/mavikadin\/wp-json\/wp\/v2\/posts\/101318\/revisions"}],"predecessor-version":[{"id":101329,"href":"https:\/\/www.tgrthaber.com\/mavikadin\/wp-json\/wp\/v2\/posts\/101318\/revisions\/101329"}],"wp:featuredmedia":[{"embeddable":true,"href":"https:\/\/www.tgrthaber.com\/mavikadin\/wp-json\/wp\/v2\/media\/101328"}],"wp:attachment":[{"href":"https:\/\/www.tgrthaber.com\/mavikadin\/wp-json\/wp\/v2\/media?parent=101318"}],"wp:term":[{"taxonomy":"category","embeddable":true,"href":"https:\/\/www.tgrthaber.com\/mavikadin\/wp-json\/wp\/v2\/categories?post=101318"},{"taxonomy":"post_tag","embeddable":true,"href":"https:\/\/www.tgrthaber.com\/mavikadin\/wp-json\/wp\/v2\/tags?post=101318"}],"curies":[{"name":"wp","href":"https:\/\/api.w.org\/{rel}","templated":true}]}}