{"id":101385,"date":"2024-12-04T00:38:15","date_gmt":"2024-12-03T21:38:15","guid":{"rendered":"https:\/\/www.tgrthaber.com\/mavikadin\/?p=101385"},"modified":"2024-12-04T00:38:15","modified_gmt":"2024-12-03T21:38:15","slug":"bahar-dizisinde-sonunda-bu-da-oldu-bahar-27-bolumde-sok-gelisme","status":"publish","type":"post","link":"https:\/\/www.tgrthaber.com\/mavikadin\/bahar-dizisinde-sonunda-bu-da-oldu-bahar-27-bolumde-sok-gelisme\/","title":{"rendered":"Bahar dizisinde sonunda bu da oldu! Bahar 27. b\u00f6l\u00fcmde \u015fok geli\u015fme"},"content":{"rendered":"<p>Show TV ekranlar\u0131nda yay\u0131nlanan Bahar dizisinin 27. b\u00f6l\u00fcm\u00fc, 3 Aral\u0131k 2024 tarihinde izleyicilerle bulu\u015ftu. Dizinin son b\u00f6l\u00fcm\u00fc b\u00fcy\u00fck bir heyecanla izlendi ve geceye damgas\u0131n\u0131 vuran geli\u015fmeler, izleyicileri \u015fa\u015fk\u0131na \u00e7evirdi. Bahar dizisinde 27. b\u00f6l\u00fcmde, kimsenin tahmin edemedi\u011fi bir olay ger\u00e7ekle\u015fti. \u0130\u015fte Bahar\u2019\u0131n son b\u00f6l\u00fcm\u00fcnde ya\u015fananlar\u0131n perde arkas\u0131\u2026<\/p>\n<h3>BAHAR 27. B\u00d6L\u00dcMDE NELER OLDU?<\/h3>\n<p>Ba\u015frollerini Demet Evgar, Bu\u011fra G\u00fclsoy, Ecem \u00d6zkaya, Mehmet Y\u0131lmaz Ak, Hatice Aslan, Nilsude Albayrak, B\u00fc\u015fra Pekin ve Demirhan Demircio\u011flu gibi ba\u015far\u0131l\u0131 isimlerin payla\u015ft\u0131\u011f\u0131 Bahar dizisinde, i\u015fler giderek daha karma\u015f\u0131k hale gelmeye ba\u015flad\u0131. 27. b\u00f6l\u00fcmde, Bahar ve Timur bir kez daha kar\u015f\u0131 kar\u015f\u0131ya gelirken, seyirciyi ekran ba\u015f\u0131na kilitleyen anlar ya\u015fand\u0131.<\/p>\n<p>\u00d6zellikle son haftalarda, Bahar dizisinde geli\u015fen olaylar seyirciyi kafas\u0131n\u0131 kar\u0131\u015ft\u0131rmaya devam etti. Rengin ve Bahar aras\u0131ndaki ili\u015fki de izleyenleri \u015fa\u015f\u0131rtan bir hal ald\u0131. Rengin\u2019in Bahar\u2019a destek verdi\u011fi anlar, izleyiciler taraf\u0131ndan &#8220;Kad\u0131n dayan\u0131\u015fmas\u0131&#8221; olarak yorumland\u0131 ve bu sahneler, dizinin takip\u00e7ilerini olduk\u00e7a mutlu etti.<\/p>\n<!--[if lt IE 9]><script>document.createElement('video');<\/script><![endif]-->\n\t<div class=\"wp-playlist wp-video-playlist wp-playlist-light\">\n\t\t<video controls=\"controls\" preload=\"none\" width=\"618\"\n\t\t height=\"354\"\t><\/video>\n\t<div class=\"wp-playlist-next\"><\/div>\n\t<div class=\"wp-playlist-prev\"><\/div>\n\t<noscript>\n\t<ol>\n\t\t<li><a href='https:\/\/www.tgrthaber.com\/mavikadin\/wp-content\/uploads\/ssstwitter.com_1733261593003.mp4'>bahar dizi<\/a><\/li>\t<\/ol>\n\t<\/noscript>\n\t<script type=\"application\/json\" class=\"wp-playlist-script\">{\"type\":\"video\",\"tracklist\":true,\"tracknumbers\":true,\"images\":true,\"artists\":true,\"tracks\":[{\"src\":\"https:\\\/\\\/www.tgrthaber.com\\\/mavikadin\\\/wp-content\\\/uploads\\\/ssstwitter.com_1733261593003.mp4\",\"type\":\"video\\\/mp4\",\"title\":\"bahar dizi\",\"caption\":\"\",\"description\":\"\",\"meta\":{\"length_formatted\":\"0:11\"},\"dimensions\":{\"original\":{\"width\":1256,\"height\":720},\"resized\":{\"width\":618,\"height\":354}},\"image\":{\"src\":\"https:\\\/\\\/www.tgrthaber.com\\\/mavikadin\\\/wp-includes\\\/images\\\/media\\\/video.svg\",\"width\":48,\"height\":64},\"thumb\":{\"src\":\"https:\\\/\\\/www.tgrthaber.com\\\/mavikadin\\\/wp-includes\\\/images\\\/media\\\/video.svg\",\"width\":48,\"height\":64}}]}<\/script>\n<\/div>\n\t\n<h3>BAHAR YEN\u0130 B\u00d6L\u00dcMDE \u015eOK GEL\u0130\u015eME<\/h3>\n<p>Bahar dizisinin son b\u00f6l\u00fcm\u00fcnde, Umay ve Cem\u2019in kaza yapmas\u0131, herkesin y\u00fcre\u011fini a\u011fz\u0131na getirdi. Bu geli\u015fme, Bahar ve Timur\u2019un kar\u015f\u0131 kar\u015f\u0131ya gelmesine yol a\u00e7arken, Timur her \u015fey i\u00e7in Evren\u2019i su\u00e7lad\u0131. Umay ve Cem\u2019in arkada\u015fl\u0131\u011f\u0131 ise tehlikeye girdi. Ayr\u0131ca, hastaneye gelen sansasyonel bir vaka, Aziz Uras ve Seren\u2019in ili\u015fkisini derinden etkiledi. Rengin\u2019in \u015f\u00fcphesiyle, Timur ve Efsun aras\u0131ndaki ili\u015fki de b\u00fcy\u00fck bir \u00e7\u0131kmaza girdi.<\/p>\n<p><img loading=\"lazy\" decoding=\"async\" class=\"alignnone  wp-image-101387\" src=\"https:\/\/www.tgrthaber.com\/mavikadin\/wp-content\/uploads\/Ekran-goruntusu-2024-12-04-003202-1024x584.png\" alt=\"\" width=\"1120\" height=\"639\" title=\"\" srcset=\"https:\/\/www.tgrthaber.com\/mavikadin\/wp-content\/uploads\/Ekran-goruntusu-2024-12-04-003202-1024x584.png 1024w, https:\/\/www.tgrthaber.com\/mavikadin\/wp-content\/uploads\/Ekran-goruntusu-2024-12-04-003202-300x171.png 300w, https:\/\/www.tgrthaber.com\/mavikadin\/wp-content\/uploads\/Ekran-goruntusu-2024-12-04-003202-768x438.png 768w, https:\/\/www.tgrthaber.com\/mavikadin\/wp-content\/uploads\/Ekran-goruntusu-2024-12-04-003202.png 1198w\" sizes=\"(max-width: 1120px) 100vw, 1120px\" \/><\/p>\n<h3>BAHAR D\u0130Z\u0130S\u0130NDEN B\u00dcY\u00dcK S\u00dcRPR\u0130Z<\/h3>\n<p>Show TV&#8217;nin b\u00fcy\u00fck ilgiyle izlenen dizisi Bahar: Kalbini Dinlemeye Var M\u0131s\u0131n?, 27. b\u00f6l\u00fcm\u00fcyle izleyicilerini ekran ba\u015f\u0131na kilitledi. Heyecan dolu bir b\u00f6l\u00fcmle ekrana gelen dizinin yeni b\u00f6l\u00fcm\u00fcnde, gen\u00e7 ve yetenekli oyuncular Melis Minkari ve F\u0131rat Altunme\u015fe s\u00fcrpriz konuk oyuncu olarak yer ald\u0131. Cemre ve Efe karakterlerine hayat veren bu isimlerin hastaneye geli\u015flerinin ard\u0131ndan geli\u015fen olaylar b\u00f6l\u00fcme damga vurdu.<\/p>\n<p><img loading=\"lazy\" decoding=\"async\" class=\"alignnone  wp-image-101390\" src=\"https:\/\/www.tgrthaber.com\/mavikadin\/wp-content\/uploads\/3742814_1920x1080-1024x576.jpg\" alt=\"\" width=\"1125\" height=\"633\" title=\"\" srcset=\"https:\/\/www.tgrthaber.com\/mavikadin\/wp-content\/uploads\/3742814_1920x1080-1024x576.jpg 1024w, https:\/\/www.tgrthaber.com\/mavikadin\/wp-content\/uploads\/3742814_1920x1080-300x169.jpg 300w, https:\/\/www.tgrthaber.com\/mavikadin\/wp-content\/uploads\/3742814_1920x1080-768x432.jpg 768w, https:\/\/www.tgrthaber.com\/mavikadin\/wp-content\/uploads\/3742814_1920x1080-1536x864.jpg 1536w, https:\/\/www.tgrthaber.com\/mavikadin\/wp-content\/uploads\/3742814_1920x1080.jpg 1920w\" sizes=\"(max-width: 1125px) 100vw, 1125px\" \/><\/p>\n<p>Neslihan Ye\u015filyurt&#8217;un y\u00f6netmenli\u011finde, Ay\u00e7a \u00dcz\u00fcm ve Nergiz Herdem \u0130nce&#8217;nin yazd\u0131\u011f\u0131 senaryoyla ekranlara gelen dizinin kadrosunda; Demet Evgar, Bu\u011fra G\u00fclsoy, Mehmet Y\u0131lmaz Ak, Ecem \u00d6zkaya, Elit Anda\u00e7 \u00c7am, Nizam Namidar, F\u00fcsun Demirel, Demirhan Demircio\u011flu, Nil Sude Albayrak, Alisa Sezen Sever, Hasan \u015eahint\u00fcrk, Sena Mia Kal\u0131p, Ege Erkal, Devrim Kabacao\u011flu ve Hatice Aslan gibi \u00f6nemli isimler yer al\u0131yor. Ayr\u0131ca, Nihal Yal\u00e7\u0131n da dizinin \u00f6nemli karakterlerinden Efsun\u2019a hayat veriyor.<\/p>\n<p><img loading=\"lazy\" decoding=\"async\" class=\"alignnone  wp-image-101391\" src=\"https:\/\/www.tgrthaber.com\/mavikadin\/wp-content\/uploads\/3742814_faea8cea86c29da97a1278315e1ed29c.jpg\" alt=\"\" width=\"1124\" height=\"750\" title=\"\" srcset=\"https:\/\/www.tgrthaber.com\/mavikadin\/wp-content\/uploads\/3742814_faea8cea86c29da97a1278315e1ed29c.jpg 400w, https:\/\/www.tgrthaber.com\/mavikadin\/wp-content\/uploads\/3742814_faea8cea86c29da97a1278315e1ed29c-300x200.jpg 300w\" sizes=\"(max-width: 1124px) 100vw, 1124px\" \/><\/p>\n<h3>BAHAR D\u0130Z\u0130S\u0130 OYUNCULARI<\/h3>\n<p>Bahar dizisi, g\u00fc\u00e7l\u00fc oyuncu kadrosu ve s\u00fcr\u00fckleyici hikayesiyle dikkat \u00e7ekiyor. \u0130\u015fte dizinin ba\u015fl\u0131ca oyuncular\u0131 ve hayat verdikleri karakterler:<\/p>\n<p>Demet Evgar \u2013 Bahar Yavuzo\u011flu<\/p>\n<p>Bu\u011fra G\u00fclsoy \u2013 Evren Yalk\u0131n<\/p>\n<p>Mehmet Y\u0131lmaz Ak \u2013 Timur Yavuzo\u011flu<\/p>\n<p>Hatice Aslan \u2013 Nevra Yavuzo\u011flu<\/p>\n<p>Ecem \u00d6zkaya \u2013 Rengin \u00c7evik<\/p>\n<p><img loading=\"lazy\" decoding=\"async\" class=\"alignnone  wp-image-101388\" src=\"https:\/\/www.tgrthaber.com\/mavikadin\/wp-content\/uploads\/Ekran-goruntusu-2024-12-04-003143-1024x577.png\" alt=\"\" width=\"1106\" height=\"624\" title=\"\" srcset=\"https:\/\/www.tgrthaber.com\/mavikadin\/wp-content\/uploads\/Ekran-goruntusu-2024-12-04-003143-1024x577.png 1024w, https:\/\/www.tgrthaber.com\/mavikadin\/wp-content\/uploads\/Ekran-goruntusu-2024-12-04-003143-300x169.png 300w, https:\/\/www.tgrthaber.com\/mavikadin\/wp-content\/uploads\/Ekran-goruntusu-2024-12-04-003143-768x433.png 768w, https:\/\/www.tgrthaber.com\/mavikadin\/wp-content\/uploads\/Ekran-goruntusu-2024-12-04-003143.png 1165w\" sizes=\"(max-width: 1106px) 100vw, 1106px\" \/><\/p>\n<h3>BAHAR 28. B\u00d6L\u00dcM NE ZAMAN YAYINLANACAK?<\/h3>\n<p>Bahar dizisinin 28. b\u00f6l\u00fcm\u00fc, 10 Aral\u0131k 2024 Sal\u0131 g\u00fcn\u00fc saat 20.00\u2019de Show TV ekranlar\u0131nda izleyiciyle bulu\u015facak. Yeni b\u00f6l\u00fcmde neler olaca\u011f\u0131 \u015fimdiden b\u00fcy\u00fck bir merak konusu.<\/p>\n<h3>BAHAR 27. B\u00d6L\u00dcM FULL \u0130ZLE<\/h3>\n<p>Show TV ekranlar\u0131nda yay\u0131nlanan Bahar dizisinin 27. b\u00f6l\u00fcm\u00fcn\u00fc ka\u00e7\u0131ranlar i\u00e7in tek par\u00e7a full izleme linki de haberimizde yer al\u0131yor. Bu heyecan dolu b\u00f6l\u00fcm, Bahar ve di\u011fer karakterlerin aras\u0131ndaki s\u00fcrpriz geli\u015fmeleri g\u00f6zler \u00f6n\u00fcne serdi.<\/p>\n<p><a href=\"https:\/\/www.showtv.com.tr\/dizi\/tum_bolumler\/bahar-sezon-2-bolum-26-izle\/122566\" target=\"_blank\" rel=\"noopener\"><strong>Bahar 27. B\u00f6l\u00fcm Full \u0130zle Linki<\/strong><\/a><\/p>\n","protected":false},"excerpt":{"rendered":"<p>Bahar 27. b\u00f6l\u00fcmde, izleyicileri \u015fa\u015f\u0131rtan geli\u015fmeler ya\u015fand\u0131! Umay ve Cem\u2019in kazas\u0131, Bahar ve Timur\u2019un y\u00fczle\u015fmesi ve Rengin ile Bahar aras\u0131ndaki dayan\u0131\u015fma geceye damgas\u0131n\u0131 vurdu. Bahar dizisi 27. b\u00f6l\u00fcm\u00fc ka\u00e7\u0131ranlar i\u00e7in tek par\u00e7a full izleme linki de haberimizde.<\/p>\n","protected":false},"author":4,"featured_media":101392,"comment_status":"closed","ping_status":"closed","sticky":false,"template":"","format":"standard","meta":{"rank_math_lock_modified_date":false,"footnotes":""},"categories":[602],"tags":[614,2305,2452,3388,3389,2304],"class_list":["post-101385","post","type-post","status-publish","format-standard","has-post-thumbnail","hentry","category-diziler","tag-bahar","tag-bahar-dizi","tag-bahar-dizisi","tag-bahar-son-bolum","tag-bahar-yeni-bolum","tag-demet-evgar"],"_links":{"self":[{"href":"https:\/\/www.tgrthaber.com\/mavikadin\/wp-json\/wp\/v2\/posts\/101385"}],"collection":[{"href":"https:\/\/www.tgrthaber.com\/mavikadin\/wp-json\/wp\/v2\/posts"}],"about":[{"href":"https:\/\/www.tgrthaber.com\/mavikadin\/wp-json\/wp\/v2\/types\/post"}],"author":[{"embeddable":true,"href":"https:\/\/www.tgrthaber.com\/mavikadin\/wp-json\/wp\/v2\/users\/4"}],"replies":[{"embeddable":true,"href":"https:\/\/www.tgrthaber.com\/mavikadin\/wp-json\/wp\/v2\/comments?post=101385"}],"version-history":[{"count":1,"href":"https:\/\/www.tgrthaber.com\/mavikadin\/wp-json\/wp\/v2\/posts\/101385\/revisions"}],"predecessor-version":[{"id":101393,"href":"https:\/\/www.tgrthaber.com\/mavikadin\/wp-json\/wp\/v2\/posts\/101385\/revisions\/101393"}],"wp:featuredmedia":[{"embeddable":true,"href":"https:\/\/www.tgrthaber.com\/mavikadin\/wp-json\/wp\/v2\/media\/101392"}],"wp:attachment":[{"href":"https:\/\/www.tgrthaber.com\/mavikadin\/wp-json\/wp\/v2\/media?parent=101385"}],"wp:term":[{"taxonomy":"category","embeddable":true,"href":"https:\/\/www.tgrthaber.com\/mavikadin\/wp-json\/wp\/v2\/categories?post=101385"},{"taxonomy":"post_tag","embeddable":true,"href":"https:\/\/www.tgrthaber.com\/mavikadin\/wp-json\/wp\/v2\/tags?post=101385"}],"curies":[{"name":"wp","href":"https:\/\/api.w.org\/{rel}","templated":true}]}}