{"id":101426,"date":"2024-12-04T02:15:08","date_gmt":"2024-12-03T23:15:08","guid":{"rendered":"https:\/\/www.tgrthaber.com\/mavikadin\/?p=101426"},"modified":"2024-12-04T02:16:59","modified_gmt":"2024-12-03T23:16:59","slug":"kizil-goncalarda-vahit-oldu-mu-tolga-tekin-diziden-ayriliyor-mu","status":"publish","type":"post","link":"https:\/\/www.tgrthaber.com\/mavikadin\/kizil-goncalarda-vahit-oldu-mu-tolga-tekin-diziden-ayriliyor-mu\/","title":{"rendered":"K\u0131z\u0131l Goncalar&#8217;da Vahit \u00f6ld\u00fc m\u00fc? Tolga Tekin diziden ayr\u0131l\u0131yor mu?"},"content":{"rendered":"<p>K\u0131z\u0131l Goncalar dizisinde, son b\u00f6l\u00fcmde b\u00fcy\u00fck bir s\u00fcrpriz ya\u015fand\u0131. C\u00fcneyd, babas\u0131 Vahit\u2019i dergahtan g\u00f6ndermeyi ba\u015fard\u0131 ve bu, dizinin izleyicilerini b\u00fcy\u00fck bir \u015fokla kar\u015f\u0131lad\u0131. Ancak olaylar ilerledik\u00e7e, Sadi H\u00fcdayi\u2019nin (C\u00fcneyd\u2019in karde\u015fi) Vahit\u2019i k\u0131sk\u0131vrak yakalay\u0131p \u00f6ld\u00fcrmesiyle i\u015fler daha da karma\u015f\u0131kla\u015ft\u0131. Vahit, karde\u015fi Sadi taraf\u0131ndan karn\u0131ndan b\u0131\u00e7aklan\u0131p denize at\u0131ld\u0131. Ancak dizide, Vahit\u2019in ger\u00e7ekten \u00f6l\u00fcp \u00f6lmedi\u011fi hakk\u0131nda net bir a\u00e7\u0131klama yap\u0131lmad\u0131.<\/p>\n<h3>KIZIL GONCALAR VAH\u0130T \u00d6LD\u00dc M\u00dc? TOLGA TEK\u0130N D\u0130Z\u0130DEN AYRILIYOR MU?<\/h3>\n<p>Vahit&#8217;e hayat veren Tolga Tekin\u2019in diziden ayr\u0131l\u0131p ayr\u0131lmad\u0131\u011f\u0131 ise en \u00e7ok konu\u015fulan sorulardan biri oldu. Sosyal medyada &#8220;O yine bir yerlerden \u00e7\u0131kar.&#8221; gibi yorumlarla diziyi takip edenler, karakterin hayatta oldu\u011funu d\u00fc\u015f\u00fcnd\u00fc. &#8220;Sabah cans\u0131z bedeni karaya vurur.&#8221; \u015feklindeki ifade, \u00f6l\u00fcm\u00fcn kesin oldu\u011funu ima etse de, izleyiciler Vahit\u2019in hayatta oldu\u011funa dair mesajlar payla\u015ft\u0131.<\/p>\n<p><img loading=\"lazy\" decoding=\"async\" class=\"alignnone wp-image-101427\" src=\"https:\/\/www.tgrthaber.com\/mavikadin\/wp-content\/uploads\/s-c73f75863d241c29117a89c6afa94792ae9acac7-1024x1005.jpg\" alt=\"\" width=\"1100\" height=\"1079\" title=\"\" srcset=\"https:\/\/www.tgrthaber.com\/mavikadin\/wp-content\/uploads\/s-c73f75863d241c29117a89c6afa94792ae9acac7-1024x1005.jpg 1024w, https:\/\/www.tgrthaber.com\/mavikadin\/wp-content\/uploads\/s-c73f75863d241c29117a89c6afa94792ae9acac7-300x295.jpg 300w, https:\/\/www.tgrthaber.com\/mavikadin\/wp-content\/uploads\/s-c73f75863d241c29117a89c6afa94792ae9acac7-768x754.jpg 768w, https:\/\/www.tgrthaber.com\/mavikadin\/wp-content\/uploads\/s-c73f75863d241c29117a89c6afa94792ae9acac7.jpg 1200w\" sizes=\"(max-width: 1100px) 100vw, 1100px\" \/><\/p>\n<p>Dizinin ba\u015frollerinde \u00d6zcan Deniz, \u00d6zg\u00fc Namal ve Mert Yaz\u0131c\u0131o\u011flu&#8217;nun yer ald\u0131\u011f\u0131 K\u0131z\u0131l Goncalar, son zamanlar\u0131n en dikkat \u00e7eken yap\u0131mlar\u0131ndan biri haline geldi. Dizi, gerilim dolu anlar\u0131, g\u00fc\u00e7l\u00fc karakterleri ve s\u00fcr\u00fckleyici hikayesiyle izleyicileri ekrana kilitlemeye devam ediyor. Vahit\u2019in ak\u0131beti, dizinin gelece\u011fiyle ilgili meraklar\u0131 art\u0131r\u0131rken, izleyenler Tolga Tekin\u2019in diziden ayr\u0131l\u0131p ayr\u0131lmad\u0131\u011f\u0131n\u0131 sorguluyor.<\/p>\n<h3>KIZIL GONCALAR&#8217;IN VAH\u0130T&#8217;\u0130 TOLGA TEK\u0130N K\u0130MD\u0130R?<\/h3>\n<p>Tolga Tekin, 19 Mart 1973 tarihinde Ankara&#8217;da d\u00fcnyaya geldi. Orta e\u011fitimini, 1992 y\u0131l\u0131nda \u00d6zel Ar\u0131 Koleji&#8217;nde tamamlayan Tekin, tiyatroya olan ilgisini Hacettepe \u00dcniversitesi Devlet Konservatuvar\u0131 Tiyatro B\u00f6l\u00fcm\u00fc\u2019nde 1996 y\u0131l\u0131nda mezun olarak peki\u015ftirdi. Sanat yolculu\u011funa Devlet Tiyatrolar\u0131\u2019n\u0131n a\u00e7t\u0131\u011f\u0131 s\u0131nav\u0131 kazanarak, Adana Devlet Tiyatrosu\u2019nda ba\u015flad\u0131. 1996-2004 y\u0131llar\u0131 aras\u0131nda Adana Devlet Tiyatrosu\u2019nda g\u00f6rev yapt\u0131ktan sonra, Ankara Devlet Tiyatrosu\u2019na tayin oldu ve burada da sanat ya\u015fam\u0131na devam etti.<\/p>\n<p><img loading=\"lazy\" decoding=\"async\" class=\"alignnone wp-image-101428\" src=\"https:\/\/www.tgrthaber.com\/mavikadin\/wp-content\/uploads\/s-9062148ca2e0fdfad5b683a310eb738bd109dbaa-1024x576.jpg\" alt=\"\" width=\"1104\" height=\"621\" title=\"\" srcset=\"https:\/\/www.tgrthaber.com\/mavikadin\/wp-content\/uploads\/s-9062148ca2e0fdfad5b683a310eb738bd109dbaa-1024x576.jpg 1024w, https:\/\/www.tgrthaber.com\/mavikadin\/wp-content\/uploads\/s-9062148ca2e0fdfad5b683a310eb738bd109dbaa-300x169.jpg 300w, https:\/\/www.tgrthaber.com\/mavikadin\/wp-content\/uploads\/s-9062148ca2e0fdfad5b683a310eb738bd109dbaa-768x432.jpg 768w, https:\/\/www.tgrthaber.com\/mavikadin\/wp-content\/uploads\/s-9062148ca2e0fdfad5b683a310eb738bd109dbaa.jpg 1080w\" sizes=\"(max-width: 1104px) 100vw, 1104px\" \/><\/p>\n<p>Kariyerine tiyatro ile sa\u011flam bir temel atan Tolga Tekin, ayn\u0131 zamanda televizyon d\u00fcnyas\u0131nda da ad\u0131ndan s\u00f6z ettirdi. Bizim Evin Halleri dizisinde d\u00f6rt y\u0131l boyunca oyunculuk yapt\u0131 ve bu s\u00fcre\u00e7te televizyon izleyicileriyle bulu\u015ftu. \u015eu an, Ankara Devlet Tiyatrosu sanat\u00e7\u0131 kadrosunda g\u00f6revini s\u00fcrd\u00fcrmektedir.<\/p>\n<p>Tolga Tekin\u2019in \u00f6zel hayat\u0131 da zaman zaman g\u00fcndeme geldi. 21 Temmuz 2013 tarihinde, kendisi gibi oyuncu olan Zeynep Koltuk ile evlenen Tekin, 2014 y\u0131l\u0131nda bu evlili\u011fini sonland\u0131rd\u0131.<\/p>\n<p><img loading=\"lazy\" decoding=\"async\" class=\"alignnone wp-image-101429\" src=\"https:\/\/www.tgrthaber.com\/mavikadin\/wp-content\/uploads\/s-e496db6f6efe7b7a8b2e1eb4259584295bc7b1a8.jpg\" alt=\"\" width=\"1103\" height=\"575\" title=\"\" srcset=\"https:\/\/www.tgrthaber.com\/mavikadin\/wp-content\/uploads\/s-e496db6f6efe7b7a8b2e1eb4259584295bc7b1a8.jpg 710w, https:\/\/www.tgrthaber.com\/mavikadin\/wp-content\/uploads\/s-e496db6f6efe7b7a8b2e1eb4259584295bc7b1a8-300x156.jpg 300w\" sizes=\"(max-width: 1103px) 100vw, 1103px\" \/><\/p>\n<h3>KIZIL GONCALAR 29. B\u00d6L\u00dcMDE NELER OLDU?<\/h3>\n<p>Pazartesi ak\u015famlar\u0131n\u0131n vazge\u00e7ilmezi K\u0131z\u0131l Goncalar, bir kez daha izleyicileri ekran ba\u015f\u0131na kilitledi. 29. b\u00f6l\u00fcm, \u015fok eden geli\u015fmelerle doluydu. \u0130\u015fte b\u00f6l\u00fcm\u00fcn en dikkat \u00e7eken detaylar\u0131:<\/p>\n<p>Mira, Naim taraf\u0131ndan kurtar\u0131lm\u0131\u015f olsa da ya\u015fad\u0131\u011f\u0131 travma derin izler b\u0131rak\u0131yor. Naim, k\u0131z\u0131yla yeniden ba\u011f kurmaya \u00e7al\u0131\u015f\u0131rken, Levent ve Meryem k\u0131zlar\u0131n\u0131n iyile\u015fme s\u00fcreci konusunda ciddi fikir ayr\u0131l\u0131klar\u0131 ya\u015f\u0131yor. Meryem\u2019in korumac\u0131 tutumu ve Levent\u2019in daha farkl\u0131 bir yakla\u015f\u0131m\u0131, aile i\u00e7inde gergin anlara neden oluyor.<\/p>\n<p>Levent ve Meryem bir yandan Mira\u2019n\u0131n toparlanmas\u0131 i\u00e7in u\u011fra\u015f\u0131rken, di\u011fer yandan Zeynep\u2019in gelece\u011fi i\u00e7in do\u011fru ad\u0131mlar atmaya \u00e7al\u0131\u015f\u0131yor.<\/p>\n<p><img loading=\"lazy\" decoding=\"async\" class=\"alignnone  wp-image-101434\" src=\"https:\/\/www.tgrthaber.com\/mavikadin\/wp-content\/uploads\/kizil-goncalar-2-1-1024x618.jpg\" alt=\"\" width=\"1094\" height=\"660\" title=\"\" srcset=\"https:\/\/www.tgrthaber.com\/mavikadin\/wp-content\/uploads\/kizil-goncalar-2-1-1024x618.jpg 1024w, https:\/\/www.tgrthaber.com\/mavikadin\/wp-content\/uploads\/kizil-goncalar-2-1-300x181.jpg 300w, https:\/\/www.tgrthaber.com\/mavikadin\/wp-content\/uploads\/kizil-goncalar-2-1-768x463.jpg 768w, https:\/\/www.tgrthaber.com\/mavikadin\/wp-content\/uploads\/kizil-goncalar-2-1.jpg 1059w\" sizes=\"(max-width: 1094px) 100vw, 1094px\" \/><\/p>\n<h3>KIZIL GONCALAR\u2019DA BEKLENEN AN!<\/h3>\n<p>Uzun zamand\u0131r beklenen an K\u0131z\u0131l Goncalar 29. b\u00f6l\u00fcmde nihayet ger\u00e7ekle\u015fti! Arif ve Birg\u00fcl evlenerek yeni bir hayata ad\u0131m att\u0131. Ancak mutluluk dolu bu anlar\u0131n g\u00f6lgesinde Vahid\u2019in tehlikeli planlar\u0131 s\u00fcr\u00fcyor.<\/p>\n<p>Vahid\u2019in soru\u015fturmas\u0131 geni\u015flerken, kritik bir delil olan bilgisayar\u0131n ortadan kaybolmas\u0131 i\u015fleri iyice karma\u015f\u0131k hale getiriyor. Elindeki g\u00fcc\u00fc son bir darbe i\u00e7in kullanmay\u0131 planlayan Vahid, eski dostlar\u0131na ihtiya\u00e7 duyuyor. M\u00fcyesser \u00fczerinden Sadi\u2019yi tuza\u011fa \u00e7ekmeye \u00e7al\u0131\u015fan Vahid, tarikat\u0131n gelece\u011fini belirleyecek hamlelerini yapmaya haz\u0131rlan\u0131yor.<\/p>\n","protected":false},"excerpt":{"rendered":"<p>K\u0131z\u0131l Goncalar dizisinde Vahit karakteri \u00f6l\u00fc m\u00fc? Tolga Tekin diziden ayr\u0131ld\u0131 m\u0131? Son b\u00f6l\u00fcmdeki \u015fok edici olaylar ve K\u0131z\u0131l Goncalar sosyal medyada g\u00fcndem oldu. Vahit karakteri \u00f6ld\u00fc m\u00fc? sorusunun cevab\u0131 ara\u015ft\u0131r\u0131l\u0131rken Tolga Tekin&#8217;in diziden ayr\u0131l\u0131p ayr\u0131lmad\u0131\u011f\u0131 merak konusu oldu.<\/p>\n","protected":false},"author":4,"featured_media":101430,"comment_status":"closed","ping_status":"closed","sticky":false,"template":"","format":"standard","meta":{"rank_math_lock_modified_date":false,"footnotes":""},"categories":[602],"tags":[2306,3401,2307,3400,3402],"class_list":["post-101426","post","type-post","status-publish","format-standard","has-post-thumbnail","hentry","category-diziler","tag-kizil-goncalar","tag-kizil-goncalar-vahit","tag-mert-yazicioglu","tag-tolga-tekin","tag-vahit"],"_links":{"self":[{"href":"https:\/\/www.tgrthaber.com\/mavikadin\/wp-json\/wp\/v2\/posts\/101426"}],"collection":[{"href":"https:\/\/www.tgrthaber.com\/mavikadin\/wp-json\/wp\/v2\/posts"}],"about":[{"href":"https:\/\/www.tgrthaber.com\/mavikadin\/wp-json\/wp\/v2\/types\/post"}],"author":[{"embeddable":true,"href":"https:\/\/www.tgrthaber.com\/mavikadin\/wp-json\/wp\/v2\/users\/4"}],"replies":[{"embeddable":true,"href":"https:\/\/www.tgrthaber.com\/mavikadin\/wp-json\/wp\/v2\/comments?post=101426"}],"version-history":[{"count":4,"href":"https:\/\/www.tgrthaber.com\/mavikadin\/wp-json\/wp\/v2\/posts\/101426\/revisions"}],"predecessor-version":[{"id":101433,"href":"https:\/\/www.tgrthaber.com\/mavikadin\/wp-json\/wp\/v2\/posts\/101426\/revisions\/101433"}],"wp:featuredmedia":[{"embeddable":true,"href":"https:\/\/www.tgrthaber.com\/mavikadin\/wp-json\/wp\/v2\/media\/101430"}],"wp:attachment":[{"href":"https:\/\/www.tgrthaber.com\/mavikadin\/wp-json\/wp\/v2\/media?parent=101426"}],"wp:term":[{"taxonomy":"category","embeddable":true,"href":"https:\/\/www.tgrthaber.com\/mavikadin\/wp-json\/wp\/v2\/categories?post=101426"},{"taxonomy":"post_tag","embeddable":true,"href":"https:\/\/www.tgrthaber.com\/mavikadin\/wp-json\/wp\/v2\/tags?post=101426"}],"curies":[{"name":"wp","href":"https:\/\/api.w.org\/{rel}","templated":true}]}}