{"id":101504,"date":"2024-12-04T10:34:20","date_gmt":"2024-12-04T07:34:20","guid":{"rendered":"https:\/\/www.tgrthaber.com\/mavikadin\/?p=101504"},"modified":"2024-12-04T10:34:20","modified_gmt":"2024-12-04T07:34:20","slug":"bir-gece-masali-dizisinde-yusra-geyik-donemi-basladi-beklenen-isim-sonunda-geldi","status":"publish","type":"post","link":"https:\/\/www.tgrthaber.com\/mavikadin\/bir-gece-masali-dizisinde-yusra-geyik-donemi-basladi-beklenen-isim-sonunda-geldi\/","title":{"rendered":"Bir Gece Masal\u0131 dizisinde Y\u00fcsra Geyik d\u00f6nemi ba\u015flad\u0131! Beklenen isim sonunda geldi"},"content":{"rendered":"<p>Bir Gece Masal\u0131 dizisinde Y\u00fcsra Geyik d\u00f6nemi sonunda ba\u015flad\u0131. Dizide 14. b\u00f6l\u00fcmden sonra dahil olmas\u0131 beklenen isim diziye yeni bir soluk getirdi.<\/p>\n<h3>B\u0130R GECE MASALI D\u0130Z\u0130S\u0130NDE Y\u00dcSRA GEY\u0130K D\u00d6NEM\u0130 BA\u015eLADI!<\/h3>\n<p>Ba\u015frollerinde Su Burcu Yazg\u0131 Co\u015fkun, Burak Deniz, R\u00fc\u00e7han \u00c7al\u0131\u015fkur, Kenan Bal, G\u00fcrkan Uygun, Mesut Akusta, \u00d6zlem T\u00fcrkad , Y\u0131ld\u0131z K\u00fclt\u00fcr ve Eren Vurdem&#8217;in yer ald\u0131\u011f\u0131 Bir Gece Masal\u0131 dizisinde Y\u00fcsra Geyik d\u00f6nemi ba\u015flad\u0131.<\/p>\n<p>Yeni sezonda dikkat \u00e7eken yap\u0131mlar aras\u0131nda yer alan Bir Gece Masal\u0131 dizisinde geri say\u0131ma ge\u00e7ilmi\u015fti. Yap\u0131mc\u0131l\u0131\u011f\u0131n\u0131 Nazl\u0131 Hept\u00fcrk&#8217;\u00fcn \u00fcstlendi\u011fi yap\u0131m\u0131na ise NGM&#8217;nin imza att\u0131\u011f\u0131 Bir Gece Masal\u0131 dizisinde Y\u00fcsra Geyik diziye h\u0131zl\u0131 bir giri\u015f yapt\u0131.<\/p>\n<p><img loading=\"lazy\" decoding=\"async\" class=\"alignnone size-large wp-image-101507\" src=\"https:\/\/www.tgrthaber.com\/mavikadin\/wp-content\/uploads\/0x0-14-bolum-foto-galeri-1733127697037-1024x683.jpg\" alt=\"\" width=\"640\" height=\"427\" title=\"\" srcset=\"https:\/\/www.tgrthaber.com\/mavikadin\/wp-content\/uploads\/0x0-14-bolum-foto-galeri-1733127697037-1024x683.jpg 1024w, https:\/\/www.tgrthaber.com\/mavikadin\/wp-content\/uploads\/0x0-14-bolum-foto-galeri-1733127697037-300x200.jpg 300w, https:\/\/www.tgrthaber.com\/mavikadin\/wp-content\/uploads\/0x0-14-bolum-foto-galeri-1733127697037-768x512.jpg 768w, https:\/\/www.tgrthaber.com\/mavikadin\/wp-content\/uploads\/0x0-14-bolum-foto-galeri-1733127697037-1536x1024.jpg 1536w, https:\/\/www.tgrthaber.com\/mavikadin\/wp-content\/uploads\/0x0-14-bolum-foto-galeri-1733127697037.jpg 2048w\" sizes=\"(max-width: 640px) 100vw, 640px\" \/><\/p>\n<h3>CEYLAN MAH\u0130R&#8217;\u0130N KUZEN\u0130 ROL\u00dcNDE<\/h3>\n<p>Ceylan karakteriyle Mahir&#8217;in kuzeni, Asaf Bey&#8217;in ise torununu oynayacak Y\u00fcsra Geyik, diziyi izleyenleri hayrete d\u00fc\u015f\u00fcrecek gibi g\u00f6r\u00fcn\u00fcyor.<br \/>\nDizinin ilerleyen b\u00f6l\u00fcmlerinde \u00f6zellikle Canfeza ve Mahir&#8217;i zor g\u00fcnler bekliyor.<\/p>\n<p><img loading=\"lazy\" decoding=\"async\" class=\"alignnone size-large wp-image-101506\" src=\"https:\/\/www.tgrthaber.com\/mavikadin\/wp-content\/uploads\/0x0-14-bolum-foto-galeri-1733127691582-1024x576.jpg\" alt=\"\" width=\"640\" height=\"360\" title=\"\" srcset=\"https:\/\/www.tgrthaber.com\/mavikadin\/wp-content\/uploads\/0x0-14-bolum-foto-galeri-1733127691582-1024x576.jpg 1024w, https:\/\/www.tgrthaber.com\/mavikadin\/wp-content\/uploads\/0x0-14-bolum-foto-galeri-1733127691582-300x169.jpg 300w, https:\/\/www.tgrthaber.com\/mavikadin\/wp-content\/uploads\/0x0-14-bolum-foto-galeri-1733127691582-768x432.jpg 768w, https:\/\/www.tgrthaber.com\/mavikadin\/wp-content\/uploads\/0x0-14-bolum-foto-galeri-1733127691582-1536x864.jpg 1536w, https:\/\/www.tgrthaber.com\/mavikadin\/wp-content\/uploads\/0x0-14-bolum-foto-galeri-1733127691582.jpg 2048w\" sizes=\"(max-width: 640px) 100vw, 640px\" \/><\/p>\n<h3>Y\u00dcSRA GEY\u0130K K\u0130MD\u0130R?<\/h3>\n<p>Y\u00fcsra Geyik, 21 Haziran 1990 tarihinde Samsun&#8217;da do\u011fdu.<\/p>\n<p>\u0130lkokul 1. s\u0131n\u0131f\u0131 Samsun&#8217;da okuduktan sonra ailesinin ta\u015f\u0131nmas\u0131yla 2. s\u0131n\u0131fa \u0130stanbul Atak\u00f6y&#8217;deki 60.y\u0131l Atak\u00f6y \u0130lk\u00f6\u011fretim Okulu&#8217;nda ba\u015flad\u0131. D\u00f6rd\u00fcnc\u00fc s\u0131n\u0131ftayken tiyatro kursuyla tiyatro hayat\u0131na ba\u015flad\u0131.<\/p>\n<p>E\u011fitimini Sanat Tasar\u0131m Fak\u00fcltesi Grafik B\u00f6l\u00fcm\u00fc&#8217;nde tamamlayan \u00fcnl\u00fc isim 13 ya\u015f\u0131nda kameralarla tan\u0131\u015ft\u0131.<\/p>\n<p>\u0130lk olarak Hayat Bilgisi dizisinde oynayan Y\u00fcsra Geyik, as\u0131l pop\u00fclerli\u011fini Arka Sokaklar dizisiyle yakalad\u0131.<\/p>\n<p>Arka Sokaklar dizisine 2006 y\u0131l\u0131nda ba\u015flayan Geyik burada Zeli\u015f karakterini \u00fcstlendi.<\/p>\n<p>Y\u00fcsra Geyik daha sonra Camdaki K\u0131z dizisinde Muzo&#8217;nun sevgilisi karakterini oynad\u0131.<\/p>\n<p>\u00dcnl\u00fc isim son olarak ba\u015frollerinde K\u0131van\u00e7 Tatl\u0131tu\u011f, Serenay Sar\u0131kaya gibi isimlerin yer ald\u0131\u011f\u0131 Aile dizisinde Devin&#8217;in karde\u015fi Ya\u011fmur karakterini \u00fcstlendi.<\/p>\n","protected":false},"excerpt":{"rendered":"<p>Bir Gece Masal\u0131 dizisinde Y\u00fcsra Geyik d\u00f6nemi ba\u015flad\u0131. Ba\u015frollerinde Burak Deniz, Su Burcu Yazg\u0131 Co\u015fkun&#8217;un yer ald\u0131\u011f\u0131 dizide sonunda beklenen isim diziye dahil oldu.<\/p>\n","protected":false},"author":5,"featured_media":101508,"comment_status":"closed","ping_status":"closed","sticky":false,"template":"","format":"standard","meta":{"rank_math_lock_modified_date":false,"footnotes":""},"categories":[602],"tags":[2181,1961],"class_list":["post-101504","post","type-post","status-publish","format-standard","has-post-thumbnail","hentry","category-diziler","tag-bir-gece-masali","tag-yusra-geyik"],"_links":{"self":[{"href":"https:\/\/www.tgrthaber.com\/mavikadin\/wp-json\/wp\/v2\/posts\/101504"}],"collection":[{"href":"https:\/\/www.tgrthaber.com\/mavikadin\/wp-json\/wp\/v2\/posts"}],"about":[{"href":"https:\/\/www.tgrthaber.com\/mavikadin\/wp-json\/wp\/v2\/types\/post"}],"author":[{"embeddable":true,"href":"https:\/\/www.tgrthaber.com\/mavikadin\/wp-json\/wp\/v2\/users\/5"}],"replies":[{"embeddable":true,"href":"https:\/\/www.tgrthaber.com\/mavikadin\/wp-json\/wp\/v2\/comments?post=101504"}],"version-history":[{"count":2,"href":"https:\/\/www.tgrthaber.com\/mavikadin\/wp-json\/wp\/v2\/posts\/101504\/revisions"}],"predecessor-version":[{"id":101511,"href":"https:\/\/www.tgrthaber.com\/mavikadin\/wp-json\/wp\/v2\/posts\/101504\/revisions\/101511"}],"wp:featuredmedia":[{"embeddable":true,"href":"https:\/\/www.tgrthaber.com\/mavikadin\/wp-json\/wp\/v2\/media\/101508"}],"wp:attachment":[{"href":"https:\/\/www.tgrthaber.com\/mavikadin\/wp-json\/wp\/v2\/media?parent=101504"}],"wp:term":[{"taxonomy":"category","embeddable":true,"href":"https:\/\/www.tgrthaber.com\/mavikadin\/wp-json\/wp\/v2\/categories?post=101504"},{"taxonomy":"post_tag","embeddable":true,"href":"https:\/\/www.tgrthaber.com\/mavikadin\/wp-json\/wp\/v2\/tags?post=101504"}],"curies":[{"name":"wp","href":"https:\/\/api.w.org\/{rel}","templated":true}]}}