{"id":101517,"date":"2024-12-04T10:51:02","date_gmt":"2024-12-04T07:51:02","guid":{"rendered":"https:\/\/www.tgrthaber.com\/mavikadin\/?p=101517"},"modified":"2024-12-04T10:52:07","modified_gmt":"2024-12-04T07:52:07","slug":"bir-gece-masali-sare-kimdir-bir-gece-masalinin-saresi-deniz-gurkan-kimdir-kac-yasinda","status":"publish","type":"post","link":"https:\/\/www.tgrthaber.com\/mavikadin\/bir-gece-masali-sare-kimdir-bir-gece-masalinin-saresi-deniz-gurkan-kimdir-kac-yasinda\/","title":{"rendered":"Bir Gece Masal\u0131 Sare kimdir? Bir Gece Masal\u0131\u2019n\u0131n Sare\u2019si Deniz G\u00fcrkan kimdir, ka\u00e7 ya\u015f\u0131nda?"},"content":{"rendered":"<p>ATV ekranlar\u0131nda izleyici ile bulu\u015fan \u201cBir Gece Masal\u0131\u201d dizisi yay\u0131mland\u0131\u011f\u0131 g\u00fcnden bu yana seyircinin ilgisini \u00e7ekmeye devam ediyor. Hem konusuyla hem de g\u00fc\u00e7l\u00fc oyuncu kadrosuyla dikkatleri \u00fczerine \u00e7eken dizinin oyuncular\u0131 da merak ediliyor. Dizide Sare karakterine can veren Deniz G\u00fcrkan\u2019\u0131n da kim oldu\u011fu merak edildi. Deniz G\u00fcrkan hakk\u0131nda merak edilenleri sizin i\u00e7in ara\u015ft\u0131rd\u0131k. Peki, Bir Gece Masal\u0131 Sare kimdir? Bir Gece Masal\u0131\u2019n\u0131n Sare\u2019si Deniz G\u00fcrkan kimdir, ka\u00e7 ya\u015f\u0131nda? \u0130\u015fte Deniz G\u00fcrkan hakk\u0131nda bilinmeyenler\u2026<\/p>\n<h3>DEN\u0130Z G\u00dcRKAN K\u0130MD\u0130R<\/h3>\n<p>Deniz G\u00fcrkan, \u0130zmir\u2019de d\u00fcnyaya geldi. \u0130lkokul, ortaokul ve lise e\u011fitimini ba\u015far\u0131yla tamamlayan G\u00fcrkan, y\u00fcksek\u00f6\u011frenimini \u0130stanbul Devlet Konservatuvar\u0131ndan mezun olarak tamamlad\u0131. Daha \u00e7ok tiyatro alan\u0131nda kendini geli\u015ftirmeye ba\u015flayan ba\u015far\u0131l\u0131 oyuncu, ayn\u0131 zamana da heykelle de u\u011fra\u015fmaktad\u0131r.<\/p>\n<p><img loading=\"lazy\" decoding=\"async\" class=\"alignnone wp-image-101519 size-large\" src=\"https:\/\/www.tgrthaber.com\/mavikadin\/wp-content\/uploads\/Adsiz-tasarim-2024-12-04T104635.489-1024x576.jpg\" alt=\"Deniz G\u00fcrkan kimdir\" width=\"1024\" height=\"576\" title=\"\" srcset=\"https:\/\/www.tgrthaber.com\/mavikadin\/wp-content\/uploads\/Adsiz-tasarim-2024-12-04T104635.489-1024x576.jpg 1024w, https:\/\/www.tgrthaber.com\/mavikadin\/wp-content\/uploads\/Adsiz-tasarim-2024-12-04T104635.489-300x169.jpg 300w, https:\/\/www.tgrthaber.com\/mavikadin\/wp-content\/uploads\/Adsiz-tasarim-2024-12-04T104635.489-768x432.jpg 768w, https:\/\/www.tgrthaber.com\/mavikadin\/wp-content\/uploads\/Adsiz-tasarim-2024-12-04T104635.489-1536x864.jpg 1536w, https:\/\/www.tgrthaber.com\/mavikadin\/wp-content\/uploads\/Adsiz-tasarim-2024-12-04T104635.489.jpg 1600w\" sizes=\"(max-width: 1024px) 100vw, 1024px\" \/><\/p>\n<p>2021 y\u0131l\u0131nda \u00fcniversiteden mezun olan Deniz G\u00fcrkan, Deniz Dalg\u0131\u00e7 Menajerlik \u015firketine ba\u011fl\u0131 olarak \u00e7al\u0131\u015fmaktad\u0131r. Tiyatro ve heykele ilgisi olan G\u00fcrkan, bu alanlarda kendini geli\u015ftirerek kendini televizyon oyunculu\u011funa do\u011fru y\u00f6neltmi\u015ftir.<\/p>\n<h3>DEN\u0130Z G\u00dcRKAN OYUNCULUK KAR\u0130YER\u0130<\/h3>\n<p>Televizyon oyunculu\u011funa merak salan ba\u015far\u0131l\u0131 oyuncu Deniz G\u00fcrkan, ilk oyunculuk deneyimini 2021 y\u0131l\u0131nda Kanal D ekranlar\u0131nda izleyici kar\u015f\u0131s\u0131na \u00e7\u0131kan \u201cA\u015fk\u0131n Tarifi\u201d adl\u0131 dizide \u201cSevi\u201d karakterini canland\u0131rarak ger\u00e7ekle\u015ftirdi.<\/p>\n<p><img loading=\"lazy\" decoding=\"async\" class=\"alignnone wp-image-101521 size-large\" src=\"https:\/\/www.tgrthaber.com\/mavikadin\/wp-content\/uploads\/Adsiz-tasarim-2024-12-04T104651.574-1024x576.jpg\" alt=\"Deniz G\u00fcrkan kimdir\" width=\"1024\" height=\"576\" title=\"\" srcset=\"https:\/\/www.tgrthaber.com\/mavikadin\/wp-content\/uploads\/Adsiz-tasarim-2024-12-04T104651.574-1024x576.jpg 1024w, https:\/\/www.tgrthaber.com\/mavikadin\/wp-content\/uploads\/Adsiz-tasarim-2024-12-04T104651.574-300x169.jpg 300w, https:\/\/www.tgrthaber.com\/mavikadin\/wp-content\/uploads\/Adsiz-tasarim-2024-12-04T104651.574-768x432.jpg 768w, https:\/\/www.tgrthaber.com\/mavikadin\/wp-content\/uploads\/Adsiz-tasarim-2024-12-04T104651.574-1536x864.jpg 1536w, https:\/\/www.tgrthaber.com\/mavikadin\/wp-content\/uploads\/Adsiz-tasarim-2024-12-04T104651.574.jpg 1600w\" sizes=\"(max-width: 1024px) 100vw, 1024px\" \/><\/p>\n<p>Deniz G\u00fcrkan, daha sonra 2022 y\u0131l\u0131nda TRT1 ekranlar\u0131nda izleyici kar\u015f\u0131s\u0131na \u00e7\u0131kan \u201cBalkan Ninnisi\u201d dizisinde \u201cG\u00fclbahar\u201d karakterine can vererek kariyerinde zirveyi ya\u015fam\u0131\u015ft\u0131r. Sinema filmiyle izleyici kar\u015f\u0131s\u0131na \u00e7\u0131kan G\u00fcrkan, ilk sinema deneyimini ya\u015fam\u0131\u015f ve 2023 y\u0131l\u0131nda yay\u0131mlanan \u201cBa\u015fka T\u00fcrl\u00fc A\u015fk\u201d filminde \u201c\u00d6yk\u00fc\u201d karakterini canland\u0131rm\u0131\u015ft\u0131r.<\/p>\n<p><img loading=\"lazy\" decoding=\"async\" class=\"alignnone wp-image-101523 size-large\" src=\"https:\/\/www.tgrthaber.com\/mavikadin\/wp-content\/uploads\/Adsiz-tasarim-2024-12-04T104705.683-1024x576.jpg\" alt=\"Deniz G\u00fcrkan kimdir\" width=\"1024\" height=\"576\" title=\"\" srcset=\"https:\/\/www.tgrthaber.com\/mavikadin\/wp-content\/uploads\/Adsiz-tasarim-2024-12-04T104705.683-1024x576.jpg 1024w, https:\/\/www.tgrthaber.com\/mavikadin\/wp-content\/uploads\/Adsiz-tasarim-2024-12-04T104705.683-300x169.jpg 300w, https:\/\/www.tgrthaber.com\/mavikadin\/wp-content\/uploads\/Adsiz-tasarim-2024-12-04T104705.683-768x432.jpg 768w, https:\/\/www.tgrthaber.com\/mavikadin\/wp-content\/uploads\/Adsiz-tasarim-2024-12-04T104705.683-1536x864.jpg 1536w, https:\/\/www.tgrthaber.com\/mavikadin\/wp-content\/uploads\/Adsiz-tasarim-2024-12-04T104705.683.jpg 1600w\" sizes=\"(max-width: 1024px) 100vw, 1024px\" \/><\/p>\n<p>Deniz G\u00fcrkan, sinema filminin ard\u0131ndan NOW TV ekranlar\u0131nda izleyici kar\u015f\u0131s\u0131na \u00e7\u0131kan \u201cK\u0131smet\u201d adl\u0131 dizide \u201cRoza\u201d karakterine can vermi\u015ftir. K\u0131smet dizisinin ard\u0131ndan \u015fimdilerde Bir Gece Masal\u0131 dizisiyle izleyici kar\u015f\u0131s\u0131na \u00e7\u0131kan G\u00fcrkan, oyunculuk performans\u0131yla dikkatleri \u00fczerine \u00e7ekiyor.<\/p>\n<h3>DEN\u0130Z G\u00dcRKAN\u2019IN OYNADI\u011eI D\u0130Z\u0130, F\u0130LM VE T\u0130YATRO OYUNLARI<\/h3>\n<p>Bir Gece Masal\u0131 (Sare, TV Dizisi, 2024)<\/p>\n<p>K\u0131smet (Roza, TV Dizisi, 2023)<\/p>\n<p>Ba\u015fka T\u00fcrl\u00fc A\u015fk (\u00d6yk\u00fc, Sinema Filmi, 2023)<\/p>\n<p>Balkan Ninnisi (G\u00fclbahar, TV Dizisi, 2022)<\/p>\n<p>A\u015fk\u0131n Tarifi (Sevi, TV Dizisi, 2021)<\/p>\n<p>Bir Mart\u0131y\u0131m Ben (Tiyatro Oyunu, 2019<\/p>\n","protected":false},"excerpt":{"rendered":"<p>Bir Gece Masal\u0131 dizisinde Sare karakterine can veren Deniz G\u00fcrkan\u2019\u0131n kim oldu\u011fu merak edildi. Peki, Bir Gece Masal\u0131 Sare kimdir? Bir Gece Masal\u0131\u2019n\u0131n Sare\u2019si Deniz G\u00fcrkan kimdir, ka\u00e7 ya\u015f\u0131nda? \u0130\u015fte detaylar\u2026 <\/p>\n","protected":false},"author":26,"featured_media":101524,"comment_status":"closed","ping_status":"closed","sticky":false,"template":"","format":"standard","meta":{"rank_math_lock_modified_date":false,"footnotes":""},"categories":[491],"tags":[2181,3419],"class_list":["post-101517","post","type-post","status-publish","format-standard","has-post-thumbnail","hentry","category-biyografi","tag-bir-gece-masali","tag-deniz-gurkan"],"_links":{"self":[{"href":"https:\/\/www.tgrthaber.com\/mavikadin\/wp-json\/wp\/v2\/posts\/101517"}],"collection":[{"href":"https:\/\/www.tgrthaber.com\/mavikadin\/wp-json\/wp\/v2\/posts"}],"about":[{"href":"https:\/\/www.tgrthaber.com\/mavikadin\/wp-json\/wp\/v2\/types\/post"}],"author":[{"embeddable":true,"href":"https:\/\/www.tgrthaber.com\/mavikadin\/wp-json\/wp\/v2\/users\/26"}],"replies":[{"embeddable":true,"href":"https:\/\/www.tgrthaber.com\/mavikadin\/wp-json\/wp\/v2\/comments?post=101517"}],"version-history":[{"count":2,"href":"https:\/\/www.tgrthaber.com\/mavikadin\/wp-json\/wp\/v2\/posts\/101517\/revisions"}],"predecessor-version":[{"id":101529,"href":"https:\/\/www.tgrthaber.com\/mavikadin\/wp-json\/wp\/v2\/posts\/101517\/revisions\/101529"}],"wp:featuredmedia":[{"embeddable":true,"href":"https:\/\/www.tgrthaber.com\/mavikadin\/wp-json\/wp\/v2\/media\/101524"}],"wp:attachment":[{"href":"https:\/\/www.tgrthaber.com\/mavikadin\/wp-json\/wp\/v2\/media?parent=101517"}],"wp:term":[{"taxonomy":"category","embeddable":true,"href":"https:\/\/www.tgrthaber.com\/mavikadin\/wp-json\/wp\/v2\/categories?post=101517"},{"taxonomy":"post_tag","embeddable":true,"href":"https:\/\/www.tgrthaber.com\/mavikadin\/wp-json\/wp\/v2\/tags?post=101517"}],"curies":[{"name":"wp","href":"https:\/\/api.w.org\/{rel}","templated":true}]}}