{"id":101539,"date":"2024-12-04T11:10:35","date_gmt":"2024-12-04T08:10:35","guid":{"rendered":"https:\/\/www.tgrthaber.com\/mavikadin\/?p=101539"},"modified":"2024-12-04T11:11:15","modified_gmt":"2024-12-04T08:11:15","slug":"wanda-nara-evinin-sifrelerini-degistirdi-mauro-icardi-neye-ugradigini-sasirdi","status":"publish","type":"post","link":"https:\/\/www.tgrthaber.com\/mavikadin\/wanda-nara-evinin-sifrelerini-degistirdi-mauro-icardi-neye-ugradigini-sasirdi\/","title":{"rendered":"Wanda Nara evinin \u015fifrelerini de\u011fi\u015ftirdi! Mauro Icardi neye u\u011frad\u0131\u011f\u0131n\u0131 \u015fa\u015f\u0131rd\u0131"},"content":{"rendered":"<p>Wanda Nara evinin \u015fifrelerini de\u011fi\u015ftirdi. Bo\u015fanma a\u015famas\u0131ndaki Mauro Icardi, Buenos Aires&#8217;teki evine polis aramas\u0131ndan sonra gitmek isteyince olanlar oldu.<\/p>\n<h3>WANDA NARA EV\u0130N\u0130N \u015e\u0130FRELER\u0130N\u0130 DE\u011e\u0130\u015eT\u0130RD\u0130<\/h3>\n<p>Wanda Nara evinin \u015fifrelerini de\u011fi\u015ftirdi ve Arjantin bas\u0131n\u0131na \u015fu a\u00e7\u0131klamay\u0131 yapt\u0131: &#8220;Herkese yapt\u0131\u011f\u0131m gibi ya da eski sevgilim Maxi Lopez&#8217;e yapt\u0131\u011f\u0131m gibi, evimi bir s\u00fcreli\u011fine \u00f6d\u00fcn\u00e7 verdim. Mauro, 25 Kas\u0131m&#8217;a kadar o evde kalabilirdi. Ki\u015fisel nedenlerden dolay\u0131 o eve ihtiyac\u0131m oldu&#8221;<br \/>\n\u0130kili aras\u0131nda \u00e7\u0131kan tart\u0131\u015fmada taraflar\u0131n birbirini ederek sert konu\u015ftuklar\u0131 \u00f6\u011frenildi.<\/p>\n<p>Evine polis gelen Icardi olaylar\u0131n b\u00fcy\u00fcmemesi ad\u0131na kendi r\u0131zas\u0131yla evinden ayr\u0131ld\u0131. Icardi&#8217;nin malikanesinde 5 saat arama yapan ekipler evde herhangi bir silah bulamad\u0131.<\/p>\n<p><img loading=\"lazy\" decoding=\"async\" class=\"alignnone wp-image-101541\" src=\"https:\/\/www.tgrthaber.com\/mavikadin\/wp-content\/uploads\/Ekran-goruntusu-2024-12-04-104728.png\" alt=\"\" width=\"700\" height=\"784\" title=\"\" srcset=\"https:\/\/www.tgrthaber.com\/mavikadin\/wp-content\/uploads\/Ekran-goruntusu-2024-12-04-104728.png 441w, https:\/\/www.tgrthaber.com\/mavikadin\/wp-content\/uploads\/Ekran-goruntusu-2024-12-04-104728-268x300.png 268w\" sizes=\"(max-width: 700px) 100vw, 700px\" \/><\/p>\n<h3>D\u0130KKAT \u00c7EKMEK \u0130\u00c7\u0130N \u0130MAJ DE\u011e\u0130\u015eT\u0130RD\u0130<\/h3>\n<p>Mauro Icardi ile bo\u015fanma a\u015famas\u0131nda olan Wanda Nara g\u00fcndemden d\u00fc\u015fm\u00fcyor. Son olarak yapt\u0131\u011f\u0131 imaj de\u011fi\u015fikli\u011fi ile g\u00fcndeme gelen Nara sosyal medyada ele\u015ftiri ya\u011fmuruna tutuldu.<br \/>\nWanda Nara&#8217;n\u0131n Icardi&#8217;nin evindeki filtresiz ve makyajs\u0131z hali de g\u00fcndem olmu\u015ftu. Icardi&#8217;nin hayranlar\u0131 o g\u00f6r\u00fcnt\u00fclerden sonra Nara&#8217;y\u0131 topa tutmu\u015ftu.<\/p>\n<h3>&#8221;WANDA NARA&#8217;NIN GER\u00c7EK Y\u00dcZ\u00dc BUYMU\u015e&#8221;<\/h3>\n<p>Sunucu ve modellik yapan 37 ya\u015f\u0131ndaki Wanda Nara, yapt\u0131\u011f\u0131 sosyal medya payla\u015f\u0131mlar\u0131yla dikkat \u00e7ekmeye devam ediyor. Nara&#8217;y\u0131 makyajs\u0131z \u015fekilde g\u00f6ren sosyal medya kullan\u0131c\u0131lar\u0131: &#8221;Wanda Nara&#8217;n\u0131n ger\u00e7ek y\u00fcz\u00fc buymu\u015f&#8221; yorumlar\u0131nda bulunmu\u015ftu.<\/p>\n<h3>BO\u015eANMAK \u0130\u00c7\u0130N SERVET \u0130STED\u0130<\/h3>\n<p>Wanda Nara&#8217;n\u0131n Mauro Icardi&#8217;den bo\u015fanmak i\u00e7in servet istedi\u011fi ileri s\u00fcr\u00fcld\u00fc. Bo\u015fanma karar\u0131 alan \u00e7iftten Nara iddialara g\u00f6re; Icardi&#8217;nin 77 milyon euroluk servetinin yar\u0131s\u0131n\u0131, yani 38.5 milyon euroyu nafaka olarak istiyor.<\/p>\n<p><img loading=\"lazy\" decoding=\"async\" class=\"alignnone wp-image-101542\" src=\"https:\/\/www.tgrthaber.com\/mavikadin\/wp-content\/uploads\/gzsWU9HZFEOBoKjp1eROXQ.webp\" alt=\"\" width=\"700\" height=\"466\" title=\"\" srcset=\"https:\/\/www.tgrthaber.com\/mavikadin\/wp-content\/uploads\/gzsWU9HZFEOBoKjp1eROXQ.webp 1000w, https:\/\/www.tgrthaber.com\/mavikadin\/wp-content\/uploads\/gzsWU9HZFEOBoKjp1eROXQ-300x200.webp 300w, https:\/\/www.tgrthaber.com\/mavikadin\/wp-content\/uploads\/gzsWU9HZFEOBoKjp1eROXQ-768x511.webp 768w\" sizes=\"(max-width: 700px) 100vw, 700px\" \/><\/p>\n<h3>ICARD\u0130 S\u0130LAHLI \u0130DD\u0130ASI<\/h3>\n<p>Wanda Nara, Mauro Icardi&#8217;nin Buenos Aires&#8217;te ya\u015fad\u0131\u011f\u0131 l\u00fcks malikaneden ayr\u0131lmas\u0131n\u0131 isteyince Icardi bu iste\u011fi geri \u00e7evirdi. Daha sonra Wanda Nara, polisten yard\u0131m isteyerek Icardi&#8217;nin evde silahl\u0131 oldu\u011funu ihbar etti.<\/p>\n<p>Buna kar\u015f\u0131l\u0131k Mauro Icardi de &#8216;Wanda Nara zimmetine usuls\u00fcz \u015fekilde ortak paray\u0131 ge\u00e7irdi&#8217; \u015fikayetinde bulundu.<\/p>\n","protected":false},"excerpt":{"rendered":"<p>Bo\u015fanma a\u015famas\u0131ndaki Wanda Nara evinin \u015fifrelerini de\u011fi\u015ftirdi. Mauro Icardi polis aramas\u0131ndan sonra Buenos Aires&#8217;teki evine gitmek isteyince neye u\u011frad\u0131\u011f\u0131n\u0131 \u015fa\u015f\u0131rd\u0131.<\/p>\n","protected":false},"author":5,"featured_media":101540,"comment_status":"closed","ping_status":"closed","sticky":false,"template":"","format":"standard","meta":{"rank_math_lock_modified_date":false,"footnotes":""},"categories":[76],"tags":[2241,2222],"class_list":["post-101539","post","type-post","status-publish","format-standard","has-post-thumbnail","hentry","category-magazin","tag-mauro-icardi","tag-wanda-nara"],"_links":{"self":[{"href":"https:\/\/www.tgrthaber.com\/mavikadin\/wp-json\/wp\/v2\/posts\/101539"}],"collection":[{"href":"https:\/\/www.tgrthaber.com\/mavikadin\/wp-json\/wp\/v2\/posts"}],"about":[{"href":"https:\/\/www.tgrthaber.com\/mavikadin\/wp-json\/wp\/v2\/types\/post"}],"author":[{"embeddable":true,"href":"https:\/\/www.tgrthaber.com\/mavikadin\/wp-json\/wp\/v2\/users\/5"}],"replies":[{"embeddable":true,"href":"https:\/\/www.tgrthaber.com\/mavikadin\/wp-json\/wp\/v2\/comments?post=101539"}],"version-history":[{"count":2,"href":"https:\/\/www.tgrthaber.com\/mavikadin\/wp-json\/wp\/v2\/posts\/101539\/revisions"}],"predecessor-version":[{"id":101544,"href":"https:\/\/www.tgrthaber.com\/mavikadin\/wp-json\/wp\/v2\/posts\/101539\/revisions\/101544"}],"wp:featuredmedia":[{"embeddable":true,"href":"https:\/\/www.tgrthaber.com\/mavikadin\/wp-json\/wp\/v2\/media\/101540"}],"wp:attachment":[{"href":"https:\/\/www.tgrthaber.com\/mavikadin\/wp-json\/wp\/v2\/media?parent=101539"}],"wp:term":[{"taxonomy":"category","embeddable":true,"href":"https:\/\/www.tgrthaber.com\/mavikadin\/wp-json\/wp\/v2\/categories?post=101539"},{"taxonomy":"post_tag","embeddable":true,"href":"https:\/\/www.tgrthaber.com\/mavikadin\/wp-json\/wp\/v2\/tags?post=101539"}],"curies":[{"name":"wp","href":"https:\/\/api.w.org\/{rel}","templated":true}]}}