{"id":101546,"date":"2024-12-04T11:35:36","date_gmt":"2024-12-04T08:35:36","guid":{"rendered":"https:\/\/www.tgrthaber.com\/mavikadin\/?p=101546"},"modified":"2024-12-04T11:37:41","modified_gmt":"2024-12-04T08:37:41","slug":"annem-ankara-dizisinin-oyuncusu-gokce-eyuboglu-hikayemizden-cok-umitliyim","status":"publish","type":"post","link":"https:\/\/www.tgrthaber.com\/mavikadin\/annem-ankara-dizisinin-oyuncusu-gokce-eyuboglu-hikayemizden-cok-umitliyim\/","title":{"rendered":"&#8216;Annem Ankara&#8217; dizisinin oyuncusu G\u00f6k\u00e7e Ey\u00fcbo\u011flu: Hikayemizden \u00e7ok \u00fcmitliyim"},"content":{"rendered":"<p>Kanal D&#8217;nin yay\u0131nlanan yeni dizilerinden olan &#8216;Annem Ankara&#8217;, ilk b\u00f6l\u00fcm\u00fc itibariyle izleyenlerde b\u00fcy\u00fck yank\u0131 uyand\u0131rm\u0131\u015ft\u0131. Ac\u0131kl\u0131 hikayesi ve ger\u00e7ek hayattan kesintilerle izleyicileri ekran ba\u015f\u0131na kilitlemeyi ba\u015faran Annem Ankara dizisi, b\u00fcy\u00fck bir ilgi ve merakla takip ediliyor.<\/p>\n<p>Yeni b\u00f6l\u00fcm\u00fc ile ekran kar\u015f\u0131s\u0131na \u00e7\u0131kmaya haz\u0131rlanan dizide &#8216;Vahide&#8217; karakterini oynayan \u00fcnl\u00fc isim G\u00f6k\u00e7e Ey\u00fcbo\u011flu, ger\u00e7ek ve g\u00fc\u00e7l\u00fc bir hikayede kendisine rol verilmesinin \u00e7ok k\u0131ymetli oldu\u011funun alt\u0131n\u0131 \u00e7izerken, senaryoyu ilk okurken a\u011flad\u0131\u011f\u0131n\u0131 da itiraf etti.<\/p>\n<p>Annem Ankara dizisindeki &#8216;Vahide&#8217; karakteri ile ekranlarda oynayan oyuncu G\u00f6k\u00e7e Ey\u00fcbo\u011flu, &#8220;Bire bir yak\u0131nlar\u0131mda da buna benzer hikayeler ya\u015fayan insanlar var. O y\u00fczden ger\u00e7e\u011fin bir par\u00e7as\u0131 olmak \u00e7ok k\u0131ymetli&#8221; dedi.<\/p>\n<h3>ANNEM ANKARA&#8217;NIN VAH\u0130DE&#8217;S\u0130 G\u00d6K\u00c7E EY\u00dcBO\u011eLU: H\u0130KAYEM\u0130ZDEN \u00c7OK \u00dcM\u0130TL\u0130Y\u0130M&#8217;<\/h3>\n<p>Annem Ankara&#8217;n\u0131n senaryosunu okudu\u011funda duygular\u0131na hakim olamay\u0131p g\u00f6zya\u015flar\u0131na engel olamad\u0131\u011f\u0131n\u0131 ifade eden oyuncu Ey\u00fcbo\u011flu, &#8220;Hikayemiz \u00e7ok g\u00fc\u00e7l\u00fc, senaryolar\u0131 okurken a\u011flad\u0131m ve kendi kendime &#8216;Bu ger\u00e7ekten ya\u015fand\u0131.<\/p>\n<p><img loading=\"lazy\" decoding=\"async\" class=\"alignnone size-full wp-image-101556\" src=\"https:\/\/www.tgrthaber.com\/mavikadin\/wp-content\/uploads\/Adsiz-tasarim-2024-12-04T112810.906.jpg\" alt=\"\" width=\"1920\" height=\"1080\" title=\"\" srcset=\"https:\/\/www.tgrthaber.com\/mavikadin\/wp-content\/uploads\/Adsiz-tasarim-2024-12-04T112810.906.jpg 1920w, https:\/\/www.tgrthaber.com\/mavikadin\/wp-content\/uploads\/Adsiz-tasarim-2024-12-04T112810.906-300x169.jpg 300w, https:\/\/www.tgrthaber.com\/mavikadin\/wp-content\/uploads\/Adsiz-tasarim-2024-12-04T112810.906-1024x576.jpg 1024w, https:\/\/www.tgrthaber.com\/mavikadin\/wp-content\/uploads\/Adsiz-tasarim-2024-12-04T112810.906-768x432.jpg 768w, https:\/\/www.tgrthaber.com\/mavikadin\/wp-content\/uploads\/Adsiz-tasarim-2024-12-04T112810.906-1536x864.jpg 1536w\" sizes=\"(max-width: 1920px) 100vw, 1920px\" \/><\/p>\n<p>\u015ea\u015f\u0131rma \u00e7\u00fcnk\u00fc senin ailende de bunlar\u0131 ya\u015fayan insanlar var&#8217; dedim. Bu y\u00fczden hikayemizden \u00e7ok \u00fcmitliyim, ya\u015fanm\u0131\u015f olaylar\u0131 anlat\u0131yoruz&#8221; \u015feklinde bir a\u00e7\u0131klama yaparak d\u00fc\u015f\u00fcncelerinden bahsetti.<\/p>\n<h3>G\u00d6K\u00c7E EY\u00dcBO\u011eLU: &#8216;VAH\u0130DE&#8217;Y\u0130 KALB\u0130ME KOYDUM&#8217;<\/h3>\n<p>Annem Ankara&#8217;n\u0131n ba\u015frol\u00fcnde Berg\u00fczar Korel&#8217;in oldu\u011fu dizide Zuhal&#8217;in k\u0131z karde\u015fi Vahide karakterini canland\u0131ran oyuncu G\u00f6k\u00e7e Ey\u00fcbo\u011flu, karakterine de de\u011findi.<\/p>\n<p><img loading=\"lazy\" decoding=\"async\" class=\"alignnone size-full wp-image-101557\" src=\"https:\/\/www.tgrthaber.com\/mavikadin\/wp-content\/uploads\/Adsiz-tasarim-2024-12-04T112828.882.jpg\" alt=\"\" width=\"1920\" height=\"1080\" title=\"\" srcset=\"https:\/\/www.tgrthaber.com\/mavikadin\/wp-content\/uploads\/Adsiz-tasarim-2024-12-04T112828.882.jpg 1920w, https:\/\/www.tgrthaber.com\/mavikadin\/wp-content\/uploads\/Adsiz-tasarim-2024-12-04T112828.882-300x169.jpg 300w, https:\/\/www.tgrthaber.com\/mavikadin\/wp-content\/uploads\/Adsiz-tasarim-2024-12-04T112828.882-1024x576.jpg 1024w, https:\/\/www.tgrthaber.com\/mavikadin\/wp-content\/uploads\/Adsiz-tasarim-2024-12-04T112828.882-768x432.jpg 768w, https:\/\/www.tgrthaber.com\/mavikadin\/wp-content\/uploads\/Adsiz-tasarim-2024-12-04T112828.882-1536x864.jpg 1536w\" sizes=\"(max-width: 1920px) 100vw, 1920px\" \/><\/p>\n<p>&#8220;Vahide&#8217;nin mutsuzlu\u011funu ve yaln\u0131zl\u0131\u011f\u0131n\u0131 kalbime koyarak bir karakter yaratmaya \u00e7al\u0131\u015ft\u0131m. Umar\u0131m seyircilerimiz de be\u011fenmi\u015ftir&#8221; diyerek duygular\u0131ndan bahsetti.<\/p>\n<h3>&#8216;O YILLARI \u00d6ZLEMLE ANIYORUZ&#8217;<\/h3>\n<p>\u0130lgi oda\u011f\u0131 olan Annem Ankara dizisinin 90&#8217;l\u0131 y\u0131llarda ge\u00e7mesinin de kendinde bir fark\u0131ndal\u0131k etkisi olu\u015fturdu\u011funa de\u011finen \u00fcnl\u00fc isim, &#8220;\u00d6nce kendime &#8217;90&#8217;lar ne zaman d\u00f6nem oldu?&#8217; dedim. \u00c7\u00fcnk\u00fc ben kendimi h\u00e2l\u00e2 o y\u0131llarda hissediyorum. Hikayemizin ge\u00e7ti\u011fi o y\u0131llar\u0131 \u00f6zlemle ve romantize ederek anmaya \u00e7al\u0131\u015f\u0131yoruz&#8221; ifadelerinde bulundu.<\/p>\n","protected":false},"excerpt":{"rendered":"<p>Berg\u00fczar Korel ba\u015frol\u00fcnde oldu\u011fu pop\u00fcler dizi olan Annem Ankara hakk\u0131nda samimi itirafta bulundu. Senaryoyu okudu\u011funda \u00e7ok etkilendi\u011fini dile getiren  Korel,&#8221;Senaryoyu elimden b\u0131rakmad\u0131m&#8221; dedi.<\/p>\n","protected":false},"author":27,"featured_media":101573,"comment_status":"closed","ping_status":"closed","sticky":false,"template":"","format":"standard","meta":{"rank_math_lock_modified_date":false,"footnotes":""},"categories":[602],"tags":[2459,2461,3427],"class_list":["post-101546","post","type-post","status-publish","format-standard","has-post-thumbnail","hentry","category-diziler","tag-annem-ankara","tag-berguzar-korel","tag-gokce-eyuboglu"],"_links":{"self":[{"href":"https:\/\/www.tgrthaber.com\/mavikadin\/wp-json\/wp\/v2\/posts\/101546"}],"collection":[{"href":"https:\/\/www.tgrthaber.com\/mavikadin\/wp-json\/wp\/v2\/posts"}],"about":[{"href":"https:\/\/www.tgrthaber.com\/mavikadin\/wp-json\/wp\/v2\/types\/post"}],"author":[{"embeddable":true,"href":"https:\/\/www.tgrthaber.com\/mavikadin\/wp-json\/wp\/v2\/users\/27"}],"replies":[{"embeddable":true,"href":"https:\/\/www.tgrthaber.com\/mavikadin\/wp-json\/wp\/v2\/comments?post=101546"}],"version-history":[{"count":3,"href":"https:\/\/www.tgrthaber.com\/mavikadin\/wp-json\/wp\/v2\/posts\/101546\/revisions"}],"predecessor-version":[{"id":101570,"href":"https:\/\/www.tgrthaber.com\/mavikadin\/wp-json\/wp\/v2\/posts\/101546\/revisions\/101570"}],"wp:featuredmedia":[{"embeddable":true,"href":"https:\/\/www.tgrthaber.com\/mavikadin\/wp-json\/wp\/v2\/media\/101573"}],"wp:attachment":[{"href":"https:\/\/www.tgrthaber.com\/mavikadin\/wp-json\/wp\/v2\/media?parent=101546"}],"wp:term":[{"taxonomy":"category","embeddable":true,"href":"https:\/\/www.tgrthaber.com\/mavikadin\/wp-json\/wp\/v2\/categories?post=101546"},{"taxonomy":"post_tag","embeddable":true,"href":"https:\/\/www.tgrthaber.com\/mavikadin\/wp-json\/wp\/v2\/tags?post=101546"}],"curies":[{"name":"wp","href":"https:\/\/api.w.org\/{rel}","templated":true}]}}