{"id":101664,"date":"2024-12-04T14:14:56","date_gmt":"2024-12-04T11:14:56","guid":{"rendered":"https:\/\/www.tgrthaber.com\/mavikadin\/?p=101664"},"modified":"2025-05-25T14:14:52","modified_gmt":"2025-05-25T11:14:52","slug":"survivor-pinar-saka-kimdir-pinar-saka-kac-yasinda-evli-mi","status":"publish","type":"post","link":"https:\/\/www.tgrthaber.com\/mavikadin\/survivor-pinar-saka-kimdir-pinar-saka-kac-yasinda-evli-mi\/","title":{"rendered":"Survivor P\u0131nar Saka kimdir? P\u0131nar Saka ka\u00e7 ya\u015f\u0131nda evli mi?"},"content":{"rendered":"<p>Ge\u00e7ti\u011fimiz y\u0131l Survivor All Star 2024 yar\u0131\u015fmas\u0131na damga vuran ve ilk Survivor deneyimini 2017 y\u0131l\u0131nda ger\u00e7ekle\u015ftiren P\u0131nar Saka\u2019n\u0131n kim oldu\u011fu merak ediliyor. Survivor yar\u0131\u015fmas\u0131nda sergiledi\u011fi performans ve sporcu ki\u015fili\u011fiyle dikkatleri \u00fczerine toplayan P\u0131nar Saka\u2019n\u0131n kim oldu\u011fu merak edildi. Peki, Survivor P\u0131nar Saka kimdir? P\u0131nar Saka ka\u00e7 ya\u015f\u0131nda, nereli? P\u0131nar Saka evli mi? P\u0131nar Saka hakk\u0131nda merak edilenleri sizin i\u00e7in ara\u015ft\u0131rd\u0131k. \u0130\u015fte P\u0131nar Saka hakk\u0131nda bilinmeyenler\u2026<\/p>\n<h3>PINAR SAKA K\u0130MD\u0130R?<\/h3>\n<p>P\u0131nar Saka, 5 Kas\u0131m 1985 tarihinde \u0130stanbul\u2019da d\u00fcnyaya geldi. \u0130lkokul, ortaokul ve lise e\u011fitimini tamamlayan Saka, y\u00fcksek\u00f6\u011frenimini Nebraska \u00dcniversitesi Uluslararas\u0131 \u0130\u015fletme ve Pazarlama B\u00f6l\u00fcm\u00fc&#8217;nde tamamlayarak mezun oldu. Daha sonra Bo\u011fazi\u00e7i \u00dcniversitesi\u2019nde y\u00fcksek lisans yapma karar\u0131 alan Saka, akademik hayat\u0131nda \u00f6nemli bir kariyer elde etti.<\/p>\n<p><img loading=\"lazy\" decoding=\"async\" class=\"alignnone wp-image-101665\" src=\"https:\/\/www.tgrthaber.com\/mavikadin\/wp-content\/uploads\/Adsiz-tasarim-2024-12-04T140939.032-1024x576.jpg\" alt=\"P\u0131nar Saka kimdir? \" width=\"1208\" height=\"680\" title=\"\" srcset=\"https:\/\/www.tgrthaber.com\/mavikadin\/wp-content\/uploads\/Adsiz-tasarim-2024-12-04T140939.032-1024x576.jpg 1024w, https:\/\/www.tgrthaber.com\/mavikadin\/wp-content\/uploads\/Adsiz-tasarim-2024-12-04T140939.032-300x169.jpg 300w, https:\/\/www.tgrthaber.com\/mavikadin\/wp-content\/uploads\/Adsiz-tasarim-2024-12-04T140939.032-768x432.jpg 768w, https:\/\/www.tgrthaber.com\/mavikadin\/wp-content\/uploads\/Adsiz-tasarim-2024-12-04T140939.032-1536x864.jpg 1536w, https:\/\/www.tgrthaber.com\/mavikadin\/wp-content\/uploads\/Adsiz-tasarim-2024-12-04T140939.032.jpg 1600w\" sizes=\"(max-width: 1208px) 100vw, 1208px\" \/><\/p>\n<hr \/>\n<p>K\u0131sa mesafe ko\u015fucusu olan P\u0131nar Saka, Amerika&#8217;da 2009 y\u0131l\u0131nda NCAA taraf\u0131ndan y\u0131l\u0131n atleti se\u00e7ildi. \u00c7ok k\u00fc\u00e7\u00fck ya\u015flarda spora ba\u015flayan Saka, ilk rekorunu 9 ya\u015f\u0131ndayken 300 m bran\u015f\u0131nda k\u0131rm\u0131\u015ft\u0131r. Saka, 1994 y\u0131l\u0131nda ENKA SK b\u00fcnyesinde spor hayat\u0131na ad\u0131m atm\u0131\u015ft\u0131r.<\/p>\n<p>Ayn\u0131 zamanda Saka, kariyerinin daha \u00e7ok ba\u015flar\u0131nda, k\u00fc\u00e7\u00fck ya\u015fta Milli Tak\u0131ma se\u00e7ilerek 100 m ve 200 m kategorisinde T\u00fcrkiye\u2019yi uluslararas\u0131 alanda temsil etmi\u015ftir. Bununla birlikte Saka, 300 m gen\u00e7ler kategorisinde 38.01 derecesiyle halen T\u00fcrkiye rekorunun sahibidir.<\/p>\n<h3>PINAR SAKA KA\u00c7 YA\u015eINDA?<\/h3>\n<p>\u015eimdilerde 39 ya\u015f\u0131nda olan ba\u015far\u0131l\u0131 sporcu, bir\u00e7ok alanda \u00fclkesini temsil etmi\u015f ve ba\u015far\u0131l\u0131 i\u015flere imza atm\u0131\u015ft\u0131r. Saka, 2012 Londra Olimpiyatlar\u0131-A baraj\u0131n\u0131 ge\u00e7erek olimpiyatlarda 400 m bran\u015f\u0131nda yar\u0131\u015fan ilk ve tek T\u00fcrk kad\u0131n atlet olmaya hak kazanm\u0131\u015ft\u0131r.<\/p>\n<p><img loading=\"lazy\" decoding=\"async\" class=\"alignnone wp-image-101666\" src=\"https:\/\/www.tgrthaber.com\/mavikadin\/wp-content\/uploads\/Adsiz-tasarim-2024-12-04T140905.521-1024x576.jpg\" alt=\"P\u0131nar Saka kimdir? \" width=\"1208\" height=\"680\" title=\"\" srcset=\"https:\/\/www.tgrthaber.com\/mavikadin\/wp-content\/uploads\/Adsiz-tasarim-2024-12-04T140905.521-1024x576.jpg 1024w, https:\/\/www.tgrthaber.com\/mavikadin\/wp-content\/uploads\/Adsiz-tasarim-2024-12-04T140905.521-300x169.jpg 300w, https:\/\/www.tgrthaber.com\/mavikadin\/wp-content\/uploads\/Adsiz-tasarim-2024-12-04T140905.521-768x432.jpg 768w, https:\/\/www.tgrthaber.com\/mavikadin\/wp-content\/uploads\/Adsiz-tasarim-2024-12-04T140905.521-1536x864.jpg 1536w, https:\/\/www.tgrthaber.com\/mavikadin\/wp-content\/uploads\/Adsiz-tasarim-2024-12-04T140905.521.jpg 1600w\" sizes=\"(max-width: 1208px) 100vw, 1208px\" \/><\/p>\n<hr \/>\n<p>\u00dcniversite e\u011fitimi i\u00e7in Amerika Birle\u015fik Devletleri&#8217;ne\u00a0giden ve \u00fcniversitesi ad\u0131na \u00e7e\u015fitli yar\u0131\u015fmalara kat\u0131lan Saka, \u00fcst \u00fcste Omaha School b\u00fcnyesinde rekorlar k\u0131rm\u0131\u015ft\u0131r.\u00a0Omaha School\u2019da bir\u00e7ok rekora imza atan Saka, 2008-2009 y\u0131llar\u0131nda NCAA Lig\u2019de Lig \u015fampiyonu olmu\u015ftur. B\u00fcy\u00fck ba\u015far\u0131lara imza atan ve kariyerini zirveye ta\u015f\u0131yan Saka, 2009 y\u0131l\u0131nda NCAA taraf\u0131ndan y\u0131l\u0131n atleti unvan\u0131n\u0131 kazanm\u0131\u015ft\u0131r.<\/p>\n<h3>PINAR SAKA KAR\u0130YER\u0130NDE NASIL \u0130LERLED\u0130?<\/h3>\n<p>D\u00fcnya \u00e7ap\u0131nda bir\u00e7ok ba\u015far\u0131ya imza atan P\u0131nar Saka, 2011 y\u0131l\u0131n\u0131n \u015eubat ay\u0131nda 400 m salon sahas\u0131nda 52.99 derecesiyle T\u00fcrkiye rekoru k\u0131rm\u0131\u015ft\u0131r. Saka, bu rekoruyla 53 saniye alt\u0131nda ko\u015fan ilk ve tek T\u00fcrk kad\u0131n atlet olma unvan\u0131n\u0131\u00a0almaya hak kazanm\u0131\u015ft\u0131r. Rekordan rekora ko\u015fan Saka, 2011 y\u0131l\u0131n\u0131n May\u0131s ay\u0131nda 52.44 ile 400 m a\u00e7\u0131k hava T\u00fcrkiye rekorunu k\u0131rm\u0131\u015ft\u0131r. Ayn\u0131 y\u0131l\u0131n Temmuz ay\u0131nda 400 m a\u00e7\u0131k hava sahas\u0131nda 51.53 derecesiyle tekrar T\u00fcrkiye rekorunu k\u0131rm\u0131\u015ft\u0131r.<\/p>\n<p><img loading=\"lazy\" decoding=\"async\" class=\"alignnone wp-image-101667\" src=\"https:\/\/www.tgrthaber.com\/mavikadin\/wp-content\/uploads\/Adsiz-tasarim-2024-12-04T141012.197-1024x576.jpg\" alt=\"P\u0131nar Saka kimdir? \" width=\"1208\" height=\"680\" title=\"\" srcset=\"https:\/\/www.tgrthaber.com\/mavikadin\/wp-content\/uploads\/Adsiz-tasarim-2024-12-04T141012.197-1024x576.jpg 1024w, https:\/\/www.tgrthaber.com\/mavikadin\/wp-content\/uploads\/Adsiz-tasarim-2024-12-04T141012.197-300x169.jpg 300w, https:\/\/www.tgrthaber.com\/mavikadin\/wp-content\/uploads\/Adsiz-tasarim-2024-12-04T141012.197-768x432.jpg 768w, https:\/\/www.tgrthaber.com\/mavikadin\/wp-content\/uploads\/Adsiz-tasarim-2024-12-04T141012.197-1536x864.jpg 1536w, https:\/\/www.tgrthaber.com\/mavikadin\/wp-content\/uploads\/Adsiz-tasarim-2024-12-04T141012.197.jpg 1600w\" sizes=\"(max-width: 1208px) 100vw, 1208px\" \/><\/p>\n<hr \/>\n<p>P\u0131nar Saka, ayn\u0131 zamanda bu derecesiyle Olimpiyat-A baraj\u0131n\u0131 ge\u00e7mi\u015f ve a\u00e7\u0131k hava sahas\u0131nda 52 saniye alt\u0131nda ko\u015fan ilk tek T\u00fcrk kad\u0131n atlet unvan\u0131na sahip olmu\u015ftur.\u00a0Saka, Frank Sevigne Husker Invitational yar\u0131\u015f\u0131nda ise elde etmi\u015f oldu\u011fu 53.08 saniye derecesiyle 2011 y\u0131l\u0131nda d\u00fcnya salon sahas\u0131nda en iyi 6. derece olarak kayda ge\u00e7meyi ba\u015farm\u0131\u015ft\u0131r. Saka, 2012 Yaz Olimpiyatlar\u0131\u2019na kat\u0131larak, olimpiyat tarihinde 400 m bran\u015f\u0131nda temsil eden ilk ve tek kad\u0131n atlet olma ba\u015far\u0131s\u0131n\u0131 herkese g\u00f6stermi\u015ftir.<\/p>\n<p><img loading=\"lazy\" decoding=\"async\" class=\"alignnone wp-image-101668\" src=\"https:\/\/www.tgrthaber.com\/mavikadin\/wp-content\/uploads\/Adsiz-tasarim-2024-12-04T140959.292-1024x576.jpg\" alt=\"P\u0131nar Saka kimdir? \" width=\"1208\" height=\"680\" title=\"\" srcset=\"https:\/\/www.tgrthaber.com\/mavikadin\/wp-content\/uploads\/Adsiz-tasarim-2024-12-04T140959.292-1024x576.jpg 1024w, https:\/\/www.tgrthaber.com\/mavikadin\/wp-content\/uploads\/Adsiz-tasarim-2024-12-04T140959.292-300x169.jpg 300w, https:\/\/www.tgrthaber.com\/mavikadin\/wp-content\/uploads\/Adsiz-tasarim-2024-12-04T140959.292-768x432.jpg 768w, https:\/\/www.tgrthaber.com\/mavikadin\/wp-content\/uploads\/Adsiz-tasarim-2024-12-04T140959.292-1536x864.jpg 1536w, https:\/\/www.tgrthaber.com\/mavikadin\/wp-content\/uploads\/Adsiz-tasarim-2024-12-04T140959.292.jpg 1600w\" sizes=\"(max-width: 1208px) 100vw, 1208px\" \/><\/p>\n<hr \/>\n<p>P\u0131nar Saka, 2012 Helsinki Avrupa \u015eampiyonas\u0131 400 m yar\u0131 finalinde ko\u015fmu\u015f ve 52.84 saniye derecesiyle yar\u0131 finale kadar \u00e7\u0131km\u0131\u015f fakat yar\u0131 finalde elenmi\u015ftir. Ba\u015far\u0131l\u0131 sporcu Saka, ayn\u0131 zamanda 4&#215;400 m bayrak tak\u0131m\u0131n\u0131n 2009 Avrupa Salon Atletizm \u015eampiyonas\u0131\u2019nda\u00a03:37.37&#8217;lik derecesiyle bu alanda salon T\u00fcrkiye rekorunu k\u0131rm\u0131\u015ft\u0131r. Bununla birlikte Saka, 2011 Avrupa Tak\u0131mlar \u015eampiyonas\u0131\u2019nda 3.29.42&#8217;lik derecesiyle ise bu alandaki a\u00e7\u0131k hava T\u00fcrkiye rekorunu elinde bulundurmaktad\u0131r.<\/p>\n<p>Ayn\u0131 zamanda Saka, bu rekorlarla yetinmeyip, 4&#215;400 m bayrak tak\u0131m\u0131n\u0131n Tampere\u2019de 3.40.65&#8217;lik derecesiyle bu alandaki gen\u00e7ler rekorunu da elinde ta\u015f\u0131maktad\u0131r.<\/p>\n<h3>PINAR SAKA EVL\u0130 M\u0130, KA\u00c7 \u00c7OCU\u011eU VAR?<\/h3>\n<p>Ba\u015far\u0131l\u0131 sporcu P\u0131nar Saka, 2013 y\u0131l\u0131nda sporu b\u0131rakt\u0131ktan sonra 2015 y\u0131l\u0131nda Alpay Ba\u015faran ile d\u00fcnyaevine girerek hayatlar\u0131n\u0131 birle\u015ftirmi\u015ftir. Saka\u2019n\u0131n Alpay Ba\u015faran ile olan evlili\u011finden 2018 y\u0131l\u0131nda Kaan ad\u0131ndaki \u00e7ocuklar\u0131 d\u00fcnyaya gelmi\u015ftir. \u00c7ift, 2022 y\u0131l\u0131nda yollar\u0131n\u0131 ay\u0131rarak bo\u015fanma karar\u0131 alm\u0131\u015ft\u0131r.<\/p>\n<p><img loading=\"lazy\" decoding=\"async\" class=\"alignnone wp-image-101669\" src=\"https:\/\/www.tgrthaber.com\/mavikadin\/wp-content\/uploads\/Adsiz-tasarim-2024-12-04T140951.750-1024x576.jpg\" alt=\"P\u0131nar Saka kimdir? \" width=\"1208\" height=\"680\" title=\"\" srcset=\"https:\/\/www.tgrthaber.com\/mavikadin\/wp-content\/uploads\/Adsiz-tasarim-2024-12-04T140951.750-1024x576.jpg 1024w, https:\/\/www.tgrthaber.com\/mavikadin\/wp-content\/uploads\/Adsiz-tasarim-2024-12-04T140951.750-300x169.jpg 300w, https:\/\/www.tgrthaber.com\/mavikadin\/wp-content\/uploads\/Adsiz-tasarim-2024-12-04T140951.750-768x432.jpg 768w, https:\/\/www.tgrthaber.com\/mavikadin\/wp-content\/uploads\/Adsiz-tasarim-2024-12-04T140951.750-1536x864.jpg 1536w, https:\/\/www.tgrthaber.com\/mavikadin\/wp-content\/uploads\/Adsiz-tasarim-2024-12-04T140951.750.jpg 1600w\" sizes=\"(max-width: 1208px) 100vw, 1208px\" \/><\/p>\n<hr \/>\n<p>Ba\u015far\u0131l\u0131 sporcu P\u0131nar Saka ise ikinci evlili\u011fini 2023 y\u0131l\u0131nda\u00a0 Erhan Se\u00e7kin ile ger\u00e7ekle\u015ftirmi\u015ftir.<\/p>\n<h3>PINAR SAKA\u2019NIN SURV\u0130VOR KAR\u0130YER\u0130<\/h3>\n<p>P\u0131nar Saka, ilk Survivor deneyimini 2017 y\u0131l\u0131nda ger\u00e7ekle\u015ftirmi\u015ftir. 2013 y\u0131l\u0131nda Saka\u2019ya teklif gelmi\u015f fakat Saka bu teklifi kabul etmemi\u015ftir. Saka, ayn\u0131 zamanda ATV ekranlar\u0131nda izleyici kar\u015f\u0131s\u0131na \u00e7\u0131kan \u201cKim Milyoner Olmak \u0130ster\u201d yar\u0131\u015fmas\u0131na kat\u0131lm\u0131\u015f ve 30.000 TL\u2019lik \u00f6d\u00fcl kazanm\u0131\u015ft\u0131r.<\/p>\n<p><img loading=\"lazy\" decoding=\"async\" class=\"alignnone wp-image-101670\" src=\"https:\/\/www.tgrthaber.com\/mavikadin\/wp-content\/uploads\/Adsiz-tasarim-2024-12-04T140830.095-1024x576.jpg\" alt=\"P\u0131nar Saka kimdir? \" width=\"1208\" height=\"680\" title=\"\" srcset=\"https:\/\/www.tgrthaber.com\/mavikadin\/wp-content\/uploads\/Adsiz-tasarim-2024-12-04T140830.095-1024x576.jpg 1024w, https:\/\/www.tgrthaber.com\/mavikadin\/wp-content\/uploads\/Adsiz-tasarim-2024-12-04T140830.095-300x169.jpg 300w, https:\/\/www.tgrthaber.com\/mavikadin\/wp-content\/uploads\/Adsiz-tasarim-2024-12-04T140830.095-768x432.jpg 768w, https:\/\/www.tgrthaber.com\/mavikadin\/wp-content\/uploads\/Adsiz-tasarim-2024-12-04T140830.095-1536x864.jpg 1536w, https:\/\/www.tgrthaber.com\/mavikadin\/wp-content\/uploads\/Adsiz-tasarim-2024-12-04T140830.095.jpg 1600w\" sizes=\"(max-width: 1208px) 100vw, 1208px\" \/><\/p>\n<hr \/>\n<p>2017 y\u0131l\u0131nda Survivor \u00fcnl\u00fcler tak\u0131m\u0131nda yer alan P\u0131nar Saka, Survivor All Star 2024 yar\u0131\u015fmas\u0131nda yine k\u0131rm\u0131z\u0131 tak\u0131mda performans sergilemi\u015ftir.<\/p>\n","protected":false},"excerpt":{"rendered":"<p>Survivor yar\u0131\u015fmas\u0131yla ad\u0131ndan s\u00f6z ettiren P\u0131nar Saka\u2019n\u0131n kim oldu\u011fu merak ediliyor. Peki, Survivor P\u0131nar Saka kimdir? \u0130\u015fte ayr\u0131nt\u0131lar\u2026 <\/p>\n","protected":false},"author":26,"featured_media":101671,"comment_status":"closed","ping_status":"closed","sticky":false,"template":"","format":"standard","meta":{"rank_math_lock_modified_date":false,"footnotes":""},"categories":[491],"tags":[3444,2366],"class_list":["post-101664","post","type-post","status-publish","format-standard","has-post-thumbnail","hentry","category-biyografi","tag-pinar-saka","tag-survivor"],"_links":{"self":[{"href":"https:\/\/www.tgrthaber.com\/mavikadin\/wp-json\/wp\/v2\/posts\/101664"}],"collection":[{"href":"https:\/\/www.tgrthaber.com\/mavikadin\/wp-json\/wp\/v2\/posts"}],"about":[{"href":"https:\/\/www.tgrthaber.com\/mavikadin\/wp-json\/wp\/v2\/types\/post"}],"author":[{"embeddable":true,"href":"https:\/\/www.tgrthaber.com\/mavikadin\/wp-json\/wp\/v2\/users\/26"}],"replies":[{"embeddable":true,"href":"https:\/\/www.tgrthaber.com\/mavikadin\/wp-json\/wp\/v2\/comments?post=101664"}],"version-history":[{"count":4,"href":"https:\/\/www.tgrthaber.com\/mavikadin\/wp-json\/wp\/v2\/posts\/101664\/revisions"}],"predecessor-version":[{"id":182421,"href":"https:\/\/www.tgrthaber.com\/mavikadin\/wp-json\/wp\/v2\/posts\/101664\/revisions\/182421"}],"wp:featuredmedia":[{"embeddable":true,"href":"https:\/\/www.tgrthaber.com\/mavikadin\/wp-json\/wp\/v2\/media\/101671"}],"wp:attachment":[{"href":"https:\/\/www.tgrthaber.com\/mavikadin\/wp-json\/wp\/v2\/media?parent=101664"}],"wp:term":[{"taxonomy":"category","embeddable":true,"href":"https:\/\/www.tgrthaber.com\/mavikadin\/wp-json\/wp\/v2\/categories?post=101664"},{"taxonomy":"post_tag","embeddable":true,"href":"https:\/\/www.tgrthaber.com\/mavikadin\/wp-json\/wp\/v2\/tags?post=101664"}],"curies":[{"name":"wp","href":"https:\/\/api.w.org\/{rel}","templated":true}]}}