{"id":101685,"date":"2024-12-04T14:57:52","date_gmt":"2024-12-04T11:57:52","guid":{"rendered":"https:\/\/www.tgrthaber.com\/mavikadin\/?p=101685"},"modified":"2024-12-04T15:36:43","modified_gmt":"2024-12-04T12:36:43","slug":"melek-mosso-ile-serkan-sagdic-birbirlerini-yeniden-takibe-aldilar-kusluk-uzun-surmedi","status":"publish","type":"post","link":"https:\/\/www.tgrthaber.com\/mavikadin\/melek-mosso-ile-serkan-sagdic-birbirlerini-yeniden-takibe-aldilar-kusluk-uzun-surmedi\/","title":{"rendered":"Melek Mosso ile Serkan Sa\u011fd\u0131\u00e7 krizinin nedeni para m\u0131yd\u0131?"},"content":{"rendered":"<p>Sosyal medya hesaplar\u0131ndan birbirlerinin foto\u011fraflar\u0131n\u0131 kald\u0131ran \u00e7ift aras\u0131ndaki anla\u015fmazl\u0131k uzun s\u00fcrmedi. Ancak\u00a0Melek Mosso ile Serkan Sa\u011fd\u0131\u00e7 \u00e7iftinin aras\u0131ndaki krizin ne oldu\u011fu merak konusu oldu. Peki Melek Mosso ile Serkan Sa\u011fd\u0131\u00e7 krizinin nedeni para m\u0131yd\u0131?<\/p>\n<p>\u00dcnl\u00fc televizyoncu M\u00fcge Da\u011f\u0131stanl\u0131, \u00e7iftin bu ili\u015fkisine dair ald\u0131\u011f\u0131 duyumlar\u0131 program\u0131nda payla\u015ft\u0131. Da\u011f\u0131stanl\u0131, Melek Mosso\u2019nun kariyerindeki y\u00fckseli\u015fin gerilime neden oldu\u011funu iddia etti.<\/p>\n<h3>MELEK MOSSO \u0130LE SERKAN SA\u011eDI\u00c7 KR\u0130Z\u0130N\u0130N NEDEN\u0130 PARA MIYDI?<\/h3>\n<p>M\u00fcge Da\u011f\u0131stanl\u0131, &#8220;Kulislerde konu\u015fulan nedeni sizlere aktaral\u0131m&#8221; diyerek a\u00e7\u0131klamada bulundu.<\/p>\n<p>&#8220;Melek Mosso ard\u0131 ard\u0131na sahnede b\u00fcy\u00fck i\u015fler yapan biri, ka\u015fesi y\u00fckseldi. B\u00fct\u00fcn s\u0131k\u0131nt\u0131 burada Melek Mosso&#8217;nun iyi para kazanmas\u0131, kariyerinin s\u00fcrekli y\u0131ld\u0131z hale gelmesi. E\u015finin ise faal bir \u015fey yok!<br \/>\nHer \u015feyi organize edecek ki\u015fiyi karde\u015fi olarak se\u00e7iyor bu durumda da bir kriz \u00e7\u0131k\u0131yor. Belki de o e\u015finin i\u015flerini devralmak istiyordu&#8230;&#8221;<\/p>\n<p>Melek Mosso ile Serkan Sa\u011fd\u0131\u00e7 sosyal medyada birbirlerini yeniden takip etmeye ba\u015flad\u0131. Bo\u015fanma konusuyla g\u00fcndeme gelen \u00fcnl\u00fc \u00e7ift evliliklerindeki krizi a\u015ft\u0131.<\/p>\n<h3>YEN\u0130 HAMLELER\u0130YLE SEV\u0130ND\u0130RD\u0130LER<\/h3>\n<p>\u015eark\u0131c\u0131 Melek Mosso ile e\u015fi Serkan Sa\u011fd\u0131\u00e7 sosyal medyada yeniden birbirlerini takibe ald\u0131lar. Evliliklerindeki krizi a\u015fan \u00e7iftin bo\u015fanacaklar\u0131 konu\u015fuluyordu.<\/p>\n<p>Melek Mosso dillere pelesenk olan \u015fark\u0131lar\u0131n\u0131n yan\u0131 s\u0131ra \u00f6zel hayat\u0131yla da zaman zaman g\u00fcndem oluyor.<\/p>\n<p>Son olarak hesaplar\u0131ndan e\u015fiyle birbirlerinin foto\u011fraflar\u0131n\u0131 kald\u0131rmalar\u0131 ve takipten \u00e7\u0131kmalar\u0131 sosyal medyada g\u00fcndem olmu\u015ftu.<\/p>\n<p>Melek Mosso iki y\u0131l beraberlik ya\u015fad\u0131\u011f\u0131 model Serkan Sa\u011fd\u0131\u00e7 ile Ekim 2023&#8217;te evlenmi\u015fti.<\/p>\n<p><img loading=\"lazy\" decoding=\"async\" class=\"alignnone size-large wp-image-101686\" src=\"https:\/\/www.tgrthaber.com\/mavikadin\/wp-content\/uploads\/Serkan-Sagdic-Melek-Mosso-2-819x1024.webp\" alt=\"\" width=\"640\" height=\"800\" title=\"\" srcset=\"https:\/\/www.tgrthaber.com\/mavikadin\/wp-content\/uploads\/Serkan-Sagdic-Melek-Mosso-2-819x1024.webp 819w, https:\/\/www.tgrthaber.com\/mavikadin\/wp-content\/uploads\/Serkan-Sagdic-Melek-Mosso-2-240x300.webp 240w, https:\/\/www.tgrthaber.com\/mavikadin\/wp-content\/uploads\/Serkan-Sagdic-Melek-Mosso-2-768x960.webp 768w, https:\/\/www.tgrthaber.com\/mavikadin\/wp-content\/uploads\/Serkan-Sagdic-Melek-Mosso-2.webp 1080w\" sizes=\"(max-width: 640px) 100vw, 640px\" \/><\/p>\n<h3>\u00c7\u0130FT\u0130N K\u00dcSL\u00dc\u011e\u00dc UZUN S\u00dcRMED\u0130<\/h3>\n<p>Birbirlerini sosyal medya hesaplar\u0131ndan takipten \u00e7\u0131karan \u00e7iftin k\u00fcsl\u00fc\u011f\u00fc uzun s\u00fcrmedi. Sorunlar\u0131n\u0131 halleden ikili birbirlerini yeniden takibe ald\u0131lar.<\/p>\n<h3>&#8220;ALINAN B\u0130R KARAR YOK&#8221;<\/h3>\n<p>Serkan Sa\u011fd\u0131\u00e7 gitti\u011fi bir davette e\u015fiyle neden k\u00fcst\u00fcklerini a\u00e7\u0131klamazken bo\u015fanma gibi bir durumun olmad\u0131\u011f\u0131n\u0131 s\u00f6yledi. Sa\u011fd\u0131\u00e7 \u015fu ifadeleri kulland\u0131:<\/p>\n<p>&#8220;Her evlilikte olabilecek \u015feyler. \u015eu an bir \u015fey diyemem. Al\u0131nan bir karar yok.&#8221;<\/p>\n<p><img loading=\"lazy\" decoding=\"async\" class=\"alignnone size-large wp-image-101687\" src=\"https:\/\/www.tgrthaber.com\/mavikadin\/wp-content\/uploads\/Melek-mosso-741x1024.webp\" alt=\"\" width=\"640\" height=\"884\" title=\"\" srcset=\"https:\/\/www.tgrthaber.com\/mavikadin\/wp-content\/uploads\/Melek-mosso-741x1024.webp 741w, https:\/\/www.tgrthaber.com\/mavikadin\/wp-content\/uploads\/Melek-mosso-217x300.webp 217w, https:\/\/www.tgrthaber.com\/mavikadin\/wp-content\/uploads\/Melek-mosso-768x1061.webp 768w, https:\/\/www.tgrthaber.com\/mavikadin\/wp-content\/uploads\/Melek-mosso.webp 770w\" sizes=\"(max-width: 640px) 100vw, 640px\" \/><\/p>\n","protected":false},"excerpt":{"rendered":"<p>Bo\u015fanacaklar\u0131 y\u00f6n\u00fcnde \u00e7\u0131kan haberleri yalanlayan Melek Mosso ile Serkan Sa\u011fd\u0131\u00e7 aras\u0131ndaki krizinin nedeni para m\u0131yd\u0131? Magazin d\u00fcnyas\u0131na bomba gibi d\u00fc\u015fen bo\u015fanma haberini yalanlayan \u00e7ift sosyal medyada g\u00fcndem oldu.<\/p>\n","protected":false},"author":5,"featured_media":101688,"comment_status":"closed","ping_status":"closed","sticky":false,"template":"","format":"standard","meta":{"rank_math_lock_modified_date":false,"footnotes":""},"categories":[76],"tags":[3155,3156],"class_list":["post-101685","post","type-post","status-publish","format-standard","has-post-thumbnail","hentry","category-magazin","tag-melek-mosso","tag-serkan-sagdic"],"_links":{"self":[{"href":"https:\/\/www.tgrthaber.com\/mavikadin\/wp-json\/wp\/v2\/posts\/101685"}],"collection":[{"href":"https:\/\/www.tgrthaber.com\/mavikadin\/wp-json\/wp\/v2\/posts"}],"about":[{"href":"https:\/\/www.tgrthaber.com\/mavikadin\/wp-json\/wp\/v2\/types\/post"}],"author":[{"embeddable":true,"href":"https:\/\/www.tgrthaber.com\/mavikadin\/wp-json\/wp\/v2\/users\/5"}],"replies":[{"embeddable":true,"href":"https:\/\/www.tgrthaber.com\/mavikadin\/wp-json\/wp\/v2\/comments?post=101685"}],"version-history":[{"count":4,"href":"https:\/\/www.tgrthaber.com\/mavikadin\/wp-json\/wp\/v2\/posts\/101685\/revisions"}],"predecessor-version":[{"id":101704,"href":"https:\/\/www.tgrthaber.com\/mavikadin\/wp-json\/wp\/v2\/posts\/101685\/revisions\/101704"}],"wp:featuredmedia":[{"embeddable":true,"href":"https:\/\/www.tgrthaber.com\/mavikadin\/wp-json\/wp\/v2\/media\/101688"}],"wp:attachment":[{"href":"https:\/\/www.tgrthaber.com\/mavikadin\/wp-json\/wp\/v2\/media?parent=101685"}],"wp:term":[{"taxonomy":"category","embeddable":true,"href":"https:\/\/www.tgrthaber.com\/mavikadin\/wp-json\/wp\/v2\/categories?post=101685"},{"taxonomy":"post_tag","embeddable":true,"href":"https:\/\/www.tgrthaber.com\/mavikadin\/wp-json\/wp\/v2\/tags?post=101685"}],"curies":[{"name":"wp","href":"https:\/\/api.w.org\/{rel}","templated":true}]}}