{"id":101696,"date":"2024-12-04T15:29:55","date_gmt":"2024-12-04T12:29:55","guid":{"rendered":"https:\/\/www.tgrthaber.com\/mavikadin\/?p=101696"},"modified":"2024-12-04T15:29:55","modified_gmt":"2024-12-04T12:29:55","slug":"esra-erol-ve-esi-ali-ozbirin-evlilik-uyumu-ornek-cift","status":"publish","type":"post","link":"https:\/\/www.tgrthaber.com\/mavikadin\/esra-erol-ve-esi-ali-ozbirin-evlilik-uyumu-ornek-cift\/","title":{"rendered":"Esra Erol ve e\u015fi Ali \u00d6zbir\u2019in evlilik uyumu! \u00d6rnek \u00e7ift"},"content":{"rendered":"<p>ATV ekranlar\u0131n\u0131n sevilen program\u0131 Esra Erol\u2019da t\u00fcm h\u0131z\u0131yla devam ediyor. G\u00fcnd\u00fcz ku\u015fa\u011f\u0131 program\u0131n\u0131n sunucusu Esra Erol\u2019da programa kald\u0131\u011f\u0131 yerden devam ediyor. Hem \u00f6zel hayat\u0131yla hem de ba\u015far\u0131l\u0131 sunuculu\u011fuyla seyircinin yo\u011fun ilgisini \u00e7eken Esra Erol, ge\u00e7ti\u011fimiz gece e\u015fi Ali \u00d6zbir ile y\u00fcz\u00fc oldu\u011fu markan\u0131n davetine kat\u0131ld\u0131. Evliliklerini g\u00f6zlerden uzak ya\u015famay\u0131 tercih eden \u00e7ift, uzun s\u00fcrenin ard\u0131ndan birlikte g\u00f6r\u00fcnt\u00fclendi. \u00c7ift, kat\u0131ld\u0131klar\u0131 davette gazetecilerin sorular\u0131n\u0131 yan\u0131tlad\u0131\u2026<\/p>\n<h3>ESRA EROL E\u015e\u0130 AL\u0130 \u00d6ZB\u0130R \u0130LE Y\u00dcZ\u00dc OLDU\u011eU MARKANIN DAVET\u0130NDE!<\/h3>\n<p>ATV ekranlar\u0131n\u0131n ba\u015far\u0131l\u0131 sunucusu Esra Erol, 2010 y\u0131l\u0131nda i\u015f insan\u0131 Ali \u00d6zbir ile d\u00fcnyaevine girmi\u015fti. 14 y\u0131ld\u0131r mutlu beraberliklerini devam ettiren \u00e7ift, evliliklerini g\u00f6zlerden uzak bir \u015fekilde ya\u015famay\u0131 tercih ediyor.<\/p>\n<p><img loading=\"lazy\" decoding=\"async\" class=\"size-large wp-image-101697\" src=\"https:\/\/www.tgrthaber.com\/mavikadin\/wp-content\/uploads\/Adsiz-tasarim-2024-12-04T151854.222-1024x576.jpg\" alt=\"Esra Erol ve e\u015fi Ali \u00d6zbir\u2019in evlilik uyumu! \" width=\"640\" height=\"360\" title=\"\" srcset=\"https:\/\/www.tgrthaber.com\/mavikadin\/wp-content\/uploads\/Adsiz-tasarim-2024-12-04T151854.222-1024x576.jpg 1024w, https:\/\/www.tgrthaber.com\/mavikadin\/wp-content\/uploads\/Adsiz-tasarim-2024-12-04T151854.222-300x169.jpg 300w, https:\/\/www.tgrthaber.com\/mavikadin\/wp-content\/uploads\/Adsiz-tasarim-2024-12-04T151854.222-768x432.jpg 768w, https:\/\/www.tgrthaber.com\/mavikadin\/wp-content\/uploads\/Adsiz-tasarim-2024-12-04T151854.222-1536x864.jpg 1536w, https:\/\/www.tgrthaber.com\/mavikadin\/wp-content\/uploads\/Adsiz-tasarim-2024-12-04T151854.222.jpg 1600w\" sizes=\"(max-width: 640px) 100vw, 640px\" \/><\/p>\n<p>Uzun s\u00fcredir birlikteliklerini devam ettiren ve 2 \u00e7ocuk sahibi olan \u00e7ift, mutlu bir aile hayat\u0131 s\u00fcrd\u00fcrerek \u00e7evresindekilere \u00f6rnek bir \u00e7ift oluyor. Uzun s\u00fcredir birlikte g\u00f6r\u00fcnt\u00fc vermeyen Esra Erol ve Ali \u00d6zbir \u00e7ifti ge\u00e7ti\u011fimiz gece kat\u0131ld\u0131klar\u0131 davette gazetecilerin sorular\u0131n\u0131 yan\u0131tlad\u0131. Esra Erol, e\u015fi Ali \u00d6zbir ile y\u00fcz\u00fc oldu\u011fu markan\u0131n davetine kat\u0131ld\u0131. Kat\u0131ld\u0131klar\u0131 davette beraber g\u00f6r\u00fcnt\u00fc veren \u00e7ift, gazetecilerin sorular\u0131n\u0131 yan\u0131tlamadan da ge\u00e7medi.<\/p>\n<h3>ESRA EROL VE E\u015e\u0130 AL\u0130 \u00d6ZB\u0130R\u2019\u0130N EVL\u0130L\u0130K UYUMU!<\/h3>\n<p>ATV ekranlar\u0131n\u0131n sevilen sunucusu Esra Erol hem \u00f6zel hayat\u0131yla hem de ba\u015far\u0131l\u0131 sunuculu\u011fuyla herkesin yo\u011fun ilgisini g\u00f6r\u00fcyor. Esra Erol, ge\u00e7ti\u011fimiz gece y\u00fcz\u00fc oldu\u011fu markan\u0131n davetine e\u015fi Ali \u00d6zbir ile kat\u0131ld\u0131. Uzun s\u00fcredir beraber g\u00f6r\u00fcnt\u00fc vermeyen \u00e7ift, gazetecilerin sorular\u0131n\u0131 yan\u0131tlad\u0131. \u00c7ift, davetteki a\u00e7\u0131klamalar\u0131yla dikkatleri \u00fczerine toplad\u0131.<\/p>\n<p><img loading=\"lazy\" decoding=\"async\" class=\"size-large wp-image-101698\" src=\"https:\/\/www.tgrthaber.com\/mavikadin\/wp-content\/uploads\/Adsiz-tasarim-2024-12-04T151953.219-1024x576.jpg\" alt=\"Esra Erol ve e\u015fi Ali \u00d6zbir\u2019in evlilik uyumu! \" width=\"640\" height=\"360\" title=\"\" srcset=\"https:\/\/www.tgrthaber.com\/mavikadin\/wp-content\/uploads\/Adsiz-tasarim-2024-12-04T151953.219-1024x576.jpg 1024w, https:\/\/www.tgrthaber.com\/mavikadin\/wp-content\/uploads\/Adsiz-tasarim-2024-12-04T151953.219-300x169.jpg 300w, https:\/\/www.tgrthaber.com\/mavikadin\/wp-content\/uploads\/Adsiz-tasarim-2024-12-04T151953.219-768x432.jpg 768w, https:\/\/www.tgrthaber.com\/mavikadin\/wp-content\/uploads\/Adsiz-tasarim-2024-12-04T151953.219-1536x864.jpg 1536w, https:\/\/www.tgrthaber.com\/mavikadin\/wp-content\/uploads\/Adsiz-tasarim-2024-12-04T151953.219.jpg 1600w\" sizes=\"(max-width: 640px) 100vw, 640px\" \/><\/p>\n<p>Marka y\u00fcz\u00fc oldu\u011fu davette gazetecilerin sorular\u0131n\u0131 yan\u0131tlayan Esra Erol, \u201cBen sete giderken evde Ali kal\u0131yor \u00e7ocuklarla, onun i\u015fi oldu\u011funda ben kal\u0131yorum. \u0130kimiz birbirimizi hayat boyu tamaml\u0131yoruz\u201d ifadelerini kulland\u0131.<\/p>\n<h3>YAPTIKLARI A\u00c7IKLAMALARLA \u00d6RNEK \u00c7\u0130FT DED\u0130RTT\u0130RD\u0130LER!<\/h3>\n<p>\u00dcnl\u00fc \u00e7ift, gazetecilerin \u201c\u00c7ok yo\u011fun bir sezon ge\u00e7iriyorsunuz, yeni y\u0131lda yakla\u015f\u0131yor tatil plan\u0131 yapt\u0131n\u0131z m\u0131?\u201d sorular\u0131 kar\u015f\u0131s\u0131nda, \u201cBiz maalesef yapm\u0131\u015f oldu\u011fumuz i\u015ften dolay\u0131 o planlar\u0131 yapam\u0131yoruz. Hafta i\u00e7i her g\u00fcn yay\u0131n. Bizim i\u00e7in en b\u00fcy\u00fck tatil eve girmek, dinlenip evden \u00e7\u0131kmak\u201d ifadelerini kulland\u0131.<\/p>\n<div style=\"width: 640px;\" class=\"wp-video\"><!--[if lt IE 9]><script>document.createElement('video');<\/script><![endif]-->\n<video class=\"wp-video-shortcode\" id=\"video-101696-1\" width=\"640\" height=\"640\" preload=\"metadata\" controls=\"controls\"><source type=\"video\/mp4\" src=\"https:\/\/www.tgrthaber.com\/mavikadin\/wp-content\/uploads\/Kahverengi-Sade-Zarif-Kucuk-Isletme-Kuafor-Instagram-Video-5-1.mp4?_=1\" \/><a href=\"https:\/\/www.tgrthaber.com\/mavikadin\/wp-content\/uploads\/Kahverengi-Sade-Zarif-Kucuk-Isletme-Kuafor-Instagram-Video-5-1.mp4\">https:\/\/www.tgrthaber.com\/mavikadin\/wp-content\/uploads\/Kahverengi-Sade-Zarif-Kucuk-Isletme-Kuafor-Instagram-Video-5-1.mp4<\/a><\/video><\/div>\n<p>Esra Erol ve Ali \u00d6zbir \u00e7ifti yapm\u0131\u015f olduklar\u0131 a\u00e7\u0131klamalarda magazin d\u00fcnyas\u0131n\u0131n g\u00fcndemine bomba gibi oturdu. Uzun y\u0131llard\u0131r birlikteliklerini devam ettiren \u00fcnl\u00fc \u00e7ift, kat\u0131ld\u0131klar\u0131 davette gazetecilerin sorular\u0131n\u0131 yan\u0131tlayarak sosyal medyada g\u00fcndem oldu. \u00d6te yandan \u00fcnl\u00fc \u00e7iftin uzun s\u00fcren birlikteli\u011fi ve uyumu \u00f6rnek \u00e7ift dedirttirdi.<\/p>\n","protected":false},"excerpt":{"rendered":"<p>Esra Erol ve e\u015fi Ali \u00d6zbir kat\u0131ld\u0131\u011f\u0131 davette gazetecilerin sorular\u0131n\u0131 yan\u0131tlad\u0131. \u0130\u015fte detaylar\u2026 <\/p>\n","protected":false},"author":26,"featured_media":101702,"comment_status":"closed","ping_status":"closed","sticky":false,"template":"","format":"standard","meta":{"rank_math_lock_modified_date":false,"footnotes":""},"categories":[76],"tags":[3448,3228],"class_list":["post-101696","post","type-post","status-publish","format-standard","has-post-thumbnail","hentry","category-magazin","tag-ali-ozbir","tag-esra-erol"],"_links":{"self":[{"href":"https:\/\/www.tgrthaber.com\/mavikadin\/wp-json\/wp\/v2\/posts\/101696"}],"collection":[{"href":"https:\/\/www.tgrthaber.com\/mavikadin\/wp-json\/wp\/v2\/posts"}],"about":[{"href":"https:\/\/www.tgrthaber.com\/mavikadin\/wp-json\/wp\/v2\/types\/post"}],"author":[{"embeddable":true,"href":"https:\/\/www.tgrthaber.com\/mavikadin\/wp-json\/wp\/v2\/users\/26"}],"replies":[{"embeddable":true,"href":"https:\/\/www.tgrthaber.com\/mavikadin\/wp-json\/wp\/v2\/comments?post=101696"}],"version-history":[{"count":1,"href":"https:\/\/www.tgrthaber.com\/mavikadin\/wp-json\/wp\/v2\/posts\/101696\/revisions"}],"predecessor-version":[{"id":101703,"href":"https:\/\/www.tgrthaber.com\/mavikadin\/wp-json\/wp\/v2\/posts\/101696\/revisions\/101703"}],"wp:featuredmedia":[{"embeddable":true,"href":"https:\/\/www.tgrthaber.com\/mavikadin\/wp-json\/wp\/v2\/media\/101702"}],"wp:attachment":[{"href":"https:\/\/www.tgrthaber.com\/mavikadin\/wp-json\/wp\/v2\/media?parent=101696"}],"wp:term":[{"taxonomy":"category","embeddable":true,"href":"https:\/\/www.tgrthaber.com\/mavikadin\/wp-json\/wp\/v2\/categories?post=101696"},{"taxonomy":"post_tag","embeddable":true,"href":"https:\/\/www.tgrthaber.com\/mavikadin\/wp-json\/wp\/v2\/tags?post=101696"}],"curies":[{"name":"wp","href":"https:\/\/api.w.org\/{rel}","templated":true}]}}