{"id":101708,"date":"2024-12-04T16:12:59","date_gmt":"2024-12-04T13:12:59","guid":{"rendered":"https:\/\/www.tgrthaber.com\/mavikadin\/?p=101708"},"modified":"2024-12-04T16:12:59","modified_gmt":"2024-12-04T13:12:59","slug":"wanda-nara-eski-kayinpederi-juan-carlos-icardinin-dogum-gununu-kutladi","status":"publish","type":"post","link":"https:\/\/www.tgrthaber.com\/mavikadin\/wanda-nara-eski-kayinpederi-juan-carlos-icardinin-dogum-gununu-kutladi\/","title":{"rendered":"Wanda Nara eski kay\u0131npederi Juan Carlos \u0130cardi&#8217;nin do\u011fum g\u00fcn\u00fcn\u00fc kutlad\u0131!"},"content":{"rendered":"<p>Bu ara magazin g\u00fcndeminin en pop\u00fcler isimlerinden olan Wanda Nara ile Mauro Icardi&#8217;nin ini\u015fli \u00e7\u0131k\u0131\u015fl\u0131 ili\u015fki s\u00fcrecinde Wanda Nara&#8217;n\u0131n eski kay\u0131npederinin do\u011fum g\u00fcn\u00fcn\u00fc kutlayarak ona mesaj g\u00f6ndermesinde bulunmas\u0131 sosyal medyaya damga vurdu.<\/p>\n<p>Arjantinli futbolcu Mauro \u0130cardi ile \u00fcnl\u00fc rap\u00e7i L-Gante ile sevgili olan Wanda Nara&#8217;n\u0131n ayr\u0131l\u0131\u011f\u0131 hem sosyal medyada hem de hukuk arenas\u0131nda patlay\u0131p gitmesi bir yana \u00fcnl\u00fc ikilinin birbirlerini if\u015falamalar\u0131 bir yana Wanda Nara&#8217;n\u0131n, Susana Gim\u00e9neze kar\u015f\u0131 yapt\u0131\u011f\u0131 bir r\u00f6portaj a\u00e7\u0131klamas\u0131nda bo\u015fanman\u0131n ayr\u0131nt\u0131lar\u0131n\u0131 ve sadakatsizlik iddialar\u0131 ile ilgili konu\u015ftu.<\/p>\n<p>Birbirlerini if\u015falad\u0131klar\u0131 zamandan sonra 48 saat ge\u00e7meden, Wanda Nara&#8217;n\u0131n eski kay\u0131npederi yani \u0130cardi&#8217;nin babas\u0131 olan Juan Carlos Icardi&#8217;ye yapt\u0131\u011f\u0131 jest sosyal medyada g\u00f6ze \u00e7arpt\u0131.<\/p>\n<h3>WANDA NARA&#8217;DAN ESK\u0130 KAYINPEDER\u0130NE S\u00dcRPR\u0130Z DO\u011eUM G\u00dcN\u00dc PAYLA\u015eIMI<\/h3>\n<p>Sosyal medya hesab\u0131n\u0131 aktif kullanan isimlerden olan Wanda Nara, Instagram storylerinde pe\u015f pe\u015fe yapt\u0131\u011f\u0131 iki payla\u015f\u0131m ile eski kay\u0131npederi \u0130cardi&#8217;nin babas\u0131 Juan Carlos Icardi&#8217;nin yeni ya\u015f g\u00fcn\u00fcn\u00fc kutlad\u0131.<\/p>\n<p><img loading=\"lazy\" decoding=\"async\" class=\"alignnone size-full wp-image-101714\" src=\"https:\/\/www.tgrthaber.com\/mavikadin\/wp-content\/uploads\/Adsiz-tasarim-2024-12-04T160551.571.jpg\" alt=\"\" width=\"1920\" height=\"1080\" title=\"\" srcset=\"https:\/\/www.tgrthaber.com\/mavikadin\/wp-content\/uploads\/Adsiz-tasarim-2024-12-04T160551.571.jpg 1920w, https:\/\/www.tgrthaber.com\/mavikadin\/wp-content\/uploads\/Adsiz-tasarim-2024-12-04T160551.571-300x169.jpg 300w, https:\/\/www.tgrthaber.com\/mavikadin\/wp-content\/uploads\/Adsiz-tasarim-2024-12-04T160551.571-1024x576.jpg 1024w, https:\/\/www.tgrthaber.com\/mavikadin\/wp-content\/uploads\/Adsiz-tasarim-2024-12-04T160551.571-768x432.jpg 768w, https:\/\/www.tgrthaber.com\/mavikadin\/wp-content\/uploads\/Adsiz-tasarim-2024-12-04T160551.571-1536x864.jpg 1536w\" sizes=\"(max-width: 1920px) 100vw, 1920px\" \/><\/p>\n<p>Payla\u015f\u0131m\u0131nda eski kay\u0131npederini, k\u0131z\u0131 Francesca ile beraber \u00e7ekildi\u011fi\u00a0 bir foto\u011fraf yay\u0131nlay\u0131p alt\u0131na, &#8220;En tatl\u0131 b\u00fcy\u00fckbaban\u0131n do\u011fum g\u00fcn\u00fc kutlu olsun, seni \u00e7ok seviyoruz&#8221; notunu d\u00fc\u015ft\u00fc\u011f\u00fc bir ifade kulland\u0131.<\/p>\n<p>Daha sonraki sosyal medya payla\u015f\u0131m\u0131nda ise, eski kay\u0131npederi Juan Carlos ile beraber bir u\u00e7akta olduklar\u0131 eski bir foto\u011fraf\u0131 daha yay\u0131nlad\u0131. Wanda, bu payla\u015f\u0131m\u0131ndaki kareye, &#8220;D\u00fcnyan\u0131n en iyi dedesi, \u00e7ocuklar\u0131m i\u00e7in yapt\u0131\u011f\u0131n\u0131z her \u015fey i\u00e7in te\u015fekk\u00fcr ederim&#8221; notunu d\u00fc\u015ferek \u0130cardi&#8217;nin babas\u0131na te\u015fekk\u00fcrlerini sundu.<\/p>\n<h3>JUAN CARLOS \u0130CARD\u0130&#8217;DEN ESK\u0130 GEL\u0130N\u0130 WANDA NARA&#8217;YA YE\u015e\u0130L I\u015eIK S\u0130NYAL\u0130<\/h3>\n<p>Futbolcu Mauro \u0130cardi&#8217;nin babas\u0131 Juan Carlos \u0130cardi, daha \u00f6nceden \u2018Benim evim Wanda Nara\u2019ya da Mauro Icardi\u2019ye de a\u00e7\u0131k.\u2019 ifadesinde bulunarak gelininin ve o\u011flunun ili\u015fkisine \u00e7ok kar\u0131\u015fmak istemedi\u011fini ancak, ne olursa olsun kap\u0131s\u0131n\u0131n her ikisine de a\u00e7\u0131k oldu\u011funu ifade etmi\u015fti.<\/p>\n","protected":false},"excerpt":{"rendered":"<p> Wanda Nara eski e\u015fi futbolcu Mauro Icardi&#8217;nin babas\u0131 Juan Carlos Icardi&#8217;nin do\u011fum g\u00fcn\u00fcn\u00fc kutlayarak sosyal medyaya yine damga vurdu.<\/p>\n","protected":false},"author":27,"featured_media":101715,"comment_status":"closed","ping_status":"closed","sticky":false,"template":"","format":"standard","meta":{"rank_math_lock_modified_date":false,"footnotes":""},"categories":[76],"tags":[3451,2241,2222],"class_list":["post-101708","post","type-post","status-publish","format-standard","has-post-thumbnail","hentry","category-magazin","tag-juan-carlos-icardi","tag-mauro-icardi","tag-wanda-nara"],"_links":{"self":[{"href":"https:\/\/www.tgrthaber.com\/mavikadin\/wp-json\/wp\/v2\/posts\/101708"}],"collection":[{"href":"https:\/\/www.tgrthaber.com\/mavikadin\/wp-json\/wp\/v2\/posts"}],"about":[{"href":"https:\/\/www.tgrthaber.com\/mavikadin\/wp-json\/wp\/v2\/types\/post"}],"author":[{"embeddable":true,"href":"https:\/\/www.tgrthaber.com\/mavikadin\/wp-json\/wp\/v2\/users\/27"}],"replies":[{"embeddable":true,"href":"https:\/\/www.tgrthaber.com\/mavikadin\/wp-json\/wp\/v2\/comments?post=101708"}],"version-history":[{"count":2,"href":"https:\/\/www.tgrthaber.com\/mavikadin\/wp-json\/wp\/v2\/posts\/101708\/revisions"}],"predecessor-version":[{"id":101720,"href":"https:\/\/www.tgrthaber.com\/mavikadin\/wp-json\/wp\/v2\/posts\/101708\/revisions\/101720"}],"wp:featuredmedia":[{"embeddable":true,"href":"https:\/\/www.tgrthaber.com\/mavikadin\/wp-json\/wp\/v2\/media\/101715"}],"wp:attachment":[{"href":"https:\/\/www.tgrthaber.com\/mavikadin\/wp-json\/wp\/v2\/media?parent=101708"}],"wp:term":[{"taxonomy":"category","embeddable":true,"href":"https:\/\/www.tgrthaber.com\/mavikadin\/wp-json\/wp\/v2\/categories?post=101708"},{"taxonomy":"post_tag","embeddable":true,"href":"https:\/\/www.tgrthaber.com\/mavikadin\/wp-json\/wp\/v2\/tags?post=101708"}],"curies":[{"name":"wp","href":"https:\/\/api.w.org\/{rel}","templated":true}]}}