{"id":101789,"date":"2025-01-08T18:49:30","date_gmt":"2025-01-08T15:49:30","guid":{"rendered":"https:\/\/www.tgrthaber.com\/mavikadin\/?p=101789"},"modified":"2025-01-08T21:24:43","modified_gmt":"2025-01-08T18:24:43","slug":"sandik-kokusu-hakan-kimdir-pamir-pekin-kim-kac-yasinda-evli-mi-yasi-kilosu","status":"publish","type":"post","link":"https:\/\/www.tgrthaber.com\/mavikadin\/sandik-kokusu-hakan-kimdir-pamir-pekin-kim-kac-yasinda-evli-mi-yasi-kilosu\/","title":{"rendered":"Sand\u0131k Kokusu Hakan kimdir? Pamir Pekin kim, ka\u00e7 ya\u015f\u0131nda, evli mi? Ya\u015f\u0131, kilosu"},"content":{"rendered":"<p>Pamir Pekin, Sand\u0131k Kokusu kadrosunda. 45 ya\u015f\u0131ndaki ba\u015far\u0131l\u0131 oyuncu, g\u00fcvenlik g\u00f6revlisi Hakan rol\u00fcyle ekranlarda olacak. Kariyeri, ya\u015f\u0131 ve \u00f6zel hayat\u0131 hakk\u0131nda detaylar\u0131 sizler i\u00e7in derledik.<\/p>\n<p>SHOW TV\u2019nin b\u00fcy\u00fck be\u011feni toplayan dizisi &#8216;Sand\u0131k Kokusu&#8217;g\u00fc\u00e7l\u00fc oyuncu kadrosuna Pamir Pekin\u2019i dahil etti. Pekin, dizide Cennet Sitesi&#8217;nde g\u00fcvenlik g\u00f6revlisi olarak \u00e7al\u0131\u015fan Hakan karakterine hayat verecek.<\/p>\n<h3>SANDIK KOKUSU HAKAN K\u0130M? PAM\u0130R PEK\u0130N K\u0130MD\u0130R?<\/h3>\n<p>Sand\u0131k Kokusu dizisine Hakan rol\u00fcyle dahil olan Pamir Pekin ile ilgili detaylar merak ediliyor. 31 May\u0131s 1979 tarihinde \u0130stanbul\u2019da do\u011fan Pamir Pekin, Marmara \u00dcniversitesi Ekonometri B\u00f6l\u00fcm\u00fc mezunudur. Kariyerine modellik yaparak ba\u015flayan Pekin, 2003 y\u0131l\u0131nda Egos J\u00f6le reklam\u0131yla ilk kez ekran kar\u015f\u0131s\u0131na ge\u00e7ti. 2007 y\u0131l\u0131nda &#8216;Komiser Nevzat&#8217; dizisiyle oyunculuk kariyerine ad\u0131m atan Pamir Pekin, o d\u00f6nemde H\u00fclya Av\u015far\u2019\u0131n \u201cA Benim Ak\u0131ls\u0131z\u0131m\u201d \u015fark\u0131s\u0131n\u0131n klibinde de rol ald\u0131.<\/p>\n<p><img loading=\"lazy\" decoding=\"async\" class=\"alignnone wp-image-101794\" src=\"https:\/\/www.tgrthaber.com\/mavikadin\/wp-content\/uploads\/0aaaf38e3369ae496357abd3bd477d1f_840.jpg\" alt=\"\" width=\"1125\" height=\"750\" title=\"\" srcset=\"https:\/\/www.tgrthaber.com\/mavikadin\/wp-content\/uploads\/0aaaf38e3369ae496357abd3bd477d1f_840.jpg 840w, https:\/\/www.tgrthaber.com\/mavikadin\/wp-content\/uploads\/0aaaf38e3369ae496357abd3bd477d1f_840-300x200.jpg 300w, https:\/\/www.tgrthaber.com\/mavikadin\/wp-content\/uploads\/0aaaf38e3369ae496357abd3bd477d1f_840-768x512.jpg 768w\" sizes=\"(max-width: 1125px) 100vw, 1125px\" \/><\/p>\n<h3>PAM\u0130R PEK\u0130N HANG\u0130 D\u0130Z\u0130LERDE OYNADI?<\/h3>\n<p>&#8216;G\u00fcl\u00fcmse Yeter&#8217; dizisinde Kemal Kaleli, &#8216;Hayat \u015eark\u0131s\u0131&#8217; dizisinde Hazer karakteriyle geni\u015f kitlelere ula\u015ft\u0131.<br \/>\n2012 y\u0131l\u0131nda ya\u015fad\u0131\u011f\u0131 talihsiz bir olayda 5 yerinden b\u0131\u00e7aklanmas\u0131na ra\u011fmen g\u00fc\u00e7l\u00fc bir \u015fekilde kariyerine devam eden Pekin, bu s\u00fcre\u00e7te kendisini daha da geli\u015ftirdi.<\/p>\n<p>Pamir Pekin\u2019in yer ald\u0131\u011f\u0131 baz\u0131 \u00f6nemli yap\u0131mlar:<\/p>\n<p>Muhte\u015fem Y\u00fczy\u0131l<\/p>\n<p>G\u00f6n\u00fcl \u0130\u015fleri<\/p>\n<p>\u0130li\u015fki Durumu: Kar\u0131\u015f\u0131k<\/p>\n<p>Tutsak<\/p>\n<p>Bir Annenin G\u00fcnah\u0131<\/p>\n<p>Ayr\u0131ca, 2013 yap\u0131m\u0131 &#8216;G\u00fcnce&#8217; filminde doktor Serdar rol\u00fcyle beyazperdede de ad\u0131ndan s\u00f6z ettirdi.<\/p>\n<p><img loading=\"lazy\" decoding=\"async\" class=\"alignnone wp-image-101795\" src=\"https:\/\/www.tgrthaber.com\/mavikadin\/wp-content\/uploads\/e8302f53a3448ab80a768142a29dd3b9_840.jpg\" alt=\"\" width=\"1139\" height=\"759\" title=\"\" srcset=\"https:\/\/www.tgrthaber.com\/mavikadin\/wp-content\/uploads\/e8302f53a3448ab80a768142a29dd3b9_840.jpg 840w, https:\/\/www.tgrthaber.com\/mavikadin\/wp-content\/uploads\/e8302f53a3448ab80a768142a29dd3b9_840-300x200.jpg 300w, https:\/\/www.tgrthaber.com\/mavikadin\/wp-content\/uploads\/e8302f53a3448ab80a768142a29dd3b9_840-768x512.jpg 768w\" sizes=\"(max-width: 1139px) 100vw, 1139px\" \/><\/p>\n<h3>SANDIK KOKUSU HAKAN K\u0130MD\u0130R?<\/h3>\n<p>&#8216;Sand\u0131k Kokusu&#8217; dizisinde Pamir Pekin\u2019in canland\u0131raca\u011f\u0131 Hakan karakteri, Cennet Sitesi&#8217;nde g\u00f6rev yapan bir g\u00fcvenlik g\u00f6revlisi. Hik\u00e2yenin ak\u0131\u015f\u0131nda nas\u0131l bir rol \u00fcstlenece\u011fi merakla bekleniyor. Pekin\u2019in bu performans\u0131yla izleyicilere unutulmaz anlar ya\u015fataca\u011f\u0131na \u015f\u00fcphe yok.<\/p>\n<h3>PAM\u0130R PEK\u0130N KA\u00c7 YA\u015eINDA?<\/h3>\n<p>31 May\u0131s 1979 do\u011fumlu olan Pamir Pekin, 2024 y\u0131l\u0131 itibar\u0131yla 45 ya\u015f\u0131ndad\u0131r.<\/p>\n<h3>PAM\u0130R PEK\u0130N EVL\u0130 M\u0130?<\/h3>\n<p>Yak\u0131\u015f\u0131kl\u0131 oyuncu Pamir Pekin&#8217;in \u015fu anda evli olmad\u0131\u011f\u0131 bilinmektedir.<\/p>\n<p><img loading=\"lazy\" decoding=\"async\" class=\"alignnone wp-image-101796\" src=\"https:\/\/www.tgrthaber.com\/mavikadin\/wp-content\/uploads\/7f244265c2f677bf67af95bd06fe24c0_840.jpg\" alt=\"\" width=\"1139\" height=\"759\" title=\"\" srcset=\"https:\/\/www.tgrthaber.com\/mavikadin\/wp-content\/uploads\/7f244265c2f677bf67af95bd06fe24c0_840.jpg 840w, https:\/\/www.tgrthaber.com\/mavikadin\/wp-content\/uploads\/7f244265c2f677bf67af95bd06fe24c0_840-300x200.jpg 300w, https:\/\/www.tgrthaber.com\/mavikadin\/wp-content\/uploads\/7f244265c2f677bf67af95bd06fe24c0_840-768x512.jpg 768w\" sizes=\"(max-width: 1139px) 100vw, 1139px\" \/><\/p>\n<h3>SANDIK KOKUSU KONUSU VE OYUNCULARI<\/h3>\n<p>Melis Civelek ve Zeynep G\u00fcr\u2019\u00fcn g\u00fc\u00e7l\u00fc kalemiyle \u015fekillenen, y\u00f6netmenli\u011fini Altan D\u00f6nmez\u2019in \u00fcstlendi\u011fi &#8216;Sand\u0131k Kokusu&#8217;, her hafta izleyicilere farkl\u0131 duygular ya\u015fat\u0131yor. Hayat\u0131n karma\u015f\u0131kl\u0131\u011f\u0131n\u0131 ve zorluklar\u0131n\u0131 ele alan dizi, kimi zaman g\u00fcld\u00fcr\u00fcrken kimi zaman d\u00fc\u015f\u00fcnd\u00fcr\u00fcyor.<\/p>\n<p>&#8216;Sand\u0131k Kokusu&#8217; oyuncu kadrosu:<\/p>\n<p>Dizinin ba\u015frollerinde;<\/p>\n<p>\u00d6zge \u00d6zpirin\u00e7ci (Karsu)<br \/>\nDemet Akba\u011f (Filiz)<br \/>\nEngin \u00d6zt\u00fcrk (Bora)<br \/>\nMeri\u00e7 Aral (Irmak)<br \/>\nSerkay T\u00fct\u00fcnc\u00fc (K\u0131van\u00e7)<br \/>\nG\u00f6zde Seda Altuner (G\u00fclnaz)<br \/>\nNesrin Cavadzade (Ay\u00e7a) ve U\u011fur Y\u00fccel (Hasan) gibi birbirinden ba\u015far\u0131l\u0131 isimler yer al\u0131yor.<\/p>\n<p><img loading=\"lazy\" decoding=\"async\" class=\"alignnone wp-image-101797\" src=\"https:\/\/www.tgrthaber.com\/mavikadin\/wp-content\/uploads\/32f226f26cc04654f4f17013fe622d93_840.jpg\" alt=\"\" width=\"1109\" height=\"739\" title=\"\" srcset=\"https:\/\/www.tgrthaber.com\/mavikadin\/wp-content\/uploads\/32f226f26cc04654f4f17013fe622d93_840.jpg 840w, https:\/\/www.tgrthaber.com\/mavikadin\/wp-content\/uploads\/32f226f26cc04654f4f17013fe622d93_840-300x200.jpg 300w, https:\/\/www.tgrthaber.com\/mavikadin\/wp-content\/uploads\/32f226f26cc04654f4f17013fe622d93_840-768x512.jpg 768w\" sizes=\"(max-width: 1109px) 100vw, 1109px\" \/><\/p>\n<h3>SANDIK KOKUSU YEN\u0130 B\u00d6L\u00dcM NE ZAMAN?<\/h3>\n<p>Ekranlar\u0131n sevilen dizisi &#8216;Sand\u0131k Kokusu&#8217;, bu ak\u015fam saat 20.00\u2019de SHOW TV\u2019de yeni b\u00f6l\u00fcm\u00fcyle izleyici kar\u015f\u0131s\u0131na \u00e7\u0131k\u0131yor.<\/p>\n<p><img loading=\"lazy\" decoding=\"async\" class=\"alignnone wp-image-101801\" src=\"https:\/\/www.tgrthaber.com\/mavikadin\/wp-content\/uploads\/3743786_db1e41fe75c6cf5a39468aab71d1f20a.jpg\" alt=\"\" width=\"1107\" height=\"737\" title=\"\" srcset=\"https:\/\/www.tgrthaber.com\/mavikadin\/wp-content\/uploads\/3743786_db1e41fe75c6cf5a39468aab71d1f20a.jpg 500w, https:\/\/www.tgrthaber.com\/mavikadin\/wp-content\/uploads\/3743786_db1e41fe75c6cf5a39468aab71d1f20a-300x200.jpg 300w\" sizes=\"(max-width: 1107px) 100vw, 1107px\" \/><\/p>\n","protected":false},"excerpt":{"rendered":"<p>Sand\u0131k Kokusu, y\u0131ld\u0131z oyuncu Pamir Pekin\u2019i kadrosuna dahil etti. Pekin, dizide g\u00fcvenlik g\u00f6revlisi Hakan karakteriyle yer alacak. Peki Sand\u0131k Kokusu Hakan kimdir? Pamir Pekin kim, ka\u00e7 ya\u015f\u0131nda, evli mi? Oyuncunun kariyeri, ya\u015f\u0131 ve hayat\u0131na dair t\u00fcm detaylar haberimizde.<\/p>\n","protected":false},"author":4,"featured_media":101790,"comment_status":"closed","ping_status":"closed","sticky":false,"template":"","format":"standard","meta":{"rank_math_lock_modified_date":false,"footnotes":""},"categories":[491],"tags":[494,2495,135,3461,136],"class_list":["post-101789","post","type-post","status-publish","format-standard","has-post-thumbnail","hentry","category-biyografi","tag-kimdir","tag-pamir-pekin","tag-sandik-kokusu","tag-sandik-kokusu-hakan","tag-yeni-bolum"],"_links":{"self":[{"href":"https:\/\/www.tgrthaber.com\/mavikadin\/wp-json\/wp\/v2\/posts\/101789"}],"collection":[{"href":"https:\/\/www.tgrthaber.com\/mavikadin\/wp-json\/wp\/v2\/posts"}],"about":[{"href":"https:\/\/www.tgrthaber.com\/mavikadin\/wp-json\/wp\/v2\/types\/post"}],"author":[{"embeddable":true,"href":"https:\/\/www.tgrthaber.com\/mavikadin\/wp-json\/wp\/v2\/users\/4"}],"replies":[{"embeddable":true,"href":"https:\/\/www.tgrthaber.com\/mavikadin\/wp-json\/wp\/v2\/comments?post=101789"}],"version-history":[{"count":2,"href":"https:\/\/www.tgrthaber.com\/mavikadin\/wp-json\/wp\/v2\/posts\/101789\/revisions"}],"predecessor-version":[{"id":101803,"href":"https:\/\/www.tgrthaber.com\/mavikadin\/wp-json\/wp\/v2\/posts\/101789\/revisions\/101803"}],"wp:featuredmedia":[{"embeddable":true,"href":"https:\/\/www.tgrthaber.com\/mavikadin\/wp-json\/wp\/v2\/media\/101790"}],"wp:attachment":[{"href":"https:\/\/www.tgrthaber.com\/mavikadin\/wp-json\/wp\/v2\/media?parent=101789"}],"wp:term":[{"taxonomy":"category","embeddable":true,"href":"https:\/\/www.tgrthaber.com\/mavikadin\/wp-json\/wp\/v2\/categories?post=101789"},{"taxonomy":"post_tag","embeddable":true,"href":"https:\/\/www.tgrthaber.com\/mavikadin\/wp-json\/wp\/v2\/tags?post=101789"}],"curies":[{"name":"wp","href":"https:\/\/api.w.org\/{rel}","templated":true}]}}