{"id":101809,"date":"2024-12-04T19:22:14","date_gmt":"2024-12-04T16:22:14","guid":{"rendered":"https:\/\/www.tgrthaber.com\/mavikadin\/?p=101809"},"modified":"2024-12-04T19:22:15","modified_gmt":"2024-12-04T16:22:15","slug":"kizil-goncalarda-sok-veda-dizinin-vahiti-tolga-tekin-ayriliyor-yeni-isimler-geliyor","status":"publish","type":"post","link":"https:\/\/www.tgrthaber.com\/mavikadin\/kizil-goncalarda-sok-veda-dizinin-vahiti-tolga-tekin-ayriliyor-yeni-isimler-geliyor\/","title":{"rendered":"K\u0131z\u0131l Goncalar\u2019da \u015fok veda! Dizinin Vahit&#8217;i Tolga Tekin ayr\u0131l\u0131yor, yeni isimler geliyor"},"content":{"rendered":"<p>K\u0131z\u0131l Goncalar dizisinde heyecan dolu sahneler ya\u015fan\u0131rken, Tolga Tekin\u2019in canland\u0131rd\u0131\u011f\u0131 Vahit karakteriyle ilgili geli\u015fmeler izleyicileri \u015fa\u015fk\u0131na \u00e7evirdi. Dizinin son b\u00f6l\u00fcmlerinde Vahit, karde\u015fi Sadi H\u00fcdayi taraf\u0131ndan b\u0131\u00e7aklan\u0131p denize at\u0131ld\u0131. Son b\u00f6l\u00fcm\u00fcn ard\u0131ndan Vahit&#8217;in ger\u00e7ekten \u00f6l\u00fcp \u00f6lmedi\u011fi izleyicilerin kafas\u0131nda soru i\u015faretleri b\u0131rakt\u0131.<\/p>\n<p>Sosyal medya kullan\u0131c\u0131lar\u0131, \u201cVahit bir \u015fekilde geri d\u00f6necek\u201d ve \u201cDenizden canl\u0131 \u00e7\u0131kabilir\u201d gibi yorumlarla karakterin ak\u0131betini tart\u0131\u015fmaya devam ederken, sevilen oyuncu Tolga Tekin\u2019in diziden ayr\u0131ld\u0131\u011f\u0131 haberi geldi. \u00dcnl\u00fc oyuncunun, 31. b\u00f6l\u00fcm itibar\u0131yla projeye veda edece\u011fi \u00f6\u011frenildi.<\/p>\n<h3>TOLGA TEK\u0130N G\u0130TT\u0130, YEN\u0130 OYUNCULAR GEL\u0130YOR<\/h3>\n<p>Gold Film imzal\u0131 dizinin yap\u0131m ekibinden al\u0131nan bilgilere g\u00f6re, Tolga Tekin\u2019in vedas\u0131yla bo\u015falan alan, yeni karakterlerle doldurulacak. Diziye kat\u0131lacak yeni isimlerin kim olaca\u011f\u0131 ise hen\u00fcz a\u00e7\u0131klanmad\u0131. Bu de\u011fi\u015fim, hik\u00e2yeye farkl\u0131 bir soluk getirerek izleyicileri ekran ba\u015f\u0131nda tutmay\u0131 hedefliyor.<\/p>\n<p><img loading=\"lazy\" decoding=\"async\" class=\"alignnone  wp-image-101810\" src=\"https:\/\/www.tgrthaber.com\/mavikadin\/wp-content\/uploads\/tolgatekinnn_1727701449_3468533613315245266_1700277457-819x1024.jpg\" alt=\"\" width=\"1126\" height=\"1408\" title=\"\" srcset=\"https:\/\/www.tgrthaber.com\/mavikadin\/wp-content\/uploads\/tolgatekinnn_1727701449_3468533613315245266_1700277457-819x1024.jpg 819w, https:\/\/www.tgrthaber.com\/mavikadin\/wp-content\/uploads\/tolgatekinnn_1727701449_3468533613315245266_1700277457-240x300.jpg 240w, https:\/\/www.tgrthaber.com\/mavikadin\/wp-content\/uploads\/tolgatekinnn_1727701449_3468533613315245266_1700277457-768x960.jpg 768w, https:\/\/www.tgrthaber.com\/mavikadin\/wp-content\/uploads\/tolgatekinnn_1727701449_3468533613315245266_1700277457-1229x1536.jpg 1229w, https:\/\/www.tgrthaber.com\/mavikadin\/wp-content\/uploads\/tolgatekinnn_1727701449_3468533613315245266_1700277457.jpg 1430w\" sizes=\"(max-width: 1126px) 100vw, 1126px\" \/><\/p>\n<h3>KIZIL GONCALAR&#8217;IN SON B\u00d6L\u00dcM\u00dcNDE VAH\u0130T&#8217;E NE OLDU?<\/h3>\n<p>Dizinin 29. b\u00f6l\u00fcm\u00fc, s\u00fcr\u00fckleyici olaylarla doluydu. C\u00fcneyd, babas\u0131 Vahit\u2019i dergahtan g\u00f6ndermeyi ba\u015far\u0131rken, olaylar Vahit\u2019in denize at\u0131lmas\u0131yla beklenmedik bir \u015fekilde sonu\u00e7land\u0131. Sadi H\u00fcdayi\u2019nin bu eylemi, aile i\u00e7indeki dengeleri alt\u00fcst etti. Bunun yan\u0131 s\u0131ra, Zeynep\u2019in gelece\u011fi ve Mira\u2019n\u0131n ya\u015fad\u0131\u011f\u0131 travmalar, b\u00f6l\u00fcme damga vuran di\u011fer konular oldu.<\/p>\n<h3>TOLGA TEK\u0130N K\u0130MD\u0130R?<\/h3>\n<p>Ba\u015far\u0131l\u0131 oyuncu Tolga Tekin, 19 Mart 1973\u2019te Ankara\u2019da do\u011fdu. Hacettepe \u00dcniversitesi Devlet Konservatuvar\u0131 Tiyatro B\u00f6l\u00fcm\u00fc\u2019nden mezun olan Tekin, tiyatrodaki ba\u015far\u0131s\u0131yla dikkat \u00e7ektikten sonra televizyon d\u00fcnyas\u0131na ad\u0131m att\u0131.<\/p>\n<p><img loading=\"lazy\" decoding=\"async\" class=\"alignnone  wp-image-101811\" src=\"https:\/\/www.tgrthaber.com\/mavikadin\/wp-content\/uploads\/Ekran-goruntusu-2024-12-04-190419.png\" alt=\"\" width=\"1104\" height=\"702\" title=\"\" srcset=\"https:\/\/www.tgrthaber.com\/mavikadin\/wp-content\/uploads\/Ekran-goruntusu-2024-12-04-190419.png 1025w, https:\/\/www.tgrthaber.com\/mavikadin\/wp-content\/uploads\/Ekran-goruntusu-2024-12-04-190419-300x191.png 300w, https:\/\/www.tgrthaber.com\/mavikadin\/wp-content\/uploads\/Ekran-goruntusu-2024-12-04-190419-768x489.png 768w\" sizes=\"(max-width: 1104px) 100vw, 1104px\" \/><\/p>\n<p>Tolga Tekin, \u201cBizim Evin Halleri\u201d, \u201cBir Bulut Olsam\u201d, \u201cMuhte\u015fem Y\u00fczy\u0131l\u201d, \u201cAram\u0131zda Kals\u0131n\u201d, \u201cMasumlar Apartman\u0131\u201d ve \u201cVatan\u0131m Sensin\u201d gibi bir\u00e7ok ba\u015far\u0131l\u0131 yap\u0131mda rol ald\u0131. Sadece televizyon dizileriyle de\u011fil, sinemadaki performanslar\u0131yla da tan\u0131nan Tekin, \u00f6zellikle \u201cNuh Tepesi\u201d ve \u201cKelebekler\u201d filmlerindeki oyunculu\u011fuyla b\u00fcy\u00fck be\u011feni toplad\u0131.<\/p>\n<h3>KIZIL GONCALAR Z\u0130RVEDE<\/h3>\n<p>Melodram ve gerilim unsurlar\u0131n\u0131 ba\u015far\u0131yla harmanlayan K\u0131z\u0131l Goncalar ikinci sezonunda da reytinglerde iddial\u0131 bir \u00e7\u0131k\u0131\u015f yakalad\u0131. \u00d6zcan Deniz, \u00d6zg\u00fc Namal, Mert Yaz\u0131c\u0131o\u011flu gibi y\u0131ld\u0131z oyuncular\u0131 bulu\u015fturan dizi, s\u00fcr\u00fckleyici hik\u00e2yesi ve etkileyici sahneleriyle pazartesi ak\u015famlar\u0131n\u0131n vazge\u00e7ilmezi olmaya devam ediyor.<\/p>\n<p>Tolga Tekin\u2019in vedas\u0131, yeni b\u00f6l\u00fcmlerde hik\u00e2yeye dahil olacak karakterler merak ediliyor. K\u0131z\u0131l Goncalar, her pazartesi ak\u015famlar\u0131 saat 20.00\u2019de NOW TV ekranlar\u0131nda izleyicilerle bulu\u015fuyor.<\/p>\n<p><img loading=\"lazy\" decoding=\"async\" class=\"alignnone  wp-image-101813\" src=\"https:\/\/www.tgrthaber.com\/mavikadin\/wp-content\/uploads\/kizil-goncalar-1024x566.png\" alt=\"\" width=\"1076\" height=\"595\" title=\"\" srcset=\"https:\/\/www.tgrthaber.com\/mavikadin\/wp-content\/uploads\/kizil-goncalar-1024x566.png 1024w, https:\/\/www.tgrthaber.com\/mavikadin\/wp-content\/uploads\/kizil-goncalar-300x166.png 300w, https:\/\/www.tgrthaber.com\/mavikadin\/wp-content\/uploads\/kizil-goncalar-768x424.png 768w, https:\/\/www.tgrthaber.com\/mavikadin\/wp-content\/uploads\/kizil-goncalar.png 1182w\" sizes=\"(max-width: 1076px) 100vw, 1076px\" \/><\/p>\n","protected":false},"excerpt":{"rendered":"<p>K\u0131z\u0131l Goncalar dizisinin y\u0131ld\u0131z\u0131 Tolga Tekin, Vahit karakterine veda ediyor. 31. b\u00f6l\u00fcmde projeden ayr\u0131lacak olan oyuncunun ard\u0131ndan, diziye yeni oyuncular dahil olacak. K\u0131z\u0131l Goncalar Vahit&#8217;e ne oldu? Tolga Tekin kimdir, ka\u00e7 ya\u015f\u0131nda?<\/p>\n","protected":false},"author":4,"featured_media":101814,"comment_status":"closed","ping_status":"closed","sticky":false,"template":"","format":"standard","meta":{"rank_math_lock_modified_date":false,"footnotes":""},"categories":[602],"tags":[2306,3401,3400],"class_list":["post-101809","post","type-post","status-publish","format-standard","has-post-thumbnail","hentry","category-diziler","tag-kizil-goncalar","tag-kizil-goncalar-vahit","tag-tolga-tekin"],"_links":{"self":[{"href":"https:\/\/www.tgrthaber.com\/mavikadin\/wp-json\/wp\/v2\/posts\/101809"}],"collection":[{"href":"https:\/\/www.tgrthaber.com\/mavikadin\/wp-json\/wp\/v2\/posts"}],"about":[{"href":"https:\/\/www.tgrthaber.com\/mavikadin\/wp-json\/wp\/v2\/types\/post"}],"author":[{"embeddable":true,"href":"https:\/\/www.tgrthaber.com\/mavikadin\/wp-json\/wp\/v2\/users\/4"}],"replies":[{"embeddable":true,"href":"https:\/\/www.tgrthaber.com\/mavikadin\/wp-json\/wp\/v2\/comments?post=101809"}],"version-history":[{"count":1,"href":"https:\/\/www.tgrthaber.com\/mavikadin\/wp-json\/wp\/v2\/posts\/101809\/revisions"}],"predecessor-version":[{"id":101815,"href":"https:\/\/www.tgrthaber.com\/mavikadin\/wp-json\/wp\/v2\/posts\/101809\/revisions\/101815"}],"wp:featuredmedia":[{"embeddable":true,"href":"https:\/\/www.tgrthaber.com\/mavikadin\/wp-json\/wp\/v2\/media\/101814"}],"wp:attachment":[{"href":"https:\/\/www.tgrthaber.com\/mavikadin\/wp-json\/wp\/v2\/media?parent=101809"}],"wp:term":[{"taxonomy":"category","embeddable":true,"href":"https:\/\/www.tgrthaber.com\/mavikadin\/wp-json\/wp\/v2\/categories?post=101809"},{"taxonomy":"post_tag","embeddable":true,"href":"https:\/\/www.tgrthaber.com\/mavikadin\/wp-json\/wp\/v2\/tags?post=101809"}],"curies":[{"name":"wp","href":"https:\/\/api.w.org\/{rel}","templated":true}]}}