{"id":101812,"date":"2024-12-04T19:32:46","date_gmt":"2024-12-04T16:32:46","guid":{"rendered":"https:\/\/www.tgrthaber.com\/mavikadin\/?p=101812"},"modified":"2024-12-04T19:32:46","modified_gmt":"2024-12-04T16:32:46","slug":"cigkoftecideki-sapik-demet-akalini-cildirtti","status":"publish","type":"post","link":"https:\/\/www.tgrthaber.com\/mavikadin\/cigkoftecideki-sapik-demet-akalini-cildirtti\/","title":{"rendered":"\u00c7i\u011fk\u00f6ftecideki sap\u0131k Demet Akal\u0131n\u2019\u0131 \u00e7\u0131ld\u0131rtt\u0131!"},"content":{"rendered":"<p>\u00dcnl\u00fc \u015fark\u0131c\u0131 Demet Akal\u0131n, sosyal medya hesab\u0131ndan yapt\u0131\u011f\u0131 payla\u015f\u0131mla, bir \u00e7i\u011fk\u00f6ftecide kad\u0131n m\u00fc\u015fteriyi taciz eden sap\u0131\u011f\u0131 \u015fik\u00e2yet etti. \u0130stanbul K\u00fc\u00e7\u00fck\u00e7ekmece\u2019de \u00e7i\u011fk\u00f6ftecide ya\u015fanan taciz olay\u0131 \u00fcnl\u00fc \u015fark\u0131c\u0131 Demet Akal\u0131n\u2019\u0131 \u00e7\u0131ld\u0131rtt\u0131. Demet Akal\u0131n, sosyal medya hesab\u0131ndan yapt\u0131\u011f\u0131 payla\u015f\u0131mla, Emniyet Genel M\u00fcd\u00fcrl\u00fc\u011f\u00fcn\u00fc etiketleyerek tacizciyi \u015fik\u00e2yette bulundu.<\/p>\n<h3>DEMEK AKALIN\u2019I \u00c7ILDIRTAN SAPIK \u00c7\u0130\u011eK\u00d6FTEC\u0130!<\/h3>\n<p>\u0130stanbul\u2019un K\u00fc\u00e7\u00fck\u00e7ekmece il\u00e7esinde bulunan Cennet Mahallesi\u2019ndeki \u00e7i\u011fk\u00f6ftecide ya\u015fanan olay \u00fcnl\u00fc \u015fark\u0131c\u0131 Demet Akal\u0131n\u2019\u0131 \u00e7\u0131ld\u0131rtt\u0131. Cennet Mahallesi\u2019nde bulunan \u00e7i\u011fk\u00f6fteciye giden bir kad\u0131n, arkas\u0131nda s\u0131ra bekleyen adam\u0131n tacizine u\u011frad\u0131. Kad\u0131n m\u00fc\u015fterinin taciz edildi\u011fi anlar\u0131n g\u00f6r\u00fcnt\u00fcs\u00fc sosyal medyaya yay\u0131ld\u0131.<\/p>\n<div style=\"width: 640px;\" class=\"wp-video\"><!--[if lt IE 9]><script>document.createElement('video');<\/script><![endif]-->\n<video class=\"wp-video-shortcode\" id=\"video-101812-1\" width=\"640\" height=\"640\" preload=\"metadata\" controls=\"controls\"><source type=\"video\/mp4\" src=\"https:\/\/www.tgrthaber.com\/mavikadin\/wp-content\/uploads\/Kahverengi-Sade-Zarif-Kucuk-Isletme-Kuafor-Instagram-Video-6-1.mp4?_=1\" \/><a href=\"https:\/\/www.tgrthaber.com\/mavikadin\/wp-content\/uploads\/Kahverengi-Sade-Zarif-Kucuk-Isletme-Kuafor-Instagram-Video-6-1.mp4\">https:\/\/www.tgrthaber.com\/mavikadin\/wp-content\/uploads\/Kahverengi-Sade-Zarif-Kucuk-Isletme-Kuafor-Instagram-Video-6-1.mp4<\/a><\/video><\/div>\n<p>Sosyal medyada b\u00fcy\u00fck yank\u0131 uyand\u0131ran bu olay \u00e7\u0131\u011f gibi b\u00fcy\u00fcmeye ba\u015flad\u0131. Ya\u015fanan taciz olay\u0131na tepki g\u00f6sterenlerden biri \u00fcnl\u00fc \u015fark\u0131c\u0131 Demet Akal\u0131n oldu. Demet Akal\u0131n, sosyal medya hesab\u0131ndan yapt\u0131\u011f\u0131 payla\u015f\u0131mla taciz olay\u0131na tepki g\u00f6sterdi.<\/p>\n<h3>EMN\u0130YET GENEL M\u00dcD\u00dcRL\u00dc\u011e\u00dcN\u00dc ET\u0130KETLED\u0130!<\/h3>\n<p>Demet Akal\u0131n, X hesab\u0131ndan yapt\u0131\u011f\u0131 payla\u015f\u0131mla sosyal medyada yay\u0131lan g\u00f6r\u00fcnt\u00fcleri kullanarak, tacizci sap\u0131\u011f\u0131 \u015fik\u00e2yette bulundu. Sosyal medyada yapt\u0131\u011f\u0131 payla\u015f\u0131mlarla g\u00fcndeme gelen \u00fcnl\u00fc \u015fark\u0131c\u0131 Akal\u0131n, son payla\u015f\u0131m\u0131yla herkesi \u015fa\u015f\u0131rtt\u0131.<\/p>\n<p><img loading=\"lazy\" decoding=\"async\" class=\"size-large wp-image-101823\" src=\"https:\/\/www.tgrthaber.com\/mavikadin\/wp-content\/uploads\/Adsiz-tasarim-2024-12-04T192128.845-1024x576.jpg\" alt=\"\u00c7i\u011fk\u00f6ftecideki sap\u0131k Demet Akal\u0131n\u2019\u0131 \u00e7\u0131ld\u0131rtt\u0131! \" width=\"640\" height=\"360\" title=\"\" srcset=\"https:\/\/www.tgrthaber.com\/mavikadin\/wp-content\/uploads\/Adsiz-tasarim-2024-12-04T192128.845-1024x576.jpg 1024w, https:\/\/www.tgrthaber.com\/mavikadin\/wp-content\/uploads\/Adsiz-tasarim-2024-12-04T192128.845-300x169.jpg 300w, https:\/\/www.tgrthaber.com\/mavikadin\/wp-content\/uploads\/Adsiz-tasarim-2024-12-04T192128.845-768x432.jpg 768w, https:\/\/www.tgrthaber.com\/mavikadin\/wp-content\/uploads\/Adsiz-tasarim-2024-12-04T192128.845-1536x864.jpg 1536w, https:\/\/www.tgrthaber.com\/mavikadin\/wp-content\/uploads\/Adsiz-tasarim-2024-12-04T192128.845.jpg 1600w\" sizes=\"(max-width: 640px) 100vw, 640px\" \/><\/p>\n<p>Demet Akal\u0131n, \u00e7i\u011fk\u00f6ftecide ya\u015fanan taciz olaylar\u0131n\u0131n g\u00f6r\u00fcnt\u00fclerine yer veren bir payla\u015f\u0131m yapt\u0131. Akal\u0131n, yapt\u0131\u011f\u0131 payla\u015f\u0131mda Emniyet Genel M\u00fcd\u00fcrl\u00fc\u011f\u00fcn\u00fc etiketledi. Emniyet Genel M\u00fcd\u00fcrl\u00fc\u011f\u00fcn\u00fc etiketleyerek payla\u015f\u0131m yapan Akal\u0131n, tacizci sap\u0131\u011f\u0131 \u015fik\u00e2yette bulundu. Akal\u0131n X platformundan yapt\u0131\u011f\u0131 payla\u015f\u0131m\u0131na: \u201c\u015eunun y\u00fcz\u00fcn\u00fc a\u00e7\u0131nda \u015fik\u00e2yet yerini bulsun!\u201d notunu d\u00fc\u015ferek Emniyet Genel M\u00fcd\u00fcrl\u00fc\u011f\u00fcn\u00fc etiketledi.<\/p>\n<h3>DEMET AKALIN\u2019IN \u015e\u0130K\u00c2YET\u0130 KAYITSIZ KALMADI!<\/h3>\n<p>\u00dcnl\u00fc \u015fark\u0131c\u0131 Demet Akal\u0131n, yapt\u0131\u011f\u0131 payla\u015f\u0131mla \u0130stanbul K\u00fc\u00e7\u00fck\u00e7ekmece\u2019de bir \u00e7i\u011fk\u00f6ftecide ya\u015fanan taciz olay\u0131na ili\u015fkin X hesab\u0131ndan bir payla\u015f\u0131mda bulunmu\u015f ve \u00e7i\u011fk\u00f6ftecideki sap\u0131\u011f\u0131 \u015fik\u00e2yet etmi\u015fti.<\/p>\n<p>Sosyal medyaya b\u00fcy\u00fck yank\u0131 uyand\u0131ran ve herkesin tepkisini \u00e7eken bu durum k\u0131sa s\u00fcre i\u00e7erisinde yay\u0131lm\u0131\u015ft\u0131. \u00dcnl\u00fc \u015fark\u0131c\u0131 Demet Akal\u0131n ise ya\u015fanan bu olay kar\u015f\u0131s\u0131nda tepkisini ortaya koyarak bir \u015fik\u00e2yette bulunmu\u015ftu.<\/p>\n<p>Yap\u0131lan \u015fikayetlerin \u00fczerine K\u00fc\u00e7\u00fck\u00e7ekmece Cumhuriyet Ba\u015fsavc\u0131l\u0131\u011f\u0131nca soru\u015fturma ba\u015flat\u0131ld\u0131. Kamera kay\u0131tlar\u0131ndan kimli\u011fi tespit edilen \u015f\u00fcpheli, polis ekipleri taraf\u0131ndan g\u00f6zalt\u0131na al\u0131nd\u0131. \u015e\u00fcphelinin ise emniyetteki i\u015flemlerinin devam etti\u011fi bilgisine yer verildi.<\/p>\n","protected":false},"excerpt":{"rendered":"<p>\u00c7i\u011fk\u00f6ftecide ya\u015fanan bir olay \u00fcnl\u00fc \u015fark\u0131c\u0131 Demet Akal\u0131n\u2019\u0131 \u00e7\u0131ld\u0131rtt\u0131. \u0130\u015fte ayr\u0131nt\u0131lar\u2026 <\/p>\n","protected":false},"author":26,"featured_media":101820,"comment_status":"closed","ping_status":"closed","sticky":false,"template":"","format":"standard","meta":{"rank_math_lock_modified_date":false,"footnotes":""},"categories":[76],"tags":[3462,130],"class_list":["post-101812","post","type-post","status-publish","format-standard","has-post-thumbnail","hentry","category-magazin","tag-cigkofteci","tag-demet-akalin"],"_links":{"self":[{"href":"https:\/\/www.tgrthaber.com\/mavikadin\/wp-json\/wp\/v2\/posts\/101812"}],"collection":[{"href":"https:\/\/www.tgrthaber.com\/mavikadin\/wp-json\/wp\/v2\/posts"}],"about":[{"href":"https:\/\/www.tgrthaber.com\/mavikadin\/wp-json\/wp\/v2\/types\/post"}],"author":[{"embeddable":true,"href":"https:\/\/www.tgrthaber.com\/mavikadin\/wp-json\/wp\/v2\/users\/26"}],"replies":[{"embeddable":true,"href":"https:\/\/www.tgrthaber.com\/mavikadin\/wp-json\/wp\/v2\/comments?post=101812"}],"version-history":[{"count":1,"href":"https:\/\/www.tgrthaber.com\/mavikadin\/wp-json\/wp\/v2\/posts\/101812\/revisions"}],"predecessor-version":[{"id":101826,"href":"https:\/\/www.tgrthaber.com\/mavikadin\/wp-json\/wp\/v2\/posts\/101812\/revisions\/101826"}],"wp:featuredmedia":[{"embeddable":true,"href":"https:\/\/www.tgrthaber.com\/mavikadin\/wp-json\/wp\/v2\/media\/101820"}],"wp:attachment":[{"href":"https:\/\/www.tgrthaber.com\/mavikadin\/wp-json\/wp\/v2\/media?parent=101812"}],"wp:term":[{"taxonomy":"category","embeddable":true,"href":"https:\/\/www.tgrthaber.com\/mavikadin\/wp-json\/wp\/v2\/categories?post=101812"},{"taxonomy":"post_tag","embeddable":true,"href":"https:\/\/www.tgrthaber.com\/mavikadin\/wp-json\/wp\/v2\/tags?post=101812"}],"curies":[{"name":"wp","href":"https:\/\/api.w.org\/{rel}","templated":true}]}}