{"id":101827,"date":"2024-12-04T19:56:59","date_gmt":"2024-12-04T16:56:59","guid":{"rendered":"https:\/\/www.tgrthaber.com\/mavikadin\/?p=101827"},"modified":"2024-12-04T19:56:59","modified_gmt":"2024-12-04T16:56:59","slug":"nazli-sabancidan-2-milyon-tllik-mucevher-sovu","status":"publish","type":"post","link":"https:\/\/www.tgrthaber.com\/mavikadin\/nazli-sabancidan-2-milyon-tllik-mucevher-sovu\/","title":{"rendered":"Nazl\u0131 Sabanc\u0131\u2019dan 2 milyon TL\u2019lik m\u00fccevher \u015fovu!"},"content":{"rendered":"<p>Sabanc\u0131 ailesinin biricik gelini Nazl\u0131 Sabanc\u0131 bu kez \u00fczerinde ta\u015f\u0131d\u0131\u011f\u0131 servet de\u011ferindeki m\u00fccevherlerle g\u00fcndeme geldi. Bir markan\u0131n reklam y\u00fcz\u00fc olan Nazl\u0131 Sabanc\u0131&#8217;n\u0131n takt\u0131\u011f\u0131 tak\u0131lar\u0131n de\u011ferinin 2 milyon TL oldu\u011fu haberi \u00fcnl\u00fc ismi g\u00fcndeme ta\u015f\u0131d\u0131.<\/p>\n<h3>NAZLI SABANCI\u2019DAN 2 M\u0130LYON TL\u2019L\u0130K M\u00dcCEVHER \u015eOVU<\/h3>\n<p>Arzu Sabanc\u0131 ve \u00d6mer Sabanc\u0131\u2019n\u0131n gelini, Hac\u0131 Sabanc\u0131\u2019n\u0131n e\u015fi Nazl\u0131 Sabanc\u0131\u2019n\u0131n Bodrum tatilinde kulland\u0131\u011f\u0131 m\u00fccevherlerin fiyat\u0131 hayrete d\u00fc\u015f\u00fcrm\u00fc\u015f, bu m\u00fccevherlerin sahibi olan tak\u0131 firmas\u0131n\u0131n, Monaco Prensesi Grace Kelly\u2019e dayanan hikayesi ilgi oda\u011f\u0131 olmu\u015ftu. Nazl\u0131 Sabanc\u0131 reklam y\u00fcz\u00fc oldu\u011fu markan\u0131n tan\u0131t\u0131m\u0131nda \u00fczerinde bir servet ta\u015f\u0131d\u0131. \u00dcnl\u00fc ismin takt\u0131\u011f\u0131 tak\u0131lar\u0131n toplam de\u011ferinin 2 milyon TL oldu\u011fu \u00f6\u011frenildi.<\/p>\n<p>Tak\u0131 markas\u0131 i\u00e7in objektif kar\u015f\u0131s\u0131na ge\u00e7en Nazl\u0131 Sabanc\u0131\u2019n\u0131n aksesuarlar\u0131 yine g\u00f6zlerden ka\u00e7mad\u0131. Sabanc\u0131\u2019n\u0131n videoda kulland\u0131\u011f\u0131 bilekliklerin 1 milyon 260 bin, y\u00fcz\u00fcklerin 239 bin, kolyelerin ise 652 bin TL oldu\u011fu ifade edildi. Tak\u0131lar\u0131n toplam maliyetinin ise 2 milyon 152 bin 777 TL\u2019ye ula\u015ft\u0131\u011f\u0131 aktar\u0131ld\u0131.<\/p>\n<div style=\"width: 640px;\" class=\"wp-video\"><!--[if lt IE 9]><script>document.createElement('video');<\/script><![endif]-->\n<video class=\"wp-video-shortcode\" id=\"video-101827-1\" width=\"640\" height=\"1138\" preload=\"metadata\" controls=\"controls\"><source type=\"video\/mp4\" src=\"https:\/\/www.tgrthaber.com\/mavikadin\/wp-content\/uploads\/Molu-mucevherlerimle-Istanbulda-bir-gun-@molujewellery-TropicaCollection-luxury-IsBirligi.mp4?_=1\" \/><a href=\"https:\/\/www.tgrthaber.com\/mavikadin\/wp-content\/uploads\/Molu-mucevherlerimle-Istanbulda-bir-gun-@molujewellery-TropicaCollection-luxury-IsBirligi.mp4\">https:\/\/www.tgrthaber.com\/mavikadin\/wp-content\/uploads\/Molu-mucevherlerimle-Istanbulda-bir-gun-@molujewellery-TropicaCollection-luxury-IsBirligi.mp4<\/a><\/video><\/div>\n<h3>NAZLI SABANCI K\u0130MD\u0130R?<\/h3>\n<p>Zeynep Nazl\u0131 Sabanc\u0131, 29 ya\u015f\u0131ndad\u0131r. Bursa k\u00f6kenli bir ailenin evlad\u0131 olan Sabanc\u0131, lise d\u00f6nemine kadar Bursa\u2019da ya\u015fam\u0131\u015f, ard\u0131ndan e\u011fitim i\u00e7in \u0130stanbul\u2019a ta\u015f\u0131nm\u0131\u015f ve bir daha Bursa\u2019ya geri d\u00f6nmemi\u015ftir. Ko\u00e7 Lisesi\u2019nden mezun olan Nazl\u0131 Sabanc\u0131, Londra\u2019daki Westminster \u00dcniversitesi\u2019nde hukuk e\u011fitimi alm\u0131\u015ft\u0131r. Sonras\u0131nda \u0130stanbul Modern\u2019de sanat tarihi \u00fczerine dersler almaya ba\u015flam\u0131\u015ft\u0131r.<\/p>\n<figure id=\"attachment_101833\" aria-describedby=\"caption-attachment-101833\" style=\"width: 640px\" class=\"wp-caption alignnone\"><img loading=\"lazy\" decoding=\"async\" class=\"size-large wp-image-101833\" src=\"https:\/\/www.tgrthaber.com\/mavikadin\/wp-content\/uploads\/Basliksiz-5cv-821x1024.jpg\" alt=\"Nazl\u0131 Sabanc\u0131 ve e\u015fi Hac\u0131 Sabanc\u0131 ile k\u0131zlar\u0131 Arzu Alara\" width=\"640\" height=\"798\" title=\"\" srcset=\"https:\/\/www.tgrthaber.com\/mavikadin\/wp-content\/uploads\/Basliksiz-5cv-821x1024.jpg 821w, https:\/\/www.tgrthaber.com\/mavikadin\/wp-content\/uploads\/Basliksiz-5cv-241x300.jpg 241w, https:\/\/www.tgrthaber.com\/mavikadin\/wp-content\/uploads\/Basliksiz-5cv-768x957.jpg 768w, https:\/\/www.tgrthaber.com\/mavikadin\/wp-content\/uploads\/Basliksiz-5cv.jpg 1200w\" sizes=\"(max-width: 640px) 100vw, 640px\" \/><figcaption id=\"caption-attachment-101833\" class=\"wp-caption-text\">Nazl\u0131 Sabanc\u0131 ve e\u015fi Hac\u0131 Sabanc\u0131 ile k\u0131zlar\u0131 Arzu Alara<\/figcaption><\/figure>\n<p>Nazl\u0131 Sabanc\u0131, uzun s\u00fcredir sosyete \u00e7evresinde tan\u0131nan Hac\u0131 Sabanc\u0131 ile birliktelik ya\u015fad\u0131ktan sonra, 2020 y\u0131l\u0131n\u0131n kas\u0131m ay\u0131nda ni\u015fanlanan \u00e7ift, 3 Eyl\u00fcl\u2019de \u00c7\u0131ra\u011fan Saray\u0131\u2019nda ger\u00e7ekle\u015fen g\u00f6rkemli bir t\u00f6renle hayatlar\u0131n\u0131 birle\u015ftirmi\u015ftir.<\/p>\n<p>2021 y\u0131l\u0131nda evlenen Hac\u0131 ve Nazl\u0131 Sabanc\u0131 \u00e7ifti, ilk \u00e7ocuklar\u0131n\u0131 2023 y\u0131l\u0131nda kucaklar\u0131na ald\u0131. Sabanc\u0131 ailesinde olduk\u00e7a ilgi g\u00f6ren toruna Hac\u0131 Sabanc\u0131&#8217;n\u0131n annesi Arzu Sabanc\u0131&#8217;n\u0131n ad\u0131 verildi. Nazl\u0131 Sabanc\u0131\u2019n\u0131n sosyal medya hesab\u0131ndan payla\u015ft\u0131\u011f\u0131 belirgin hamilelik pozlar\u0131na ekledi\u011fi iki emoji, ikiz bebek s\u00f6ylentilerini g\u00fcndeme getirmi\u015fti. K\u0131sa s\u00fcrede takip\u00e7ilerinin sorular\u0131yla kar\u015f\u0131la\u015fan Sabanc\u0131, iddialar\u0131 yalanlayarak, \u201cBir yanl\u0131\u015f anla\u015f\u0131lma oldu, umar\u0131m sa\u011fl\u0131kl\u0131 bir \u015fekilde bebe\u011fimi kuca\u011f\u0131ma al\u0131r\u0131m\u201d a\u00e7\u0131klamas\u0131n\u0131 yapm\u0131\u015ft\u0131.<\/p>\n","protected":false},"excerpt":{"rendered":"<p>Nazl\u0131 Sabanc\u0131, temsilcisi oldu\u011fu tak\u0131 firmas\u0131 i\u00e7in tan\u0131t\u0131m g\u00f6r\u00fcnt\u00fcs\u00fc haz\u0131rlad\u0131. Sabanc\u0131, tan\u0131t\u0131m filminde \u00fczerinde bir servet de\u011ferinde aksesuar bulundurdu. Nazl\u0131 Sabanc\u0131\u2019n\u0131n \u00fczerindeki m\u00fccevherlerin de\u011ferinin 2 milyon TL oldu\u011fu \u00f6\u011frenildi.<\/p>\n","protected":false},"author":2,"featured_media":101835,"comment_status":"closed","ping_status":"closed","sticky":false,"template":"","format":"standard","meta":{"rank_math_lock_modified_date":false,"footnotes":""},"categories":[76],"tags":[2877,3431,133,2218,3463],"class_list":["post-101827","post","type-post","status-publish","format-standard","has-post-thumbnail","hentry","category-magazin","tag-arzu-sabanci","tag-haci-sabanci","tag-magazin","tag-magazin-haberleri","tag-nazli-sabanci"],"_links":{"self":[{"href":"https:\/\/www.tgrthaber.com\/mavikadin\/wp-json\/wp\/v2\/posts\/101827"}],"collection":[{"href":"https:\/\/www.tgrthaber.com\/mavikadin\/wp-json\/wp\/v2\/posts"}],"about":[{"href":"https:\/\/www.tgrthaber.com\/mavikadin\/wp-json\/wp\/v2\/types\/post"}],"author":[{"embeddable":true,"href":"https:\/\/www.tgrthaber.com\/mavikadin\/wp-json\/wp\/v2\/users\/2"}],"replies":[{"embeddable":true,"href":"https:\/\/www.tgrthaber.com\/mavikadin\/wp-json\/wp\/v2\/comments?post=101827"}],"version-history":[{"count":2,"href":"https:\/\/www.tgrthaber.com\/mavikadin\/wp-json\/wp\/v2\/posts\/101827\/revisions"}],"predecessor-version":[{"id":101838,"href":"https:\/\/www.tgrthaber.com\/mavikadin\/wp-json\/wp\/v2\/posts\/101827\/revisions\/101838"}],"wp:featuredmedia":[{"embeddable":true,"href":"https:\/\/www.tgrthaber.com\/mavikadin\/wp-json\/wp\/v2\/media\/101835"}],"wp:attachment":[{"href":"https:\/\/www.tgrthaber.com\/mavikadin\/wp-json\/wp\/v2\/media?parent=101827"}],"wp:term":[{"taxonomy":"category","embeddable":true,"href":"https:\/\/www.tgrthaber.com\/mavikadin\/wp-json\/wp\/v2\/categories?post=101827"},{"taxonomy":"post_tag","embeddable":true,"href":"https:\/\/www.tgrthaber.com\/mavikadin\/wp-json\/wp\/v2\/tags?post=101827"}],"curies":[{"name":"wp","href":"https:\/\/api.w.org\/{rel}","templated":true}]}}