{"id":101831,"date":"2024-12-04T20:06:14","date_gmt":"2024-12-04T17:06:14","guid":{"rendered":"https:\/\/www.tgrthaber.com\/mavikadin\/?p=101831"},"modified":"2024-12-04T20:52:34","modified_gmt":"2024-12-04T17:52:34","slug":"kadir-inanirin-hastaligi-gundem-oldu-kadir-inanir-kimdir-kac-yasinda-esi-kimdir","status":"publish","type":"post","link":"https:\/\/www.tgrthaber.com\/mavikadin\/kadir-inanirin-hastaligi-gundem-oldu-kadir-inanir-kimdir-kac-yasinda-esi-kimdir\/","title":{"rendered":"Kadir \u0130nan\u0131r&#8217;\u0131n hastal\u0131\u011f\u0131 g\u00fcndem oldu! Kadir \u0130nan\u0131r kimdir, ka\u00e7 ya\u015f\u0131nda? E\u015fi kimdir?"},"content":{"rendered":"<p class=\"p1\">Ye\u015fil\u00e7am&#8217;\u0131n usta oyuncular\u0131ndan Kadir \u0130nan\u0131r, uzun s\u00fcren tedavi s\u00fcrecinin ard\u0131ndan sonunda hastaneden taburcu oldu. Ge\u00e7ti\u011fimiz mart ay\u0131nda beynine p\u0131ht\u0131 atmas\u0131 nedeniyle yo\u011fun bak\u0131ma al\u0131nan \u0130nan\u0131r, nisan ay\u0131nda taburcu olmu\u015ftu. O tarihten bu yana d\u00fczenli olarak doktor kontrollerine giden ve tedavisi Ko\u00e7 \u00dcniversitesi Hastanesi&#8217;nde s\u00fcren \u00fcnl\u00fc oyuncunun, doktorlar\u0131n\u0131n onay\u0131yla hafta ba\u015f\u0131nda evine d\u00f6nd\u00fc\u011f\u00fc bildirildi. Kadir \u0130nan\u0131r&#8217;\u0131n sa\u011fl\u0131k durumu, takip eden g\u00fcnlerde yap\u0131lacak tahlillerle daha net bir \u015fekilde ortaya \u00e7\u0131kacak. Oyuncunun hastaneye geri d\u00f6n\u00fcp d\u00f6nmeyece\u011fi, bu testlerin ard\u0131ndan belirlenecek. Hastal\u0131\u011f\u0131 ile yeniden g\u00fcndem olan Kadir \u0130nan\u0131r kimdir, ka\u00e7 ya\u015f\u0131nda? E\u015fi kim sorular\u0131n\u0131n yan\u0131tlar\u0131 merak ediliyor. \u0130\u015fte t\u00fcm detaylar\u2026<span class=\"Apple-converted-space\">\u00a0<\/span><\/p>\n<h3>KAD\u0130R \u0130NANIR K\u0130MD\u0130R, KA\u00c7 YA\u015eINDA?<\/h3>\n<p class=\"p1\">Kadir \u0130nan\u0131r, 15 Nisan 1949 tarihinde, Eski\u015fehir\u2019de d\u00fcnyaya gelmi\u015f T\u00fcrk sinemas\u0131n\u0131n efsanevi isimlerinden biridir. Ye\u015fil\u00e7am d\u00f6nemiyle \u00f6zde\u015fle\u015fen oyuncu, 1970&#8217;li y\u0131llardan itibaren sinemada sa\u011flam bir yer edinmi\u015ftir. &#8220;Selvi Boylum Al Yazmal\u0131m&#8221; gibi unutulmaz filmlerde ba\u015frol oynayarak geni\u015f bir hayran kitlesi kazanm\u0131\u015ft\u0131r. \u0130nan\u0131r, sinemadaki ba\u015far\u0131s\u0131n\u0131n yan\u0131 s\u0131ra, tiyatro ve dizi oyunculu\u011funda da ad\u0131ndan s\u00f6z ettiren \u00f6nemli bir fig\u00fcrd\u00fcr. Zengin kariyerinin yan\u0131 s\u0131ra, toplumda kendine has tav\u0131rlar\u0131 ve duru\u015fuyla da takdir edilmi\u015ftir.<\/p>\n<p><img loading=\"lazy\" decoding=\"async\" class=\"alignnone wp-image-101845 size-large\" src=\"https:\/\/www.tgrthaber.com\/mavikadin\/wp-content\/uploads\/Ekran-Resmi-2024-12-04-20.01.38-1024x706.png\" alt=\"kadir inan\u0131r \" width=\"1024\" height=\"706\" title=\"\" srcset=\"https:\/\/www.tgrthaber.com\/mavikadin\/wp-content\/uploads\/Ekran-Resmi-2024-12-04-20.01.38-1024x706.png 1024w, https:\/\/www.tgrthaber.com\/mavikadin\/wp-content\/uploads\/Ekran-Resmi-2024-12-04-20.01.38-300x207.png 300w, https:\/\/www.tgrthaber.com\/mavikadin\/wp-content\/uploads\/Ekran-Resmi-2024-12-04-20.01.38-768x529.png 768w, https:\/\/www.tgrthaber.com\/mavikadin\/wp-content\/uploads\/Ekran-Resmi-2024-12-04-20.01.38-1536x1059.png 1536w, https:\/\/www.tgrthaber.com\/mavikadin\/wp-content\/uploads\/Ekran-Resmi-2024-12-04-20.01.38.png 1660w\" sizes=\"(max-width: 1024px) 100vw, 1024px\" \/><\/p>\n<p class=\"p1\">Bug\u00fcn 75 ya\u015f\u0131nda olan Kadir \u0130nan\u0131r, y\u0131llar i\u00e7inde b\u00fcy\u00fck bir deneyime sahip olmas\u0131na ra\u011fmen, sinema d\u00fcnyas\u0131nda hala sayg\u0131 g\u00f6ren bir isim olarak varl\u0131\u011f\u0131n\u0131 s\u00fcrd\u00fcrmektedir. Hem sinemada hem de \u00f6zel hayat\u0131nda ciddi tecr\u00fcbeler edinmi\u015f olan \u0130nan\u0131r, sa\u011fl\u0131\u011f\u0131na kavu\u015ftu\u011fu her d\u00f6nemde hayranlar\u0131yla yeniden bulu\u015fmu\u015ftur. Hem ekranlarda hem de sahnede ge\u00e7irdi\u011fi y\u0131llar boyunca T\u00fcrk sinemas\u0131n\u0131n en \u00f6nemli karakterlerinden biri olmay\u0131 ba\u015farm\u0131\u015ft\u0131r.<\/p>\n<p><img loading=\"lazy\" decoding=\"async\" class=\"alignnone wp-image-101846 size-large\" src=\"https:\/\/www.tgrthaber.com\/mavikadin\/wp-content\/uploads\/Ekran-Resmi-2024-12-04-20.01.42-1024x673.png\" alt=\"\" width=\"1024\" height=\"673\" title=\"\" srcset=\"https:\/\/www.tgrthaber.com\/mavikadin\/wp-content\/uploads\/Ekran-Resmi-2024-12-04-20.01.42-1024x673.png 1024w, https:\/\/www.tgrthaber.com\/mavikadin\/wp-content\/uploads\/Ekran-Resmi-2024-12-04-20.01.42-300x197.png 300w, https:\/\/www.tgrthaber.com\/mavikadin\/wp-content\/uploads\/Ekran-Resmi-2024-12-04-20.01.42-768x505.png 768w, https:\/\/www.tgrthaber.com\/mavikadin\/wp-content\/uploads\/Ekran-Resmi-2024-12-04-20.01.42-1536x1010.png 1536w, https:\/\/www.tgrthaber.com\/mavikadin\/wp-content\/uploads\/Ekran-Resmi-2024-12-04-20.01.42.png 1564w\" sizes=\"(max-width: 1024px) 100vw, 1024px\" \/><\/p>\n<h3>KAD\u0130R \u0130NANIR&#8217;IN E\u015e\u0130 K\u0130MD\u0130R?<\/h3>\n<p class=\"p1\">J\u00fclide Kural, 1965 do\u011fumlu ve T\u00fcrk tiyatrosunun tan\u0131nm\u0131\u015f oyuncular\u0131ndan biridir. Adana\u2019da d\u00fcnyaya gelen Kural, sanata olan ilgisini erken ya\u015flardan itibaren ke\u015ffederek \u0130stanbul \u00dcniversitesi Edebiyat Fak\u00fcltesi Felsefe b\u00f6l\u00fcm\u00fc ve \u0130stanbul \u00dcniversitesi Devlet Konservatuvar\u0131 Tiyatro b\u00f6l\u00fcmlerinden mezun olmu\u015ftur. Yetenekli bir oyuncu olarak kariyerine ad\u0131m atan Kural, Almanya&#8217;da bir s\u00fcre ya\u015fam\u0131\u015f ve bu d\u00f6nemde de sanat hayat\u0131na dair deneyimler kazanm\u0131\u015ft\u0131r. AST, Dostlar Tiyatrosu, Kent Oyuncular\u0131 ve Tiyatro St\u00fcdyosu gibi sayg\u0131n sahnelerde oyunculuk yaparak ad\u0131n\u0131 duyurmu\u015ftur.<\/p>\n<p><img loading=\"lazy\" decoding=\"async\" class=\"alignnone wp-image-101848 size-large\" src=\"https:\/\/www.tgrthaber.com\/mavikadin\/wp-content\/uploads\/Ekran-Resmi-2024-12-04-20.03.14-1024x575.png\" alt=\"j\u00fclide kural \" width=\"1024\" height=\"575\" title=\"\" srcset=\"https:\/\/www.tgrthaber.com\/mavikadin\/wp-content\/uploads\/Ekran-Resmi-2024-12-04-20.03.14-1024x575.png 1024w, https:\/\/www.tgrthaber.com\/mavikadin\/wp-content\/uploads\/Ekran-Resmi-2024-12-04-20.03.14-300x169.png 300w, https:\/\/www.tgrthaber.com\/mavikadin\/wp-content\/uploads\/Ekran-Resmi-2024-12-04-20.03.14-768x431.png 768w, https:\/\/www.tgrthaber.com\/mavikadin\/wp-content\/uploads\/Ekran-Resmi-2024-12-04-20.03.14.png 1410w\" sizes=\"(max-width: 1024px) 100vw, 1024px\" \/><\/p>\n<p class=\"p1\">Kural, televizyon d\u00fcnyas\u0131nda ise en \u00e7ok 1990&#8217;lar\u0131n pop\u00fcler dizisi <i>S\u00fcper Baba<\/i> ile tan\u0131nm\u0131\u015ft\u0131r. 2002-2003 y\u0131llar\u0131nda kendi kurdu\u011fu Ate\u015f Tiyatrosu ile <i>Frida Ya\u015fas\u0131n Hayat<\/i> adl\u0131 projeyi sahneye koyarak hem tiyatro sahnesinde hem de y\u00f6netmenlik alan\u0131nda yeteneklerini g\u00f6stermi\u015ftir. Ayr\u0131ca 2008 y\u0131l\u0131nda Ermenilerden \u00d6z\u00fcr Diliyorum kampanyas\u0131na olan deste\u011fiyle de dikkat \u00e7ekmi\u015ftir. Sanat d\u00fcnyas\u0131nda \u00f6nemli bir fig\u00fcr olan Kural, T\u00fcrk sinemas\u0131n\u0131n usta oyuncular\u0131ndan Kadir \u0130nan\u0131r\u2019\u0131n hayat arkada\u015f\u0131 olarak da tan\u0131nmaktad\u0131r.<\/p>\n","protected":false},"excerpt":{"rendered":"<p>Ye\u015fil\u00e7am&#8217;\u0131n \u00f6nemli isimlerinden Kadir \u0130nan\u0131r, mart ay\u0131nda beynine p\u0131ht\u0131 atmas\u0131 sonucu hastaneye kald\u0131r\u0131lm\u0131\u015f ve tedavi s\u00fcreci ba\u015flam\u0131\u015ft\u0131. Doktorlar\u0131n\u0131n onay\u0131yla evine d\u00f6nen \u00fcnl\u00fc oyuncunun sa\u011fl\u0131k durumu, yap\u0131lacak tahlillerle netle\u015fecek. Sa\u011fl\u0131k sorunlar\u0131yla g\u00fcndeme gelen Kadir \u0130nan\u0131r kimdir, ka\u00e7 ya\u015f\u0131nda? E\u015fi kim? \u0130\u015fte merak edilen sorular\u0131n cevaplar\u0131\u2026 <\/p>\n","protected":false},"author":16,"featured_media":101849,"comment_status":"closed","ping_status":"closed","sticky":false,"template":"","format":"standard","meta":{"rank_math_lock_modified_date":false,"footnotes":""},"categories":[76],"tags":[3468,3424],"class_list":["post-101831","post","type-post","status-publish","format-standard","has-post-thumbnail","hentry","category-magazin","tag-julide-kural","tag-kadir-inanir"],"_links":{"self":[{"href":"https:\/\/www.tgrthaber.com\/mavikadin\/wp-json\/wp\/v2\/posts\/101831"}],"collection":[{"href":"https:\/\/www.tgrthaber.com\/mavikadin\/wp-json\/wp\/v2\/posts"}],"about":[{"href":"https:\/\/www.tgrthaber.com\/mavikadin\/wp-json\/wp\/v2\/types\/post"}],"author":[{"embeddable":true,"href":"https:\/\/www.tgrthaber.com\/mavikadin\/wp-json\/wp\/v2\/users\/16"}],"replies":[{"embeddable":true,"href":"https:\/\/www.tgrthaber.com\/mavikadin\/wp-json\/wp\/v2\/comments?post=101831"}],"version-history":[{"count":1,"href":"https:\/\/www.tgrthaber.com\/mavikadin\/wp-json\/wp\/v2\/posts\/101831\/revisions"}],"predecessor-version":[{"id":101851,"href":"https:\/\/www.tgrthaber.com\/mavikadin\/wp-json\/wp\/v2\/posts\/101831\/revisions\/101851"}],"wp:featuredmedia":[{"embeddable":true,"href":"https:\/\/www.tgrthaber.com\/mavikadin\/wp-json\/wp\/v2\/media\/101849"}],"wp:attachment":[{"href":"https:\/\/www.tgrthaber.com\/mavikadin\/wp-json\/wp\/v2\/media?parent=101831"}],"wp:term":[{"taxonomy":"category","embeddable":true,"href":"https:\/\/www.tgrthaber.com\/mavikadin\/wp-json\/wp\/v2\/categories?post=101831"},{"taxonomy":"post_tag","embeddable":true,"href":"https:\/\/www.tgrthaber.com\/mavikadin\/wp-json\/wp\/v2\/tags?post=101831"}],"curies":[{"name":"wp","href":"https:\/\/api.w.org\/{rel}","templated":true}]}}