{"id":101850,"date":"2024-12-04T20:14:34","date_gmt":"2024-12-04T17:14:34","guid":{"rendered":"https:\/\/www.tgrthaber.com\/mavikadin\/?p=101850"},"modified":"2024-12-04T20:26:56","modified_gmt":"2024-12-04T17:26:56","slug":"secil-buket-akinci-nebahat-cehrenin-cok-konusulan-elbisesini-altin-kelebekte-giyecek","status":"publish","type":"post","link":"https:\/\/www.tgrthaber.com\/mavikadin\/secil-buket-akinci-nebahat-cehrenin-cok-konusulan-elbisesini-altin-kelebekte-giyecek\/","title":{"rendered":"Se\u00e7il Buket Ak\u0131nc\u0131, Nebahat \u00c7ehre\u2019nin \u00e7ok konu\u015fulan elbisesini Alt\u0131n Kelebek&#8217;te giyecek"},"content":{"rendered":"<p>Oyuncu Se\u00e7il Buket Ak\u0131nc\u0131, Alt\u0131n Kelebek \u00d6d\u00fcl T\u00f6reni i\u00e7in \u00f6zel bir tercih yapt\u0131. Ge\u00e7ti\u011fimiz y\u0131l Nebahat \u00c7ehre\u2019nin t\u00f6rene damga vuran Cihan Nacar imzal\u0131 elbisesini giyece\u011fini duyuran Ak\u0131nc\u0131, bu anlaml\u0131 k\u0131yafetle objektif kar\u015f\u0131s\u0131na ge\u00e7ti. \u00dcnl\u00fc foto\u011fraf\u00e7\u0131 G\u00fcney Ak\u00e7ay\u2019\u0131n lensinden yans\u0131yan kareler, \u015fimdiden b\u00fcy\u00fck ilgi g\u00f6rd\u00fc.<\/p>\n<p>Nebahat \u00c7ehre\u2019nin bu elbisesi ge\u00e7ti\u011fimiz y\u0131l olduk\u00e7a be\u011fenilmi\u015f, sosyal medyada g\u00fcndem olmu\u015ftu. \u00c7ehre, elbiseyi sosyal medya payla\u015f\u0131m\u0131yla duyurmu\u015f ve deprem \u00e7antas\u0131 haz\u0131rlayan bir takip\u00e7isine hediye edece\u011fini a\u00e7\u0131klam\u0131\u015ft\u0131. Bu \u00f6zel hediyeyi alan \u015fansl\u0131 ki\u015fi ise \u201cKarde\u015f Pay\u0131\u201d, \u201cBebek \u0130\u015fi\u201d, \u201c\u015eevkat Tepe\u201d, \u201cArka Sokaklar\u201d ve \u201cEmret Komutan\u0131m\u201d gibi sevilen yap\u0131mlardan tan\u0131nan Se\u00e7il Buket Ak\u0131nc\u0131 oldu.<\/p>\n<h3>SE\u00c7\u0130L BUKET AKINCI: BU ELB\u0130SEY\u0130 G\u0130YMEK BEN\u0130M \u0130\u00c7\u0130N ONUR<\/h3>\n<p>Ak\u0131nc\u0131, \u201cNebahat Han\u0131m\u2019\u0131n payla\u015f\u0131m\u0131n\u0131 g\u00f6rd\u00fc\u011f\u00fcmde ger\u00e7ekten \u00e7ok heyecanland\u0131m. Onun stili ve moda anlay\u0131\u015f\u0131 her zaman bana ilham olmu\u015ftur. Bu elbiseyi giymek benim i\u00e7in bir onur. Umar\u0131m sizler de be\u011fenirsiniz. Bu y\u0131lki Alt\u0131n Kelebek \u00d6d\u00fcl T\u00f6reni&#8217;nde bu k\u0131yafetle yer alaca\u011f\u0131m.\u201d ifadelerini kulland\u0131.<\/p>\n<p><img loading=\"lazy\" decoding=\"async\" class=\"alignnone wp-image-101858\" src=\"https:\/\/www.tgrthaber.com\/mavikadin\/wp-content\/uploads\/Ekran-goruntusu-2024-12-04-200351.png\" alt=\"\" width=\"950\" height=\"1301\" title=\"\" srcset=\"https:\/\/www.tgrthaber.com\/mavikadin\/wp-content\/uploads\/Ekran-goruntusu-2024-12-04-200351.png 531w, https:\/\/www.tgrthaber.com\/mavikadin\/wp-content\/uploads\/Ekran-goruntusu-2024-12-04-200351-219x300.png 219w\" sizes=\"(max-width: 950px) 100vw, 950px\" \/><\/p>\n<h3>NEBAHAT \u00c7EHRE ZAR\u0130FL\u0130\u011e\u0130YLE GECEYE DAMGA VURDU<\/h3>\n<p>Ge\u00e7ti\u011fimiz y\u0131l \u00c7a\u011fla \u015eikel ve Cem Davran\u2019\u0131n sunuculu\u011funu yapt\u0131\u011f\u0131 Alt\u0131n Kelebek \u00d6d\u00fcl T\u00f6reni&#8217;nde \u00f6d\u00fcl takdim eden isimlerden biri de 79 ya\u015f\u0131ndaki usta oyuncu Nebahat \u00c7ehre oldu.<\/p>\n<p>Nebahat \u00c7ehre, K\u0131van\u00e7 Tatl\u0131tu\u011f ve Serenay Sar\u0131kaya\u2019ya \u00f6d\u00fcllerini sunarken zarafetiyle yine t\u00fcm dikkatleri \u00fczerine \u00e7ekti. Y\u0131llara meydan okuyan oyuncu, gen\u00e7 g\u00f6r\u00fcn\u00fc\u015f\u00fc ve g\u00fczelli\u011fiyle sosyal medyada en \u00e7ok konu\u015fulan isimlerden biri oldu.<\/p>\n<p>Nebahat \u00c7ehre, sadece yetene\u011fiyle de\u011fil, zamans\u0131z \u015f\u0131kl\u0131\u011f\u0131yla da geceye damgas\u0131n\u0131 vurmay\u0131 ba\u015fard\u0131.<\/p>\n<p><img loading=\"lazy\" decoding=\"async\" class=\"alignnone wp-image-101853\" src=\"https:\/\/www.tgrthaber.com\/mavikadin\/wp-content\/uploads\/FOTO-2-scaled-1-683x1024.jpg\" alt=\"\" width=\"1112\" height=\"1668\" title=\"\" srcset=\"https:\/\/www.tgrthaber.com\/mavikadin\/wp-content\/uploads\/FOTO-2-scaled-1-683x1024.jpg 683w, https:\/\/www.tgrthaber.com\/mavikadin\/wp-content\/uploads\/FOTO-2-scaled-1-200x300.jpg 200w, https:\/\/www.tgrthaber.com\/mavikadin\/wp-content\/uploads\/FOTO-2-scaled-1-768x1151.jpg 768w, https:\/\/www.tgrthaber.com\/mavikadin\/wp-content\/uploads\/FOTO-2-scaled-1-1366x2048.jpg 1366w, https:\/\/www.tgrthaber.com\/mavikadin\/wp-content\/uploads\/FOTO-2-scaled-1.jpg 1708w\" sizes=\"(max-width: 1112px) 100vw, 1112px\" \/><\/p>\n<h3>SE\u00c7\u0130L BUKET AKINCI K\u0130MD\u0130R?<\/h3>\n<p>17 A\u011fustos 1988\u2019de \u0130stanbul\u2019da d\u00fcnyaya gelen Se\u00e7il Buket Ak\u0131nc\u0131, e\u011fitimini Trakya \u00dcniversitesi\u2019nde tamamlad\u0131. Gen\u00e7 oyuncu, Kalbim Ege\u2019de Kald\u0131 dizisiyle ad\u0131ndan s\u00f6z ettirirken, Karde\u015f Pay\u0131, Bebek \u0130\u015fi, \u015eevkat Tepe, Arka Sokaklar ve Emret Komutan\u0131m gibi sevilen yap\u0131mlarda da izleyici kar\u015f\u0131s\u0131na \u00e7\u0131kt\u0131. Ak\u0131nc\u0131, beyazperdedeki ilk deneyimini ise Mazlum Kuzey filmiyle ya\u015fad\u0131.<\/p>\n<p><img loading=\"lazy\" decoding=\"async\" class=\"alignnone  wp-image-101861\" src=\"https:\/\/www.tgrthaber.com\/mavikadin\/wp-content\/uploads\/Ekran-goruntusu-2024-12-04-202618.png\" alt=\"\" width=\"1111\" height=\"1206\" title=\"\" srcset=\"https:\/\/www.tgrthaber.com\/mavikadin\/wp-content\/uploads\/Ekran-goruntusu-2024-12-04-202618.png 680w, https:\/\/www.tgrthaber.com\/mavikadin\/wp-content\/uploads\/Ekran-goruntusu-2024-12-04-202618-276x300.png 276w\" sizes=\"(max-width: 1111px) 100vw, 1111px\" \/><\/p>\n","protected":false},"excerpt":{"rendered":"<p>Ge\u00e7en y\u0131l Alt\u0131n Kelebek \u00d6d\u00fcl T\u00f6reni\u2019ne damga vuran Nebahat \u00c7ehre\u2019nin Cihan Nacar imzal\u0131 elbisesini, bu y\u0131l Se\u00e7il Buket Ak\u0131nc\u0131 giyecek. Nebahat \u00c7ehre elbisesini sosyal medya hesab\u0131 \u00fczerinden bir takip\u00e7isine hediye edece\u011fini s\u00f6ylemi\u015f be elbisenin sahibi Se\u00e7il Buket Ak\u0131nc\u0131 olmu\u015ftu.<\/p>\n","protected":false},"author":4,"featured_media":101852,"comment_status":"closed","ping_status":"closed","sticky":false,"template":"","format":"standard","meta":{"rank_math_lock_modified_date":false,"footnotes":""},"categories":[76],"tags":[2875,2871,3464],"class_list":["post-101850","post","type-post","status-publish","format-standard","has-post-thumbnail","hentry","category-magazin","tag-altin-kelebek","tag-nebahat-cehre","tag-secil-buket-akinci"],"_links":{"self":[{"href":"https:\/\/www.tgrthaber.com\/mavikadin\/wp-json\/wp\/v2\/posts\/101850"}],"collection":[{"href":"https:\/\/www.tgrthaber.com\/mavikadin\/wp-json\/wp\/v2\/posts"}],"about":[{"href":"https:\/\/www.tgrthaber.com\/mavikadin\/wp-json\/wp\/v2\/types\/post"}],"author":[{"embeddable":true,"href":"https:\/\/www.tgrthaber.com\/mavikadin\/wp-json\/wp\/v2\/users\/4"}],"replies":[{"embeddable":true,"href":"https:\/\/www.tgrthaber.com\/mavikadin\/wp-json\/wp\/v2\/comments?post=101850"}],"version-history":[{"count":5,"href":"https:\/\/www.tgrthaber.com\/mavikadin\/wp-json\/wp\/v2\/posts\/101850\/revisions"}],"predecessor-version":[{"id":101862,"href":"https:\/\/www.tgrthaber.com\/mavikadin\/wp-json\/wp\/v2\/posts\/101850\/revisions\/101862"}],"wp:featuredmedia":[{"embeddable":true,"href":"https:\/\/www.tgrthaber.com\/mavikadin\/wp-json\/wp\/v2\/media\/101852"}],"wp:attachment":[{"href":"https:\/\/www.tgrthaber.com\/mavikadin\/wp-json\/wp\/v2\/media?parent=101850"}],"wp:term":[{"taxonomy":"category","embeddable":true,"href":"https:\/\/www.tgrthaber.com\/mavikadin\/wp-json\/wp\/v2\/categories?post=101850"},{"taxonomy":"post_tag","embeddable":true,"href":"https:\/\/www.tgrthaber.com\/mavikadin\/wp-json\/wp\/v2\/tags?post=101850"}],"curies":[{"name":"wp","href":"https:\/\/api.w.org\/{rel}","templated":true}]}}