{"id":102053,"date":"2024-12-05T09:37:43","date_gmt":"2024-12-05T06:37:43","guid":{"rendered":"https:\/\/www.tgrthaber.com\/mavikadin\/?p=102053"},"modified":"2024-12-05T11:32:44","modified_gmt":"2024-12-05T08:32:44","slug":"pelin-akil-ve-anil-altan-cifti-bosanma-haberlerine-aciklama-yapti","status":"publish","type":"post","link":"https:\/\/www.tgrthaber.com\/mavikadin\/pelin-akil-ve-anil-altan-cifti-bosanma-haberlerine-aciklama-yapti\/","title":{"rendered":"Pelin Akil ve An\u0131l Altan \u00e7ifti bo\u015fanma haberlerine a\u00e7\u0131klama yapt\u0131"},"content":{"rendered":"<p>Pelin Akil ve An\u0131l Altan \u00e7ifti hakk\u0131nda \u00e7\u0131kan bo\u015fanma haberlerine a\u00e7\u0131klama yapt\u0131. Herkesin merak etti\u011fi konu hakk\u0131nda konu\u015fan An\u0131l Altan sosyal medyadan t\u00fcm takip\u00e7ileriyle payla\u015ft\u0131. Pelin Akil ile seneler \u00f6nce d\u00fcnya evine giren \u00e7ift hakk\u0131nda s\u00fcrekli \u00e7\u0131kan bo\u015fanma haberlerinin neden yap\u0131ld\u0131\u011f\u0131na da cevap verdi.<\/p>\n<h3>PEL\u0130N AK\u0130L VE ANIL ALTAN \u00c7\u0130FT\u0130NDEN BO\u015eANMA A\u00c7IKLAMASI<\/h3>\n<p>2016 y\u0131l\u0131nda evlenerek birlikteliklerini evlilikle ta\u00e7land\u0131ran Pelin Akil ve An\u0131l Altan \u00e7ifti hakk\u0131nda zaman zaman bo\u015fanma haberleri \u00e7\u0131k\u0131yor. 2019 y\u0131l\u0131nda ikiz bebeklerini kucaklar\u0131na alan \u00e7ift hakk\u0131nda \u00e7\u0131kan haberlerin neden s\u00fcrekli \u00e7\u0131kt\u0131\u011f\u0131n\u0131 da a\u00e7\u0131klayan An\u0131l Altan sosyal medyadan payla\u015f\u0131m yaparak herkese duyurdu.<\/p>\n<p><img loading=\"lazy\" decoding=\"async\" class=\"alignnone size-full wp-image-102065\" src=\"https:\/\/www.tgrthaber.com\/mavikadin\/wp-content\/uploads\/Ekran-goruntusu-2024-12-05-093424.png\" alt=\"\" width=\"655\" height=\"798\" title=\"\" srcset=\"https:\/\/www.tgrthaber.com\/mavikadin\/wp-content\/uploads\/Ekran-goruntusu-2024-12-05-093424.png 655w, https:\/\/www.tgrthaber.com\/mavikadin\/wp-content\/uploads\/Ekran-goruntusu-2024-12-05-093424-246x300.png 246w\" sizes=\"(max-width: 655px) 100vw, 655px\" \/><\/p>\n<p>An\u0131l Altan, Pelin Akil ile olan bo\u015fanma haberlerini yalanlad\u0131. Uzun s\u00fcredir evli olan \u00e7ift evliliklerinde hi\u00e7bir sorun ya\u015famad\u0131klar\u0131n\u0131 da belirtti. Arka S\u0131radakiler dizisinde tan\u0131\u015farak zaman i\u00e7erisinde arkada\u015fl\u0131klar\u0131 sevgilili\u011fe d\u00f6n\u00fc\u015fen \u00e7ift \u00fcnl\u00fc camias\u0131n\u0131n en g\u00f6zde \u00e7iftlerinden. Herkesin ilgiyle takip ederek hakk\u0131nda her \u015feyi merak etti\u011fi \u00e7ift zaman zaman bo\u015fanma iddialar\u0131yla g\u00fcndeme geliyor. \u00c7iftin Alin ve Lina ad\u0131nda ikiz k\u0131zlar\u0131 bulunuyor. Her zaman mutluluklar\u0131n\u0131 g\u00f6z \u00f6n\u00fcnde ya\u015fayan \u00e7ift bo\u015fanma ve ayr\u0131l\u0131k iddialar\u0131yla haberlerde \u00e7\u0131k\u0131yor.<\/p>\n<p><img loading=\"lazy\" decoding=\"async\" class=\"alignnone size-full wp-image-102066\" src=\"https:\/\/www.tgrthaber.com\/mavikadin\/wp-content\/uploads\/Ekran-goruntusu-2024-12-05-093438.png\" alt=\"\" width=\"647\" height=\"787\" title=\"\" srcset=\"https:\/\/www.tgrthaber.com\/mavikadin\/wp-content\/uploads\/Ekran-goruntusu-2024-12-05-093438.png 647w, https:\/\/www.tgrthaber.com\/mavikadin\/wp-content\/uploads\/Ekran-goruntusu-2024-12-05-093438-247x300.png 247w\" sizes=\"(max-width: 647px) 100vw, 647px\" \/><\/p>\n<p>\u0130kizleriyle beraber Pelin Akil\u2019in oyun provas\u0131na gitmeye haz\u0131rlanan An\u0131l Altan hakk\u0131nda \u00e7\u0131kan son bo\u015fanma haberlerine de cevap verdi. Sosyal medyadan payla\u015f\u0131mlar\u0131yla herkesin ilgisini \u00e7eken \u00e7ift yine a\u00e7\u0131klamay\u0131 da sosyal medyadan yapt\u0131. A\u00e7\u0131klamas\u0131nda; \u201c\u00dc\u00e7 senedir bizi bo\u015fuyorlar\u2026 Bu haberler tamamen t\u0131klama amac\u0131yla ve k\u00f6t\u00fc niyetle yap\u0131l\u0131yor. \u0130tibar etmeyin\u201d dedi.<\/p>\n<p><img loading=\"lazy\" decoding=\"async\" class=\"alignnone size-full wp-image-102067\" src=\"https:\/\/www.tgrthaber.com\/mavikadin\/wp-content\/uploads\/Ekran-goruntusu-2024-12-05-093446.png\" alt=\"\" width=\"647\" height=\"805\" title=\"\" srcset=\"https:\/\/www.tgrthaber.com\/mavikadin\/wp-content\/uploads\/Ekran-goruntusu-2024-12-05-093446.png 647w, https:\/\/www.tgrthaber.com\/mavikadin\/wp-content\/uploads\/Ekran-goruntusu-2024-12-05-093446-241x300.png 241w\" sizes=\"(max-width: 647px) 100vw, 647px\" \/><\/p>\n<h3>PEL\u0130N AK\u0130L YALI\u00c7 \u00c7APKINI D\u0130Z\u0130S\u0130NE VEDA ETT\u0130<\/h3>\n<p>Televizyonlar\u0131n en \u00e7ok izlenen dizilerinden biri olan Yal\u0131 \u00c7apk\u0131n\u0131 dizisinde Diyar karakterini oynayan Pelin Akil diziye 84. b\u00f6l\u00fcmde veda etti. Sosyal medyadan duygusal bir payla\u015f\u0131m yaparak sete veda eden Pelin Akil yeni bir tiyatro oyununa da ba\u015flad\u0131. Yal\u0131 \u00c7apk\u0131n\u0131 dizisine vedas\u0131nda Akil, payla\u015f\u0131m\u0131na &#8220;Tan\u0131\u015ft\u0131\u011f\u0131m ve \u00e7al\u0131\u015fmaktan keyif ald\u0131\u011f\u0131m, bu i\u015fe g\u00f6n\u00fcl veren t\u00fcm arkada\u015flar\u0131m &#8216;Diyar&#8217;\u0131 da dahil etti\u011finiz g\u00fczel hikayenizde bana yolda\u015f oldu\u011funuz i\u00e7in te\u015fekk\u00fcr ederim.\u00a0Vedala\u015f\u0131rken duygulanmak, sar\u0131lmak, birbirimizin g\u00f6z\u00fcn\u00fcn i\u00e7ine bakmak bunlar her i\u015fte olacak \u015feyler de\u011fil.\u00a0Hepiniz \u00e7ok k\u0131ymetlisiniz, biliyorum ki ba\u015fka &#8216;diyarlarda, ba\u015fka hikayelerde yollar\u0131m\u0131z kesi\u015fecek&#8221; notunu d\u00fc\u015fm\u00fc\u015ft\u00fc.<\/p>\n","protected":false},"excerpt":{"rendered":"<p>Pelin Akil ve An\u0131l Altan \u00e7ifiti zaman zaman hakk\u0131nda \u00e7\u0131kan bo\u015fanma haberlerine a\u00e7\u0131klama getirdi. Neden bu haberlerin s\u00fcrekli \u00e7\u0131kt\u0131\u011f\u0131n\u0131 da a\u00e7\u0131klayan An\u0131l Altan bo\u015fanma konusunda payla\u015f\u0131m\u0131n\u0131 sosyal medyadan yapt\u0131. <\/p>\n","protected":false},"author":25,"featured_media":102068,"comment_status":"closed","ping_status":"closed","sticky":false,"template":"","format":"standard","meta":{"rank_math_lock_modified_date":false,"footnotes":""},"categories":[76],"tags":[3497,2507,2505],"class_list":["post-102053","post","type-post","status-publish","format-standard","has-post-thumbnail","hentry","category-magazin","tag-anil-altan","tag-pelin-akil","tag-yali-capkini"],"_links":{"self":[{"href":"https:\/\/www.tgrthaber.com\/mavikadin\/wp-json\/wp\/v2\/posts\/102053"}],"collection":[{"href":"https:\/\/www.tgrthaber.com\/mavikadin\/wp-json\/wp\/v2\/posts"}],"about":[{"href":"https:\/\/www.tgrthaber.com\/mavikadin\/wp-json\/wp\/v2\/types\/post"}],"author":[{"embeddable":true,"href":"https:\/\/www.tgrthaber.com\/mavikadin\/wp-json\/wp\/v2\/users\/25"}],"replies":[{"embeddable":true,"href":"https:\/\/www.tgrthaber.com\/mavikadin\/wp-json\/wp\/v2\/comments?post=102053"}],"version-history":[{"count":1,"href":"https:\/\/www.tgrthaber.com\/mavikadin\/wp-json\/wp\/v2\/posts\/102053\/revisions"}],"predecessor-version":[{"id":102069,"href":"https:\/\/www.tgrthaber.com\/mavikadin\/wp-json\/wp\/v2\/posts\/102053\/revisions\/102069"}],"wp:featuredmedia":[{"embeddable":true,"href":"https:\/\/www.tgrthaber.com\/mavikadin\/wp-json\/wp\/v2\/media\/102068"}],"wp:attachment":[{"href":"https:\/\/www.tgrthaber.com\/mavikadin\/wp-json\/wp\/v2\/media?parent=102053"}],"wp:term":[{"taxonomy":"category","embeddable":true,"href":"https:\/\/www.tgrthaber.com\/mavikadin\/wp-json\/wp\/v2\/categories?post=102053"},{"taxonomy":"post_tag","embeddable":true,"href":"https:\/\/www.tgrthaber.com\/mavikadin\/wp-json\/wp\/v2\/tags?post=102053"}],"curies":[{"name":"wp","href":"https:\/\/api.w.org\/{rel}","templated":true}]}}