{"id":102075,"date":"2024-12-05T10:18:36","date_gmt":"2024-12-05T07:18:36","guid":{"rendered":"https:\/\/www.tgrthaber.com\/mavikadin\/?p=102075"},"modified":"2024-12-05T10:35:04","modified_gmt":"2024-12-05T07:35:04","slug":"yildiz-tilbenin-sahnesine-cikan-deniz-sekinin-kilolu-hali-dikkat-cekti","status":"publish","type":"post","link":"https:\/\/www.tgrthaber.com\/mavikadin\/yildiz-tilbenin-sahnesine-cikan-deniz-sekinin-kilolu-hali-dikkat-cekti\/","title":{"rendered":"Y\u0131ld\u0131z Tilbe&#8217;nin sahnesine \u00e7\u0131kan Deniz Seki&#8217;nin kilolu hali dikkat \u00e7ekti"},"content":{"rendered":"<p>Y\u0131ld\u0131z Tilbe&#8217;nin sahnesine konuk olan \u015fark\u0131c\u0131 Deniz Seki&#8217;nin kilolu hali dikkat \u00e7ekti. Daha \u00f6nce de 33 kilo vererek g\u00fcndem olan \u00fcnl\u00fc isim hayranlar\u0131na harika bir gece ya\u015fatt\u0131.<\/p>\n<h3>YILDIZ T\u0130LBE&#8217;N\u0130N SAHNES\u0130NE KONUK OLAN DEN\u0130Z SEK\u0130 \u015eA\u015eIRTTI<\/h3>\n<p>Y\u0131ld\u0131z Tilbe&#8217;nin sahnesine konuk olarak \u00e7\u0131kan Deniz Seki ald\u0131\u011f\u0131 kilolarla dikkat \u00e7ekti. \u0130kili seslendirdi\u011fi \u015fark\u0131larla sevenlerine unutulmaz bir gece ya\u015fatt\u0131.<\/p>\n<p>Y\u0131llard\u0131r dillere pelesenk olan &#8220;Kop Gel G\u00fcnahlar\u0131ndan&#8221; \u015fark\u0131s\u0131yla harika bir d\u00fcete imza atan ikiliye sevenleri de e\u015flik etti. Dans \u015fovuyla dikkatleri \u00fczerine \u00e7eken Y\u0131ld\u0131z Tilbe ilerleyen saatlerde Deniz Seki&#8217;yi sahnesine davet etti.<\/p>\n<div style=\"width: 640px;\" class=\"wp-video\"><!--[if lt IE 9]><script>document.createElement('video');<\/script><![endif]-->\n<video class=\"wp-video-shortcode\" id=\"video-102075-1\" width=\"640\" height=\"640\" preload=\"metadata\" controls=\"controls\"><source type=\"video\/mp4\" src=\"https:\/\/www.tgrthaber.com\/mavikadin\/wp-content\/uploads\/Yildiz-Tilbe-ve-Deniz-Seki.mp4?_=1\" \/><a href=\"https:\/\/www.tgrthaber.com\/mavikadin\/wp-content\/uploads\/Yildiz-Tilbe-ve-Deniz-Seki.mp4\">https:\/\/www.tgrthaber.com\/mavikadin\/wp-content\/uploads\/Yildiz-Tilbe-ve-Deniz-Seki.mp4<\/a><\/video><\/div>\n<h3>DEN\u0130Z SEK\u0130 DAHA \u00d6NCE 33 K\u0130LO VERD\u0130<\/h3>\n<p>Sosyal medya hesab\u0131n\u0131 aktif \u015fekilde kullanan Deniz Seki ge\u00e7ti\u011fimiz sene 33 kilo vererek g\u00fcndem olmu\u015ftu. Ge\u00e7irdi\u011fi mide ameliyat\u0131n\u0131 pi\u015fmanl\u0131kla anlatan Seki &#8220;ke\u015fke yapt\u0131rmasaym\u0131\u015f\u0131m&#8221; diyerek samimi itiraflarda bulundu.<\/p>\n<p>2018 y\u0131l\u0131nda 90 kiloyken zay\u0131flamak i\u00e7in ameliyat masas\u0131na yatan Deniz Seki &#8220;Sosyal medyan\u0131n m\u00fckemmellik bask\u0131s\u0131 yaratt\u0131\u011f\u0131 fikrine kat\u0131l\u0131yor musunuz?&#8221; sorusuna \u015fu cevab\u0131 verdi:<\/p>\n<p>&#8220;Hem de \u00e7ok ve bence bu kad\u0131na yap\u0131lm\u0131\u015f duygusal ve psikolojik bir \u015fiddet. Ben zaman\u0131nda mide k\u00fc\u00e7\u00fcltme ameliyat\u0131 oldum ama pi\u015fman\u0131m. Ke\u015fke yapt\u0131rmasaym\u0131\u015f\u0131m. Bu operasyonun obez hastalara yap\u0131lmas\u0131 gerekiyormu\u015f. Ama ne yaz\u0131k ki bizim memlekette iki kilo alsan obez muamelesi g\u00f6r\u00fcyorsun. Her \u015feyin ba\u015f\u0131 sa\u011fl\u0131km\u0131\u015f. Annem beyin kanseri. Hastaneye kald\u0131rd\u0131k. Bundan m\u00fchim ne olabilir ki?&#8221;<\/p>\n","protected":false},"excerpt":{"rendered":"<p>Y\u0131ld\u0131z Tilbe, \u00f6nceki g\u00fcn Maslak&#8217;ta sahne ald\u0131. \u00dcnl\u00fc \u015fark\u0131c\u0131n\u0131n sahnesine konuk olan Deniz Seki kilolu haliyle dikkat \u00e7ekti.<\/p>\n","protected":false},"author":5,"featured_media":102076,"comment_status":"closed","ping_status":"closed","sticky":false,"template":"","format":"standard","meta":{"rank_math_lock_modified_date":false,"footnotes":""},"categories":[76],"tags":[3500,2826],"class_list":["post-102075","post","type-post","status-publish","format-standard","has-post-thumbnail","hentry","category-magazin","tag-deniz-seki","tag-yildiz-tilbe"],"_links":{"self":[{"href":"https:\/\/www.tgrthaber.com\/mavikadin\/wp-json\/wp\/v2\/posts\/102075"}],"collection":[{"href":"https:\/\/www.tgrthaber.com\/mavikadin\/wp-json\/wp\/v2\/posts"}],"about":[{"href":"https:\/\/www.tgrthaber.com\/mavikadin\/wp-json\/wp\/v2\/types\/post"}],"author":[{"embeddable":true,"href":"https:\/\/www.tgrthaber.com\/mavikadin\/wp-json\/wp\/v2\/users\/5"}],"replies":[{"embeddable":true,"href":"https:\/\/www.tgrthaber.com\/mavikadin\/wp-json\/wp\/v2\/comments?post=102075"}],"version-history":[{"count":4,"href":"https:\/\/www.tgrthaber.com\/mavikadin\/wp-json\/wp\/v2\/posts\/102075\/revisions"}],"predecessor-version":[{"id":102085,"href":"https:\/\/www.tgrthaber.com\/mavikadin\/wp-json\/wp\/v2\/posts\/102075\/revisions\/102085"}],"wp:featuredmedia":[{"embeddable":true,"href":"https:\/\/www.tgrthaber.com\/mavikadin\/wp-json\/wp\/v2\/media\/102076"}],"wp:attachment":[{"href":"https:\/\/www.tgrthaber.com\/mavikadin\/wp-json\/wp\/v2\/media?parent=102075"}],"wp:term":[{"taxonomy":"category","embeddable":true,"href":"https:\/\/www.tgrthaber.com\/mavikadin\/wp-json\/wp\/v2\/categories?post=102075"},{"taxonomy":"post_tag","embeddable":true,"href":"https:\/\/www.tgrthaber.com\/mavikadin\/wp-json\/wp\/v2\/tags?post=102075"}],"curies":[{"name":"wp","href":"https:\/\/api.w.org\/{rel}","templated":true}]}}