{"id":102091,"date":"2024-12-05T11:03:35","date_gmt":"2024-12-05T08:03:35","guid":{"rendered":"https:\/\/www.tgrthaber.com\/mavikadin\/?p=102091"},"modified":"2024-12-05T11:18:31","modified_gmt":"2024-12-05T08:18:31","slug":"kan-ciceklerinin-dilani-yagmur-yuksel-victoria-secret-turkiye-gecesine-damga-vurdu-tarzina-elestiri-yagdi","status":"publish","type":"post","link":"https:\/\/www.tgrthaber.com\/mavikadin\/kan-ciceklerinin-dilani-yagmur-yuksel-victoria-secret-turkiye-gecesine-damga-vurdu-tarzina-elestiri-yagdi\/","title":{"rendered":"Kan \u00c7i\u00e7ekleri&#8217;nin Dilan&#8217;\u0131 Ya\u011fmur Y\u00fcksel Victoria Secret T\u00fcrkiye gecesine damga vurdu! Tarz\u0131na ele\u015ftiri ya\u011fd\u0131"},"content":{"rendered":"<p>Kan \u00c7i\u00e7ekleri&#8217;nin Dilan&#8217;\u0131 Ya\u011fmur Y\u00fcksel sosyal medyada tarz\u0131yla g\u00fcndem oldu. Victoria Secret T\u00fcrkiye 10. Y\u0131l Kutlamas\u0131na kat\u0131lan gen\u00e7 isim kombiniyle ele\u015ftirildi.<\/p>\n<p>Victoria Secret melekleri ge\u00e7ti\u011fimiz aylarda podyuma bomba gibi d\u00f6nm\u00fc\u015ft\u00fc. Uzun zamand\u0131r g\u00f6rmedi\u011fimiz mankenler podyumdaki performanslar\u0131yla kendilerine hayran b\u0131rakm\u0131\u015ft\u0131.<\/p>\n<h3>KAN \u00c7\u0130\u00c7EKLER\u0130&#8217;N\u0130N D\u0130LAN&#8217;I YA\u011eMUR Y\u00dcKSEL GECEYE DAMGA VURDU!<\/h3>\n<p>Ge\u00e7ti\u011fimiz g\u00fcn ise Victoria Secret markas\u0131n\u0131n T\u00fcrkiye&#8217;deki 10. y\u0131l\u0131 kutland\u0131. Hande Yener&#8217;in sahne ald\u0131\u011f\u0131 geceye \u00fcnl\u00fcler adeta ak\u0131n etti.<br \/>\nPembe hal\u0131daki \u015f\u0131kl\u0131k yar\u0131\u015f\u0131nda Kan \u00c7i\u00e7ekleri&#8217;nin Dilan&#8217;\u0131 Ya\u011fmur Y\u00fcksel dikkat \u00e7eken isimler aras\u0131ndayd\u0131.<\/p>\n<p>Do\u011fal g\u00fczelli\u011fiyle \u00f6n planda olan gen\u00e7 isim ne yaz\u0131k ki tarz\u0131yla be\u011fenilmedi.<\/p>\n<div style=\"width: 640px;\" class=\"wp-video\"><!--[if lt IE 9]><script>document.createElement('video');<\/script><![endif]-->\n<video class=\"wp-video-shortcode\" id=\"video-102091-1\" width=\"640\" height=\"640\" preload=\"metadata\" controls=\"controls\"><source type=\"video\/mp4\" src=\"https:\/\/www.tgrthaber.com\/mavikadin\/wp-content\/uploads\/Kan-Ciceklerinin-Dilani-Yagmur-Yuksel-111.mp4?_=1\" \/><a href=\"https:\/\/www.tgrthaber.com\/mavikadin\/wp-content\/uploads\/Kan-Ciceklerinin-Dilani-Yagmur-Yuksel-111.mp4\">https:\/\/www.tgrthaber.com\/mavikadin\/wp-content\/uploads\/Kan-Ciceklerinin-Dilani-Yagmur-Yuksel-111.mp4<\/a><\/video><\/div>\n<h3>YA\u011eMUR Y\u00dcKSEL K\u0130MD\u0130R?<\/h3>\n<p>Amasya&#8217;n\u0131n Merzifon il\u00e7esinde 21 Ocak 2002&#8217;de d\u00fcnyaya gelen Ya\u011fmur Y\u00fcksel Amasyal\u0131d\u0131r.<\/p>\n<p>Gen\u00e7 ya\u015fta oyuncu olan Ya\u011fmur Y\u00fcksel ilk oyunculuk deneyimini Kan \u00c7i\u00e7ekleri dizisinde ya\u015fad\u0131.<\/p>\n<p>Dizide Bar\u0131\u015f Bekta\u015f ile birlikte ba\u015frol oynayan \u00fcnl\u00fc ismin \u00f6zel hayat\u0131 merak ediliyor.<\/p>\n<p>As\u0131l mesle\u011fi hem\u015firelik olan Ya\u011fmur Y\u00fcksel&#8217;in ke\u015ffedilme hikayesini \u015f\u00f6yle anlat\u0131yor.<\/p>\n<p>&#8220;Ayd\u0131n \u00dcniversitesi&#8217;nde okurken, \u0130stinye Hastanesi&#8217;nde staj yapmaya ba\u015flad\u0131m. Alt\u0131 sene \u00f6ncesinden bahsediyorum.<\/p>\n<p>Influencer \u00e7ok arkada\u015f\u0131m vard\u0131. Ben \u00e7al\u0131\u015ft\u0131\u011f\u0131m i\u00e7in sosyal medyaya \u00e7ok foto\u011fraf y\u00fcklemiyordum. O s\u00fcre\u00e7te bir arkada\u015f\u0131m ajansa g\u00f6r\u00fc\u015fmeye gidecekti, &#8220;Benimle gelir misin&#8221; dedi.<\/p>\n<p><img loading=\"lazy\" decoding=\"async\" class=\"alignnone size-large wp-image-102094\" src=\"https:\/\/www.tgrthaber.com\/mavikadin\/wp-content\/uploads\/Kan-Ciceklerinin-Dilani-Yagmur-Yuksel-5-1024x683.jpg\" alt=\"\" width=\"640\" height=\"427\" title=\"\" srcset=\"https:\/\/www.tgrthaber.com\/mavikadin\/wp-content\/uploads\/Kan-Ciceklerinin-Dilani-Yagmur-Yuksel-5-1024x683.jpg 1024w, https:\/\/www.tgrthaber.com\/mavikadin\/wp-content\/uploads\/Kan-Ciceklerinin-Dilani-Yagmur-Yuksel-5-300x200.jpg 300w, https:\/\/www.tgrthaber.com\/mavikadin\/wp-content\/uploads\/Kan-Ciceklerinin-Dilani-Yagmur-Yuksel-5-768x512.jpg 768w, https:\/\/www.tgrthaber.com\/mavikadin\/wp-content\/uploads\/Kan-Ciceklerinin-Dilani-Yagmur-Yuksel-5.jpg 1080w\" sizes=\"(max-width: 640px) 100vw, 640px\" \/><\/p>\n<p>Gittik, orada beni \u015fu anki menajerim Banu Susur g\u00f6rd\u00fc. Oyunculuk yapmak isteyip istemedi\u011fimi sordu.<\/p>\n<p>Okulum oldu\u011funu s\u00f6yleyip numaram\u0131 verdim. Sonra irtibat\u0131m\u0131z kesildi. Ama beni unutmam\u0131\u015f, y\u0131llar sonra bu karakter i\u00e7in tekrar arad\u0131. Gidip g\u00f6r\u00fc\u015ft\u00fck, demek ki zaman bu zamanm\u0131\u015f.<\/p>\n<p>Yolun \u00e7ok ba\u015f\u0131nday\u0131m, \u00f6\u011frenmem gereken \u00e7ok \u015fey var. Ama \u00f6yle g\u00fczel gidiyor ki, a\u015fk olarak bak\u0131yorum, ger\u00e7ekten i\u015fimi \u00e7ok seviyorum. Sahne, kamera, senaryo hepsi benim i\u00e7in \u00e7ok ba\u015fka, de\u011ferli ve \u00e7ok k\u0131ymetli.&#8221;<\/p>\n<p><img loading=\"lazy\" decoding=\"async\" class=\"alignnone size-large wp-image-102105\" src=\"https:\/\/www.tgrthaber.com\/mavikadin\/wp-content\/uploads\/Yagmur-Yuksel-4-1024x576.jpg\" alt=\"\" width=\"640\" height=\"360\" title=\"\" srcset=\"https:\/\/www.tgrthaber.com\/mavikadin\/wp-content\/uploads\/Yagmur-Yuksel-4-1024x576.jpg 1024w, https:\/\/www.tgrthaber.com\/mavikadin\/wp-content\/uploads\/Yagmur-Yuksel-4-300x169.jpg 300w, https:\/\/www.tgrthaber.com\/mavikadin\/wp-content\/uploads\/Yagmur-Yuksel-4-768x432.jpg 768w, https:\/\/www.tgrthaber.com\/mavikadin\/wp-content\/uploads\/Yagmur-Yuksel-4-1536x864.jpg 1536w, https:\/\/www.tgrthaber.com\/mavikadin\/wp-content\/uploads\/Yagmur-Yuksel-4.jpg 1600w\" sizes=\"(max-width: 640px) 100vw, 640px\" \/><\/p>\n","protected":false},"excerpt":{"rendered":"<p>Kan \u00c7i\u00e7ekleri&#8217;nin Dilan&#8217;\u0131 Ya\u011fmur Y\u00fcksel Victoria Secret T\u00fcrkiye 10. Y\u0131l Kutlamas\u0131na kat\u0131ld\u0131. Tarz\u0131yla ele\u015ftirilen isim sosyal medyada yorum ya\u011fmuruna tutuldu.<\/p>\n","protected":false},"author":5,"featured_media":102103,"comment_status":"closed","ping_status":"closed","sticky":false,"template":"","format":"standard","meta":{"rank_math_lock_modified_date":false,"footnotes":""},"categories":[76],"tags":[2301,3503,2282],"class_list":["post-102091","post","type-post","status-publish","format-standard","has-post-thumbnail","hentry","category-magazin","tag-kan-cicekleri","tag-kan-cicekleri-dilan","tag-yagmur-yuksel"],"_links":{"self":[{"href":"https:\/\/www.tgrthaber.com\/mavikadin\/wp-json\/wp\/v2\/posts\/102091"}],"collection":[{"href":"https:\/\/www.tgrthaber.com\/mavikadin\/wp-json\/wp\/v2\/posts"}],"about":[{"href":"https:\/\/www.tgrthaber.com\/mavikadin\/wp-json\/wp\/v2\/types\/post"}],"author":[{"embeddable":true,"href":"https:\/\/www.tgrthaber.com\/mavikadin\/wp-json\/wp\/v2\/users\/5"}],"replies":[{"embeddable":true,"href":"https:\/\/www.tgrthaber.com\/mavikadin\/wp-json\/wp\/v2\/comments?post=102091"}],"version-history":[{"count":2,"href":"https:\/\/www.tgrthaber.com\/mavikadin\/wp-json\/wp\/v2\/posts\/102091\/revisions"}],"predecessor-version":[{"id":102106,"href":"https:\/\/www.tgrthaber.com\/mavikadin\/wp-json\/wp\/v2\/posts\/102091\/revisions\/102106"}],"wp:featuredmedia":[{"embeddable":true,"href":"https:\/\/www.tgrthaber.com\/mavikadin\/wp-json\/wp\/v2\/media\/102103"}],"wp:attachment":[{"href":"https:\/\/www.tgrthaber.com\/mavikadin\/wp-json\/wp\/v2\/media?parent=102091"}],"wp:term":[{"taxonomy":"category","embeddable":true,"href":"https:\/\/www.tgrthaber.com\/mavikadin\/wp-json\/wp\/v2\/categories?post=102091"},{"taxonomy":"post_tag","embeddable":true,"href":"https:\/\/www.tgrthaber.com\/mavikadin\/wp-json\/wp\/v2\/tags?post=102091"}],"curies":[{"name":"wp","href":"https:\/\/api.w.org\/{rel}","templated":true}]}}