{"id":102133,"date":"2024-12-05T12:31:34","date_gmt":"2024-12-05T09:31:34","guid":{"rendered":"https:\/\/www.tgrthaber.com\/mavikadin\/?p=102133"},"modified":"2024-12-05T12:32:52","modified_gmt":"2024-12-05T09:32:52","slug":"annem-ankara-suphi-dayi-kimdir-ozgurcan-cevik-kimdir-kac-yasinda-nereli","status":"publish","type":"post","link":"https:\/\/www.tgrthaber.com\/mavikadin\/annem-ankara-suphi-dayi-kimdir-ozgurcan-cevik-kimdir-kac-yasinda-nereli\/","title":{"rendered":"Annem Ankara Suphi Day\u0131 kimdir? \u00d6zg\u00fcrcan \u00c7evik kimdir, ka\u00e7 ya\u015f\u0131nda, nereli?"},"content":{"rendered":"<p>Kanal D ekranlar\u0131nda izleyici ile bulu\u015fan Annem Ankara dizisi ge\u00e7ti\u011fimiz haftalarda ekran maceras\u0131na ba\u015flam\u0131\u015ft\u0131. Hem g\u00fc\u00e7l\u00fc oyuncu kadrosu hem de dikkat \u00e7ekici konusuyla seyirciden tam not alan dizi, reytinglerde de rekora ko\u015fuyor.\u00a0Ge\u00e7ti\u011fimiz g\u00fcn dizinin yay\u0131mlanan son b\u00f6l\u00fcm\u00fc de izleyicinin be\u011fenisini toplad\u0131. Diziye yeni kat\u0131lan Suphi Day\u0131 karakterine can veren \u00d6zg\u00fcrcan \u00c7evik\u2019in de kim oldu\u011fu merak edildi. \u00d6zg\u00fcrcan \u00c7evik hakk\u0131nda merak edilenleri sizin i\u00e7in ara\u015ft\u0131rd\u0131k. Peki, Annem Ankara Suphi Day\u0131 kimdir? \u00d6zg\u00fcrcan \u00c7evik kimdir, ka\u00e7 ya\u015f\u0131nda, nereli? \u0130\u015fte \u00d6zg\u00fcrcan \u00c7evik hakk\u0131nda merak edilenler\u2026<\/p>\n<h3>ANNEM ANKARA SUPH\u0130 DAYI K\u0130MD\u0130R?<\/h3>\n<p>Kanal D ekranlar\u0131n\u0131n sevilen dizisi Annem Ankara\u2019n\u0131n konusu ve oyuncular\u0131 izleyiciler taraf\u0131ndan yo\u011fun bir ilgi g\u00f6r\u00fcyor. Ge\u00e7ti\u011fimiz g\u00fcn yeni b\u00f6l\u00fcm\u00fc yay\u0131mlanan dizinin oyuncu kadrosuna ba\u015far\u0131l\u0131 oyuncu \u00d6zg\u00fcrcan \u00c7evik dahil oldu. \u00c7evik, dizide Zuhal\u2019in (Berg\u00fczar Korel) kuzeni Suphi karakterine can verecek.<\/p>\n<p><img loading=\"lazy\" decoding=\"async\" class=\"alignnone wp-image-102134 size-large\" src=\"https:\/\/www.tgrthaber.com\/mavikadin\/wp-content\/uploads\/Adsiz-tasarim-2024-12-05T122328.895-1024x576.jpg\" alt=\"Annem Ankara Suphi Day\u0131 kimdir?\" width=\"1024\" height=\"576\" title=\"\" srcset=\"https:\/\/www.tgrthaber.com\/mavikadin\/wp-content\/uploads\/Adsiz-tasarim-2024-12-05T122328.895-1024x576.jpg 1024w, https:\/\/www.tgrthaber.com\/mavikadin\/wp-content\/uploads\/Adsiz-tasarim-2024-12-05T122328.895-300x169.jpg 300w, https:\/\/www.tgrthaber.com\/mavikadin\/wp-content\/uploads\/Adsiz-tasarim-2024-12-05T122328.895-768x432.jpg 768w, https:\/\/www.tgrthaber.com\/mavikadin\/wp-content\/uploads\/Adsiz-tasarim-2024-12-05T122328.895-1536x864.jpg 1536w, https:\/\/www.tgrthaber.com\/mavikadin\/wp-content\/uploads\/Adsiz-tasarim-2024-12-05T122328.895.jpg 1600w\" sizes=\"(max-width: 1024px) 100vw, 1024px\" \/><\/p>\n<p>\u00d6zg\u00fcrcan \u00c7evik, dizideki performans\u0131yla seyirciden tam not almay\u0131 ba\u015fard\u0131. Dizinin oyuncu kadrosuna yeni kat\u0131lan oyuncu performans\u0131yla dikkatleri \u00fczerine \u00e7ekmeyi ba\u015fard\u0131. Suphi, dizide \u00e7ocuklar\u0131n\u0131n g\u00f6z\u00fc kara day\u0131s\u0131, ihtiyac\u0131 olan herkese yard\u0131m etmekten \u00e7ekinmeyen ve s\u00f6z\u00fcn\u00fc kimseden esirgemeyen bir karakter olarak kar\u015f\u0131m\u0131za \u00e7\u0131k\u0131yor. Suphi karakterine ise ba\u015far\u0131l\u0131 oyuncu \u00d6zg\u00fcrcan \u00c7evik hayat veriyor.<\/p>\n<h3>\u00d6ZG\u00dcRCAN \u00c7EV\u0130K K\u0130MD\u0130R?<\/h3>\n<p>\u00d6zg\u00fcrcan \u00c7evik, 24 Ekim 1983 tarihinde Ankara\u2019da d\u00fcnyaya geldi. \u0130lkokul, ortaokul ve lise e\u011fitimini ba\u015far\u0131yla tamamlad\u0131. \u00c7evik s\u0131ras\u0131yla \u00f6nce Ahmet Vefik Pa\u015fa \u0130lkokulu\u2019ndan, sonras\u0131nda \u00d6zel K\u00f6ksal Toptan Lisesi\u2019nin ortaokul k\u0131sm\u0131nda e\u011fitimini tamamlayarak Ayranc\u0131 Lisesi\u2019nden mezun oldu.<\/p>\n<p><img loading=\"lazy\" decoding=\"async\" class=\"alignnone wp-image-102136 size-large\" src=\"https:\/\/www.tgrthaber.com\/mavikadin\/wp-content\/uploads\/Adsiz-tasarim-2024-12-05T122302.336-1024x576.jpg\" alt=\"\u00d6zg\u00fcrcan \u00c7evik kimdir\" width=\"1024\" height=\"576\" title=\"\" srcset=\"https:\/\/www.tgrthaber.com\/mavikadin\/wp-content\/uploads\/Adsiz-tasarim-2024-12-05T122302.336-1024x576.jpg 1024w, https:\/\/www.tgrthaber.com\/mavikadin\/wp-content\/uploads\/Adsiz-tasarim-2024-12-05T122302.336-300x169.jpg 300w, https:\/\/www.tgrthaber.com\/mavikadin\/wp-content\/uploads\/Adsiz-tasarim-2024-12-05T122302.336-768x432.jpg 768w, https:\/\/www.tgrthaber.com\/mavikadin\/wp-content\/uploads\/Adsiz-tasarim-2024-12-05T122302.336-1536x864.jpg 1536w, https:\/\/www.tgrthaber.com\/mavikadin\/wp-content\/uploads\/Adsiz-tasarim-2024-12-05T122302.336.jpg 1600w\" sizes=\"(max-width: 1024px) 100vw, 1024px\" \/><\/p>\n<p>\u0130lkokul, ortaokul ve lise e\u011fitimini ba\u015far\u0131yla tamamlayan \u00d6zg\u00fcrcan \u00c7evik, y\u00fcksek\u00f6\u011frenimini 2001 y\u0131l\u0131nda ba\u015flad\u0131\u011f\u0131 Hacettepe \u00dcniversitesi Turizm-Otel \u0130\u015fletmecili\u011fi\u2019nden 2004 y\u0131l\u0131nda mezun olarak tamamlad\u0131. Kendini oyunculuk sekt\u00f6r\u00fcnde ilerletmek isteyen ve kariyerini ona g\u00f6re planlayan \u00c7evik, 2004-2009 y\u0131llar\u0131 aras\u0131nda ise Bilkent \u00dcniversitesi Tiyatro-Oyunculuk b\u00f6l\u00fcm\u00fcn\u00fc bitirdi.<\/p>\n<h3>\u00d6ZG\u00dcRCAN \u00c7EV\u0130K KA\u00c7 YA\u015eINDA?<\/h3>\n<p>\u015eimdilerde 41 ya\u015f\u0131nda olan ba\u015far\u0131l\u0131 oyuncu \u00d6zg\u00fcrcan \u00c7evik, \u00fcniversite e\u011fitimini tamamlad\u0131ktan sonra Ankara Sanat Tiyatrosu\u2019nda g\u00f6reve ba\u015flad\u0131. Oyunculuk kariyerine tiyatro oyunlar\u0131yla ba\u015flayan \u00c7evik, Ankara Sanat Tiyatrosu\u2019nda rol ald\u0131\u011f\u0131 \u201cKod Ad\u0131: Keklik\u201d oyunu ile X. Lions Tiyatro \u00d6d\u00fclleri\u2019nde en iyi yard\u0131mc\u0131 erkek oyuncu \u00f6d\u00fcl\u00fcn\u00fc almaya hak kazand\u0131.<\/p>\n<p><img loading=\"lazy\" decoding=\"async\" class=\"alignnone wp-image-102137 size-large\" src=\"https:\/\/www.tgrthaber.com\/mavikadin\/wp-content\/uploads\/Adsiz-tasarim-2024-12-05T122352.662-1024x576.jpg\" alt=\"\u00d6zg\u00fcrcan \u00c7evik kimdir\" width=\"1024\" height=\"576\" title=\"\" srcset=\"https:\/\/www.tgrthaber.com\/mavikadin\/wp-content\/uploads\/Adsiz-tasarim-2024-12-05T122352.662-1024x576.jpg 1024w, https:\/\/www.tgrthaber.com\/mavikadin\/wp-content\/uploads\/Adsiz-tasarim-2024-12-05T122352.662-300x169.jpg 300w, https:\/\/www.tgrthaber.com\/mavikadin\/wp-content\/uploads\/Adsiz-tasarim-2024-12-05T122352.662-768x432.jpg 768w, https:\/\/www.tgrthaber.com\/mavikadin\/wp-content\/uploads\/Adsiz-tasarim-2024-12-05T122352.662-1536x864.jpg 1536w, https:\/\/www.tgrthaber.com\/mavikadin\/wp-content\/uploads\/Adsiz-tasarim-2024-12-05T122352.662.jpg 1600w\" sizes=\"(max-width: 1024px) 100vw, 1024px\" \/><\/p>\n<p>\u00c7evik, 2012 y\u0131l\u0131nda Bulutiyatro\u2019nun \u201cTetik\u00e7i\u201d adl\u0131 tiyatro oyununda rol ald\u0131. Tiyatro alan\u0131nda kendini geli\u015ftiren \u00c7evik, 2013 y\u0131l\u0131nda ise Y\u00fccel Erten\u2019in Aziz Nesin \u00f6yk\u00fclerinden derleyip y\u00f6netti\u011fi, Ankara Sanat Tiyatorsu\u2019nun oyunu \u201cSelam\u00fcn Kavlen Karakolu\u2019nda\u201d rol ald\u0131.<\/p>\n<h3>\u00d6ZG\u00dcRCAN \u00c7EV\u0130K KAR\u0130YER\u0130NDE NASIL \u0130LERLED\u0130?<\/h3>\n<p>Tiyatro alan\u0131nda kendini geli\u015ftiren \u00d6zg\u00fcrcan \u00c7evik, televizyon oyunculu\u011funa ilk ad\u0131m\u0131n\u0131 2008 y\u0131l\u0131nda yay\u0131mlanan \u201cBizim Evin Halleri\u201d dizisiyle att\u0131. Daha sonra 2010-2011 y\u0131llar\u0131 aras\u0131nda yay\u0131mlanan \u201cT\u00fcrkan\u201d dizisinde \u201cDoktor Orhan\u201d karakterine can verdi. \u00c7evik, 2013 y\u0131l\u0131nda ise \u201cOldu Te\u015fekk\u00fcrler\u201d adl\u0131 dizide \u201c\u015eevkat Yerimdar\u201d karakterine can verdi. Bu rol\u00fcyle b\u00fcy\u00fck be\u011feni toplayan ba\u015far\u0131l\u0131 oyuncu, ad\u0131ndan s\u00f6z ettirmeyi ba\u015fard\u0131.<\/p>\n<p><img loading=\"lazy\" decoding=\"async\" class=\"alignnone wp-image-102138 size-large\" src=\"https:\/\/www.tgrthaber.com\/mavikadin\/wp-content\/uploads\/Adsiz-tasarim-2024-12-05T122317.734-1024x576.jpg\" alt=\"\u00d6zg\u00fcrcan \u00c7evik kimdir\" width=\"1024\" height=\"576\" title=\"\" srcset=\"https:\/\/www.tgrthaber.com\/mavikadin\/wp-content\/uploads\/Adsiz-tasarim-2024-12-05T122317.734-1024x576.jpg 1024w, https:\/\/www.tgrthaber.com\/mavikadin\/wp-content\/uploads\/Adsiz-tasarim-2024-12-05T122317.734-300x169.jpg 300w, https:\/\/www.tgrthaber.com\/mavikadin\/wp-content\/uploads\/Adsiz-tasarim-2024-12-05T122317.734-768x432.jpg 768w, https:\/\/www.tgrthaber.com\/mavikadin\/wp-content\/uploads\/Adsiz-tasarim-2024-12-05T122317.734-1536x864.jpg 1536w, https:\/\/www.tgrthaber.com\/mavikadin\/wp-content\/uploads\/Adsiz-tasarim-2024-12-05T122317.734.jpg 1600w\" sizes=\"(max-width: 1024px) 100vw, 1024px\" \/><\/p>\n<p>Ba\u015far\u0131l\u0131 oyuncu \u00d6zg\u00fcrcan \u00c7evik, 2013 y\u0131l\u0131nda yay\u0131mland\u0131\u011f\u0131 d\u00f6neme damga vuran \u201cFatih Harbiye\u201d dizisinde \u201cOnur\u201d karakterine can verdi. \u00c7evik 2013 y\u0131l\u0131nda yay\u0131mlanan \u201c\u015eevkat Yerimdar\u201d sinema filmiyle oyunculuk kariyerini zirveye ta\u015f\u0131d\u0131. Daha sonra bu serinin ikinci filmi 2015 y\u0131l\u0131nda \u201c\u015eevkat Yerimdar 2: Bizde Sadakat \u00c7ok\u201d ile izleyici kar\u015f\u0131s\u0131na \u00e7\u0131kt\u0131.<\/p>\n<h3>ANNEM ANKARA D\u0130Z\u0130S\u0130YLE EKRANLARA D\u00d6ND\u00dc!<\/h3>\n<p>\u015eevkat Yerimdar karakteriyle seyircinin be\u011fenisini kazanan ba\u015far\u0131l\u0131 oyuncu, ad\u0131n\u0131 \u015eevkat Yerimdar ile duyurdu. Sinema filmi olarak izleyici kar\u015f\u0131s\u0131na \u00e7\u0131kan \u015eevkat Yerimdar, 2017-2018 y\u0131llar\u0131 aras\u0131nda dizi olarak izleyici kar\u015f\u0131s\u0131na \u00e7\u0131kt\u0131. En son 2018-2019 y\u0131llar\u0131 aras\u0131nda yay\u0131mlanan \u201c\u0130kizler Memo-Can\u201d dizisiyle seyirci kar\u015f\u0131s\u0131na \u00e7\u0131kan \u00d6zg\u00fcrcan \u00c7evik, 2021-2022 y\u0131llar\u0131 aras\u0131nda \u201c\u00c7ember\u201d adl\u0131 televizyon film serisindeki \u201cKomiser Hakan Turac\u0131\u201d karakteriyle ekranlara \u00e7\u0131kt\u0131.<\/p>\n<p><img loading=\"lazy\" decoding=\"async\" class=\"alignnone wp-image-102139 size-large\" src=\"https:\/\/www.tgrthaber.com\/mavikadin\/wp-content\/uploads\/Adsiz-tasarim-2024-12-05T122400.230-1024x576.jpg\" alt=\"\u00d6zg\u00fcrcan \u00c7evik kimdir\" width=\"1024\" height=\"576\" title=\"\" srcset=\"https:\/\/www.tgrthaber.com\/mavikadin\/wp-content\/uploads\/Adsiz-tasarim-2024-12-05T122400.230-1024x576.jpg 1024w, https:\/\/www.tgrthaber.com\/mavikadin\/wp-content\/uploads\/Adsiz-tasarim-2024-12-05T122400.230-300x169.jpg 300w, https:\/\/www.tgrthaber.com\/mavikadin\/wp-content\/uploads\/Adsiz-tasarim-2024-12-05T122400.230-768x432.jpg 768w, https:\/\/www.tgrthaber.com\/mavikadin\/wp-content\/uploads\/Adsiz-tasarim-2024-12-05T122400.230-1536x864.jpg 1536w, https:\/\/www.tgrthaber.com\/mavikadin\/wp-content\/uploads\/Adsiz-tasarim-2024-12-05T122400.230.jpg 1600w\" sizes=\"(max-width: 1024px) 100vw, 1024px\" \/><\/p>\n<p>\u00c7evik, \u015fimdilerde Kanal D ekranlar\u0131nda izleyici ile bulu\u015fan \u201cAnnem Ankara\u201d dizisinde \u201cSuphi\u201d karakteriyle ekranlara d\u00f6nd\u00fc. Ayn\u0131 zamanda Ankara\u2019da do\u011fup b\u00fcy\u00fcyen \u00d6zg\u00fcrcan \u00c7evik, Annem Ankara dizisinde tam bir Ankaral\u0131 rol\u00fcyle karakterinin hakk\u0131n\u0131 vermeye haz\u0131rlan\u0131yor.<\/p>\n","protected":false},"excerpt":{"rendered":"<p>Annem Ankara dizisinin Suphi Day\u0131s\u0131 \u00d6zg\u00fcrcan \u00c7evik\u2019in kim oldu\u011fu merak ediliyor. Peki, Annem Ankara Suphi Day\u0131 kimdir? \u00d6zg\u00fcrcan \u00c7evik kimdir, ka\u00e7 ya\u015f\u0131nda, nereli? \u0130\u015fte ayr\u0131nt\u0131lar\u2026 <\/p>\n","protected":false},"author":26,"featured_media":102141,"comment_status":"closed","ping_status":"closed","sticky":false,"template":"","format":"standard","meta":{"rank_math_lock_modified_date":false,"footnotes":""},"categories":[491],"tags":[2459,2565,3514],"class_list":["post-102133","post","type-post","status-publish","format-standard","has-post-thumbnail","hentry","category-biyografi","tag-annem-ankara","tag-annem-ankara-dizi","tag-ozgurcan-cevik"],"_links":{"self":[{"href":"https:\/\/www.tgrthaber.com\/mavikadin\/wp-json\/wp\/v2\/posts\/102133"}],"collection":[{"href":"https:\/\/www.tgrthaber.com\/mavikadin\/wp-json\/wp\/v2\/posts"}],"about":[{"href":"https:\/\/www.tgrthaber.com\/mavikadin\/wp-json\/wp\/v2\/types\/post"}],"author":[{"embeddable":true,"href":"https:\/\/www.tgrthaber.com\/mavikadin\/wp-json\/wp\/v2\/users\/26"}],"replies":[{"embeddable":true,"href":"https:\/\/www.tgrthaber.com\/mavikadin\/wp-json\/wp\/v2\/comments?post=102133"}],"version-history":[{"count":2,"href":"https:\/\/www.tgrthaber.com\/mavikadin\/wp-json\/wp\/v2\/posts\/102133\/revisions"}],"predecessor-version":[{"id":102146,"href":"https:\/\/www.tgrthaber.com\/mavikadin\/wp-json\/wp\/v2\/posts\/102133\/revisions\/102146"}],"wp:featuredmedia":[{"embeddable":true,"href":"https:\/\/www.tgrthaber.com\/mavikadin\/wp-json\/wp\/v2\/media\/102141"}],"wp:attachment":[{"href":"https:\/\/www.tgrthaber.com\/mavikadin\/wp-json\/wp\/v2\/media?parent=102133"}],"wp:term":[{"taxonomy":"category","embeddable":true,"href":"https:\/\/www.tgrthaber.com\/mavikadin\/wp-json\/wp\/v2\/categories?post=102133"},{"taxonomy":"post_tag","embeddable":true,"href":"https:\/\/www.tgrthaber.com\/mavikadin\/wp-json\/wp\/v2\/tags?post=102133"}],"curies":[{"name":"wp","href":"https:\/\/api.w.org\/{rel}","templated":true}]}}