{"id":102160,"date":"2024-12-05T13:53:13","date_gmt":"2024-12-05T10:53:13","guid":{"rendered":"https:\/\/www.tgrthaber.com\/mavikadin\/?p=102160"},"modified":"2024-12-05T13:53:46","modified_gmt":"2024-12-05T10:53:46","slug":"asuman-krause-actigi-davayi-kaybetti-bir-yildir-gorulen-dava-sonuclandi","status":"publish","type":"post","link":"https:\/\/www.tgrthaber.com\/mavikadin\/asuman-krause-actigi-davayi-kaybetti-bir-yildir-gorulen-dava-sonuclandi\/","title":{"rendered":"Asuman Krause a\u00e7t\u0131\u011f\u0131 davay\u0131 kaybetti! Bir y\u0131ld\u0131r g\u00f6r\u00fclen dava sonu\u00e7land\u0131"},"content":{"rendered":"<p>Asuman Krause bir y\u0131ld\u0131r devam eden davas\u0131n\u0131 kaybetti. Etiler&#8217;deki evini kiraya veren Asuman Krause kirac\u0131s\u0131na tahliye ve kira y\u00fckseltme davas\u0131 a\u00e7m\u0131\u015ft\u0131. Dava bir y\u0131ld\u0131r devam ederken nihayet sonu\u00e7land\u0131. Asuman Krause kirac\u0131s\u0131na kar\u015f\u0131 a\u00e7t\u0131\u011f\u0131 tahliye davas\u0131n\u0131 kaybetti.<\/p>\n<h3>ASUMAN KRAUSE&#8217;N\u0130N A\u00c7TI\u011eI DAVA SONU\u00c7LANDI<\/h3>\n<p>Asuman Krause Etiler&#8217;de bulunan bir evini Serpil U. ad\u0131ndan bir kad\u0131n kiralad\u0131. 2014 y\u0131l\u0131nda kiralanan evden \u00e7\u0131kmas\u0131 i\u00e7in noter arac\u0131l\u0131\u011f\u0131 ile ihtarname g\u00f6nderen Asuman Krause kirac\u0131s\u0131na tahliye davas\u0131 a\u00e7t\u0131. Asl\u0131nda \u0130zmit&#8217;te ya\u015fayan ve haftada bir g\u00fcn bu eve gelen kirac\u0131 Serpil U. bir y\u0131ld\u0131r devam eden davay\u0131 kazand\u0131. Mahkeme davan\u0131n reddine karar verdi. Yeterli delil sunmayan Asuman Krause karara itiraz etti. Dava \u015fimdi istinafa ta\u015f\u0131nd\u0131.<\/p>\n<p><img loading=\"lazy\" decoding=\"async\" class=\"alignnone size-full wp-image-102161\" src=\"https:\/\/www.tgrthaber.com\/mavikadin\/wp-content\/uploads\/Ekran-goruntusu-2024-12-05-134812.png\" alt=\"\" width=\"681\" height=\"755\" title=\"\" srcset=\"https:\/\/www.tgrthaber.com\/mavikadin\/wp-content\/uploads\/Ekran-goruntusu-2024-12-05-134812.png 681w, https:\/\/www.tgrthaber.com\/mavikadin\/wp-content\/uploads\/Ekran-goruntusu-2024-12-05-134812-271x300.png 271w\" sizes=\"(max-width: 681px) 100vw, 681px\" \/><\/p>\n<p>\u0130stanbul Sulh Hukuk Mahkemesi\u2019nde a\u00e7\u0131lan davaya g\u00f6re Krause&#8217;nin evinde ya\u011fmur suyundan dolay\u0131 tahribat ya\u015fand\u0131. Bu sebeple Etiler&#8217;deki evine ta\u015f\u0131nmak isteyen Krause kirac\u0131s\u0131na noter arac\u0131l\u0131\u011f\u0131 ile ihtarname g\u00f6nderdi. Kirac\u0131s\u0131n\u0131n evini bo\u015faltmamas\u0131 durumunda ba\u015fka ev kiralayabilmek i\u00e7in kiran\u0131n 25 bin liraya y\u00fckseltilmesini talep eden Asuman Krause&#8217;nin elin bo\u015f kald\u0131.<\/p>\n<p><img loading=\"lazy\" decoding=\"async\" class=\"alignnone size-full wp-image-102162\" src=\"https:\/\/www.tgrthaber.com\/mavikadin\/wp-content\/uploads\/Ekran-goruntusu-2024-12-05-134804.png\" alt=\"\" width=\"690\" height=\"759\" title=\"\" srcset=\"https:\/\/www.tgrthaber.com\/mavikadin\/wp-content\/uploads\/Ekran-goruntusu-2024-12-05-134804.png 690w, https:\/\/www.tgrthaber.com\/mavikadin\/wp-content\/uploads\/Ekran-goruntusu-2024-12-05-134804-273x300.png 273w\" sizes=\"(max-width: 690px) 100vw, 690px\" \/><\/p>\n<p>Kirac\u0131 Serpil U. ihtarnameye cevap vermedi. Asuman Krause tahliye ve kira bedelinin artt\u0131r\u0131lmas\u0131 i\u00e7in dava a\u00e7t\u0131. 1 y\u0131ld\u0131r devam eden dava sonu\u00e7land\u0131. Davan\u0131n reddine karar veren mahkeme, gerek\u00e7e olarak mankenin yeterli delil sunmamas\u0131n\u0131 g\u00f6sterdi. Karara itiraz eden Krause, davay\u0131 istinafa ta\u015f\u0131d\u0131.<\/p>\n<p>&nbsp;<\/p>\n<p>Asuman Krause kirac\u0131s\u0131 Serpil U.&#8217;ya a\u00e7t\u0131\u011f\u0131 tahliye davas\u0131n\u0131 kaybetti.<\/p>\n<p><img loading=\"lazy\" decoding=\"async\" class=\"alignnone size-full wp-image-102163\" src=\"https:\/\/www.tgrthaber.com\/mavikadin\/wp-content\/uploads\/Ekran-goruntusu-2024-12-05-134820.png\" alt=\"\" width=\"638\" height=\"760\" title=\"\" srcset=\"https:\/\/www.tgrthaber.com\/mavikadin\/wp-content\/uploads\/Ekran-goruntusu-2024-12-05-134820.png 638w, https:\/\/www.tgrthaber.com\/mavikadin\/wp-content\/uploads\/Ekran-goruntusu-2024-12-05-134820-252x300.png 252w\" sizes=\"(max-width: 638px) 100vw, 638px\" \/><\/p>\n<h3>ASUMAN KRASUE YA\u015eINI DUYANLAR \u015eOK OLDU<\/h3>\n<p>Asuman Krause bir s\u00fcredir ekranlardan uzak bir ya\u015fam s\u00fcr\u00fcyor. 1998 y\u0131l\u0131 T\u00fcrkiye \u0130kinci G\u00fczeli olan Asuman Krause g\u00f6n\u00fcllere taht kurmu\u015f bir isim olmay\u0131 ba\u015farm\u0131\u015ft\u0131. G\u00fcn\u00fcm\u00fczde hala herkesin ilgisini \u00e7eken isim Asuman Krause&#8217;nin ya\u015f\u0131 herkesi \u015fok etti.<\/p>\n<p><img loading=\"lazy\" decoding=\"async\" class=\"alignnone size-full wp-image-102164\" src=\"https:\/\/www.tgrthaber.com\/mavikadin\/wp-content\/uploads\/Ekran-goruntusu-2024-12-05-134827.png\" alt=\"\" width=\"639\" height=\"758\" title=\"\" srcset=\"https:\/\/www.tgrthaber.com\/mavikadin\/wp-content\/uploads\/Ekran-goruntusu-2024-12-05-134827.png 639w, https:\/\/www.tgrthaber.com\/mavikadin\/wp-content\/uploads\/Ekran-goruntusu-2024-12-05-134827-253x300.png 253w\" sizes=\"(max-width: 639px) 100vw, 639px\" \/><\/p>\n<p>Eski manken, sunucu, oyuncu ve \u015fark\u0131c\u0131 olan Asuman Krause g\u00f6zlerden uzak bir ya\u015fam s\u00fcr\u00fcyor. Do\u011fal haliyle dikkat \u00e7eken Asuman Krause estetik operasyonlar tercih etmiyor. Takip\u00e7ileri Asuman Krause&#8217;nin do\u011fal g\u00f6r\u00fcn\u00fcm\u00fcne \u00f6vg\u00fc dolu yorumlar yapt\u0131. Do\u011fal haliyle herkesin ilgisini \u00e7eken g\u00fczel sunucu 48 ya\u015f\u0131nda ve y\u0131llara meydan okuyor. Ge\u00e7ti\u011fimiz aylarda sunuculuk yapt\u0131\u011f\u0131 bir programda g\u00f6be\u011fi g\u00f6r\u00fcnen sunucu i\u00e7in &#8216;G\u00f6bek mi, bebek mi&#8217; sorusu sorulmu\u015ftu.<\/p>\n","protected":false},"excerpt":{"rendered":"<p>Asuman Krause kirac\u0131s\u0131yla bir y\u0131ld\u0131r s\u00fcren tahliye davas\u0131n\u0131 kaybetti. Etiler&#8217;de bulunan evinin kiras\u0131n\u0131 artt\u0131rmak i\u00e7in dava a\u00e7an Krause eli bo\u015f d\u00f6nd\u00fc. Kirac\u0131s\u0131 evinde oturmaya devam edecek ve kira fiyat\u0131 da y\u00fckseltilmeyecek. <\/p>\n","protected":false},"author":25,"featured_media":102165,"comment_status":"closed","ping_status":"closed","sticky":false,"template":"","format":"standard","meta":{"rank_math_lock_modified_date":false,"footnotes":""},"categories":[76],"tags":[3521],"class_list":["post-102160","post","type-post","status-publish","format-standard","has-post-thumbnail","hentry","category-magazin","tag-asuman-krause"],"_links":{"self":[{"href":"https:\/\/www.tgrthaber.com\/mavikadin\/wp-json\/wp\/v2\/posts\/102160"}],"collection":[{"href":"https:\/\/www.tgrthaber.com\/mavikadin\/wp-json\/wp\/v2\/posts"}],"about":[{"href":"https:\/\/www.tgrthaber.com\/mavikadin\/wp-json\/wp\/v2\/types\/post"}],"author":[{"embeddable":true,"href":"https:\/\/www.tgrthaber.com\/mavikadin\/wp-json\/wp\/v2\/users\/25"}],"replies":[{"embeddable":true,"href":"https:\/\/www.tgrthaber.com\/mavikadin\/wp-json\/wp\/v2\/comments?post=102160"}],"version-history":[{"count":1,"href":"https:\/\/www.tgrthaber.com\/mavikadin\/wp-json\/wp\/v2\/posts\/102160\/revisions"}],"predecessor-version":[{"id":102166,"href":"https:\/\/www.tgrthaber.com\/mavikadin\/wp-json\/wp\/v2\/posts\/102160\/revisions\/102166"}],"wp:featuredmedia":[{"embeddable":true,"href":"https:\/\/www.tgrthaber.com\/mavikadin\/wp-json\/wp\/v2\/media\/102165"}],"wp:attachment":[{"href":"https:\/\/www.tgrthaber.com\/mavikadin\/wp-json\/wp\/v2\/media?parent=102160"}],"wp:term":[{"taxonomy":"category","embeddable":true,"href":"https:\/\/www.tgrthaber.com\/mavikadin\/wp-json\/wp\/v2\/categories?post=102160"},{"taxonomy":"post_tag","embeddable":true,"href":"https:\/\/www.tgrthaber.com\/mavikadin\/wp-json\/wp\/v2\/tags?post=102160"}],"curies":[{"name":"wp","href":"https:\/\/api.w.org\/{rel}","templated":true}]}}