{"id":102215,"date":"2024-12-05T16:41:04","date_gmt":"2024-12-05T13:41:04","guid":{"rendered":"https:\/\/www.tgrthaber.com\/mavikadin\/?p=102215"},"modified":"2024-12-05T16:43:13","modified_gmt":"2024-12-05T13:43:13","slug":"sahipsizler-dizisi-konusu-nedir-oyunculari-kimler-sahipsizler-dizisi-reytingleri-nasil","status":"publish","type":"post","link":"https:\/\/www.tgrthaber.com\/mavikadin\/sahipsizler-dizisi-konusu-nedir-oyunculari-kimler-sahipsizler-dizisi-reytingleri-nasil\/","title":{"rendered":"Sahipsizler dizisi konusu nedir, oyuncular\u0131 kimler? Sahipsizler dizisi reytingleri nas\u0131l?"},"content":{"rendered":"<p>Star TV ekranlar\u0131nda izleyici ile bulu\u015fan Sahipsizler dizisi ge\u00e7ti\u011fimiz haftalarda ekran maceras\u0131na ba\u015flam\u0131\u015ft\u0131. G\u00fc\u00e7l\u00fc oyuncu kadrosuyla dikkatleri \u00fczerine \u00e7eken dizisinin konusunun ne oldu\u011fu da merak ediliyor. Ge\u00e7ti\u011fimiz g\u00fcn 4. b\u00f6l\u00fcm\u00fcyle izleyici kar\u015f\u0131s\u0131na \u00e7\u0131kan dizi, reytinglerde y\u00fckseli\u015fe ge\u00e7iyor. Konusuyla herkesin dikkatini \u00e7eken dizinin oyuncular\u0131 da merak ediliyor. Peki, Sahipsizler dizisi konusu nedir, oyuncular\u0131 kimler? Sahipsizler dizisi ile ilgili merak edilenleri sizin i\u00e7in ara\u015ft\u0131rd\u0131k. \u0130\u015fte Sahipsizler dizisi hakk\u0131nda merak edilenler\u2026<\/p>\n<h3>SAH\u0130PS\u0130ZLER D\u0130Z\u0130S\u0130 HANG\u0130 YAPIM, K\u0130M Y\u00d6NET\u0130YOR?<\/h3>\n<p>Star TV ekranlar\u0131n\u0131n yeni sezon dizisi Sahipsizler, yay\u0131mland\u0131\u011f\u0131 g\u00fcnden bu yana seyircinin dikkatini \u00e7ekmeye devam ediyor. Dizinin yap\u0131mc\u0131l\u0131\u011f\u0131n\u0131 kimin \u00fcstlendi\u011fi ve y\u00f6netmeninin de kim oldu\u011fu merak ediliyor.<\/p>\n<p><img loading=\"lazy\" decoding=\"async\" class=\"alignnone wp-image-102219 size-large\" src=\"https:\/\/www.tgrthaber.com\/mavikadin\/wp-content\/uploads\/Adsiz-tasarim-9-9-1024x576.jpg\" alt=\"Sahipsizler dizisi konusu nedir\" width=\"1024\" height=\"576\" title=\"\" srcset=\"https:\/\/www.tgrthaber.com\/mavikadin\/wp-content\/uploads\/Adsiz-tasarim-9-9-1024x576.jpg 1024w, https:\/\/www.tgrthaber.com\/mavikadin\/wp-content\/uploads\/Adsiz-tasarim-9-9-300x169.jpg 300w, https:\/\/www.tgrthaber.com\/mavikadin\/wp-content\/uploads\/Adsiz-tasarim-9-9-768x432.jpg 768w, https:\/\/www.tgrthaber.com\/mavikadin\/wp-content\/uploads\/Adsiz-tasarim-9-9-1536x864.jpg 1536w, https:\/\/www.tgrthaber.com\/mavikadin\/wp-content\/uploads\/Adsiz-tasarim-9-9.jpg 1600w\" sizes=\"(max-width: 1024px) 100vw, 1024px\" \/><\/p>\n<p>OGM Pictures\u2019\u0131n yap\u0131m\u0131n\u0131 \u00fcstlendi\u011fi Sahipsizler dizisi, Onur G\u00fcvenatam\u2019\u0131n yap\u0131mc\u0131l\u0131\u011f\u0131nda y\u00fcr\u00fct\u00fcl\u00fcyor. Konusuyla ve g\u00fc\u00e7l\u00fc oyuncu kadrosuyla dikkat \u00e7eken dizinin y\u00f6netmen koltu\u011funda Cem Karc\u0131 oturuyor. \u00c7arp\u0131c\u0131 hikayesi ve gen\u00e7 oyuncu kitlesiyle ekranlara gelen dizinin senaryosunu Selin Arapkirli, Ramazan Demirli, \u00d6zg\u00fcr A\u011fao\u011flu ve Elif Hamamc\u0131 birlikte kaleme al\u0131yor.<\/p>\n<h3>SAH\u0130PS\u0130ZLER D\u0130Z\u0130S\u0130 KONUSU NED\u0130R?<\/h3>\n<p>Star TV ekranlar\u0131n\u0131n iddial\u0131 dizilerinden biri olan Sahipsizler, konusuyla seyircinin dikkatini \u00e7ekmeyi ba\u015far\u0131yor. Sahipsizler dizisi, anne ve babalar\u0131n\u0131 bir gecede ans\u0131z\u0131n kaybeden 6 karde\u015fin hayata tutunma \u00e7abalar\u0131n\u0131 konu al\u0131yor.<\/p>\n<p><img loading=\"lazy\" decoding=\"async\" class=\"alignnone wp-image-102220 size-large\" src=\"https:\/\/www.tgrthaber.com\/mavikadin\/wp-content\/uploads\/Adsiz-tasarim-10-7-1024x576.jpg\" alt=\"Sahipsizler dizisi konusu nedir\" width=\"1024\" height=\"576\" title=\"\" srcset=\"https:\/\/www.tgrthaber.com\/mavikadin\/wp-content\/uploads\/Adsiz-tasarim-10-7-1024x576.jpg 1024w, https:\/\/www.tgrthaber.com\/mavikadin\/wp-content\/uploads\/Adsiz-tasarim-10-7-300x169.jpg 300w, https:\/\/www.tgrthaber.com\/mavikadin\/wp-content\/uploads\/Adsiz-tasarim-10-7-768x432.jpg 768w, https:\/\/www.tgrthaber.com\/mavikadin\/wp-content\/uploads\/Adsiz-tasarim-10-7-1536x864.jpg 1536w, https:\/\/www.tgrthaber.com\/mavikadin\/wp-content\/uploads\/Adsiz-tasarim-10-7.jpg 1600w\" sizes=\"(max-width: 1024px) 100vw, 1024px\" \/><\/p>\n<p>Sahipsizler dizisi, anne ve babalar\u0131n\u0131 ans\u0131z\u0131n bir gecede kaybeden Azize, Cemo, Zeliha, Fidan, Samet ve Bal\u0131m\u2019\u0131n ba\u015flar\u0131na gelen felaketlere ra\u011fmen bir arada kalma ve hayata tutunabilme \u00e7abalar\u0131n\u0131 ele al\u0131yor. Mardin\u2019in bir k\u00f6y\u00fcnde ba\u015flayan hikaye \u0130stanbul\u2019a kadar ta\u015f\u0131n\u0131yor. Dizinin k\u00f6keninde 6 karde\u015fin anne ve babas\u0131 olan Bala ve R\u0131fat\u2019\u0131n a\u015fk hikayesi yat\u0131yor. \u0130stanbul\u2019dan \u00e7ok uzakta Mardin\u2019in bir k\u00f6y\u00fcnde ba\u015flayan bu a\u015fk hikayesi, 6 karde\u015fin hayata nas\u0131l tutunacaklar\u0131n\u0131 bizlere g\u00f6steriyor.<\/p>\n<p><img loading=\"lazy\" decoding=\"async\" class=\"alignnone wp-image-102221 size-large\" src=\"https:\/\/www.tgrthaber.com\/mavikadin\/wp-content\/uploads\/Adsiz-tasarim-11-8-1024x576.jpg\" alt=\"Sahipsizler dizisi konusu nedir\" width=\"1024\" height=\"576\" title=\"\" srcset=\"https:\/\/www.tgrthaber.com\/mavikadin\/wp-content\/uploads\/Adsiz-tasarim-11-8-1024x576.jpg 1024w, https:\/\/www.tgrthaber.com\/mavikadin\/wp-content\/uploads\/Adsiz-tasarim-11-8-300x169.jpg 300w, https:\/\/www.tgrthaber.com\/mavikadin\/wp-content\/uploads\/Adsiz-tasarim-11-8-768x432.jpg 768w, https:\/\/www.tgrthaber.com\/mavikadin\/wp-content\/uploads\/Adsiz-tasarim-11-8-1536x864.jpg 1536w, https:\/\/www.tgrthaber.com\/mavikadin\/wp-content\/uploads\/Adsiz-tasarim-11-8.jpg 1600w\" sizes=\"(max-width: 1024px) 100vw, 1024px\" \/><\/p>\n<p>R\u0131fat karakteri, yetimhaneden sonra kendisine sahip \u00e7\u0131kan Cevdet Baba taraf\u0131ndan yeti\u015ftirilmi\u015f ve Bala\u2019n\u0131n ya\u015fad\u0131\u011f\u0131 k\u00f6yde \u00f6\u011fretmenlik yapmaktad\u0131r. Bala ve R\u0131fat kar\u015f\u0131la\u015ft\u0131klar\u0131 ilk andan itibaren birbirlerine a\u015f\u0131k olurlar. Fakat Bala\u2019ya a\u015f\u0131k olan biri daha vard\u0131r. K\u00f6y\u00fcn zenginlerinden Nedim Uzunkaya\u2019n\u0131n tek o\u011flu olan Yavuz da Bala\u2019ya a\u015f\u0131kt\u0131r. Bala\u2019ya olan a\u015fk\u0131n\u0131 tak\u0131nt\u0131 haline getiren Yavuz, onu ka\u00e7\u0131rarak kendisine tutsak eder. Yavuz\u2019un tak\u0131nt\u0131l\u0131 a\u015fk\u0131 bebe\u011fi d\u00fcnyaya geldi\u011finde \u00e7ok daha fazla b\u00fcy\u00fcr. R\u0131fat ise bu s\u00fcre\u00e7te Bala\u2019dan asla vazge\u00e7mez. Bala kuca\u011f\u0131ndaki \u00e7ocu\u011funa ra\u011fmen R\u0131fat\u2019la birlikte ka\u00e7may\u0131 ba\u015far\u0131r.<\/p>\n<h3>MARD\u0130N\u2019DEN \u0130STANBUL\u2019A UZANAN B\u0130R A\u015eK H\u0130KAYES\u0130!<\/h3>\n<p>Mardin\u2019den ka\u00e7may\u0131 ba\u015faran R\u0131fat ve Bala\u2019n\u0131n ka\u00e7t\u0131klar\u0131 ara\u00e7 kaza yap\u0131nca kendilerine \u00f6ld\u00fc s\u00fcs\u00fc vererek g\u00f6zlerden uzak bir ormanda kendilerine yeni bir hayat kurar. Ormanda in\u015fa ettikleri kul\u00fcbeden evlerinde kendilerine s\u0131cac\u0131k bir ev ortam\u0131 olu\u015fturur ve ya\u015famlar\u0131n\u0131 burada devam ettirirler. Bala ve R\u0131fat bu mutlu birlikteliklerinde 6 tane p\u0131r\u0131l p\u0131r\u0131l \u00e7ocuk yeti\u015ftirirler. B\u00fcy\u00fck bir \u00e7aba ve ilmek ilmek i\u015fledikleri bu yuva, Yavuz\u2019un intikam h\u0131rs\u0131yla evlerini bast\u0131\u011f\u0131 g\u00fcn adeta ba\u015flar\u0131na y\u0131k\u0131l\u0131r. Anne ve babalar\u0131n\u0131n kendilerine \u00f6\u011frettikleriyle ka\u00e7may\u0131 ba\u015faran 6 karde\u015f, anne ve babalar\u0131n\u0131n \u00f6l\u00fcm\u00fcne \u015fahit olur.<\/p>\n<p><img loading=\"lazy\" decoding=\"async\" class=\"alignnone wp-image-102222 size-large\" src=\"https:\/\/www.tgrthaber.com\/mavikadin\/wp-content\/uploads\/Adsiz-tasarim-13-7-1024x576.jpg\" alt=\"Sahipsizler dizisi konusu nedir\" width=\"1024\" height=\"576\" title=\"\" srcset=\"https:\/\/www.tgrthaber.com\/mavikadin\/wp-content\/uploads\/Adsiz-tasarim-13-7-1024x576.jpg 1024w, https:\/\/www.tgrthaber.com\/mavikadin\/wp-content\/uploads\/Adsiz-tasarim-13-7-300x169.jpg 300w, https:\/\/www.tgrthaber.com\/mavikadin\/wp-content\/uploads\/Adsiz-tasarim-13-7-768x432.jpg 768w, https:\/\/www.tgrthaber.com\/mavikadin\/wp-content\/uploads\/Adsiz-tasarim-13-7-1536x864.jpg 1536w, https:\/\/www.tgrthaber.com\/mavikadin\/wp-content\/uploads\/Adsiz-tasarim-13-7.jpg 1600w\" sizes=\"(max-width: 1024px) 100vw, 1024px\" \/><\/p>\n<p>Anne ve babalar\u0131n\u0131n \u00f6l\u00fcmleriyle derin bir \u00fcz\u00fcnt\u00fcn\u00fcn i\u00e7erisinde olan 6 karde\u015fin art\u0131k annesi de babas\u0131 da en b\u00fcy\u00fck ablalar\u0131 \u201cAzize\u201d olmu\u015ftur. Anne ve babalar\u0131n\u0131n kay\u0131plar\u0131yla ne yapacaklar\u0131n\u0131 bilemeyen 6 karde\u015f hayatlar\u0131n\u0131n geri kalan\u0131n\u0131 \u0130stanbul\u2019da ge\u00e7irmeye karar verir. Daha \u00f6nce \u015fehir hayat\u0131na dair hi\u00e7bir bilgisi olmayan 6 karde\u015f, babas\u0131n\u0131n tek g\u00fcvendi\u011fi insan olarak bildikleri \u201cAslan amcalar\u0131n\u0131\u201d arama gayretine girecektir.<\/p>\n<p><img loading=\"lazy\" decoding=\"async\" class=\"alignnone wp-image-102223 size-large\" src=\"https:\/\/www.tgrthaber.com\/mavikadin\/wp-content\/uploads\/Adsiz-tasarim-12-12-1024x576.jpg\" alt=\"Sahipsizler dizisi konusu nedir\" width=\"1024\" height=\"576\" title=\"\" srcset=\"https:\/\/www.tgrthaber.com\/mavikadin\/wp-content\/uploads\/Adsiz-tasarim-12-12-1024x576.jpg 1024w, https:\/\/www.tgrthaber.com\/mavikadin\/wp-content\/uploads\/Adsiz-tasarim-12-12-300x169.jpg 300w, https:\/\/www.tgrthaber.com\/mavikadin\/wp-content\/uploads\/Adsiz-tasarim-12-12-768x432.jpg 768w, https:\/\/www.tgrthaber.com\/mavikadin\/wp-content\/uploads\/Adsiz-tasarim-12-12-1536x864.jpg 1536w, https:\/\/www.tgrthaber.com\/mavikadin\/wp-content\/uploads\/Adsiz-tasarim-12-12.jpg 1600w\" sizes=\"(max-width: 1024px) 100vw, 1024px\" \/><\/p>\n<p>\u0130stanbul gibi \u00fcrk\u00fct\u00fcc\u00fc bir yerde ya\u015fam m\u00fccadelesi vermek zorunda kalan 6 karde\u015f, Aslan amcalar\u0131ndan \u00f6nce onun karde\u015fi Ha\u015fmet ve ye\u011feni Yusuf ile tan\u0131\u015facakt\u0131r. Her t\u00fcrl\u00fc zorluklarla m\u00fccadele etseler de 6 karde\u015fin yolu sonunda Aslan amcalar\u0131na \u00e7\u0131kacakt\u0131r. Mardin\u2019de ba\u015flayan masum bir a\u015fk hikayesi \u0130stanbul\u2019un \u00fcrk\u00fct\u00fcc\u00fc kalabal\u0131\u011f\u0131nda devam edecektir. Hayata tutunmaya \u00e7al\u0131\u015fan 6 karde\u015f ise birbirlerinden kopmamak i\u00e7in ellerinden geleni yapacakt\u0131r.<\/p>\n<h3>SAH\u0130PS\u0130ZLER D\u0130Z\u0130S\u0130 OYUNCULARI K\u0130MLERD\u0130R?<\/h3>\n<p>Birbirinden ba\u015far\u0131l\u0131 oyuncular\u0131n yer ald\u0131\u011f\u0131 Sahipsizler dizisi konusu ve g\u00fc\u00e7l\u00fc oyuncu kadrosuyla seyircinin yo\u011fun ilgisini g\u00f6r\u00fcyor. Star TV ekranlar\u0131nda izleyici ile bulu\u015fan dizinin oyuncu kadrosunda g\u00fc\u00e7l\u00fc isimler yer al\u0131yor. Ba\u015frollerinde gen\u00e7 ve ba\u015far\u0131l\u0131 isimlerin yer ald\u0131\u011f\u0131 dizinin oyuncular\u0131 da merak ediliyor. \u0130\u015fte Sahipsizler dizisinin oyuncular\u0131 ve oynad\u0131klar\u0131 karakterler\u2026<\/p>\n<p><img loading=\"lazy\" decoding=\"async\" class=\"alignnone wp-image-102224 size-large\" src=\"https:\/\/www.tgrthaber.com\/mavikadin\/wp-content\/uploads\/Adsiz-tasarim-14-8-1024x576.jpg\" alt=\"Sahipsizler dizisi reytingleri nas\u0131l\" width=\"1024\" height=\"576\" title=\"\" srcset=\"https:\/\/www.tgrthaber.com\/mavikadin\/wp-content\/uploads\/Adsiz-tasarim-14-8-1024x576.jpg 1024w, https:\/\/www.tgrthaber.com\/mavikadin\/wp-content\/uploads\/Adsiz-tasarim-14-8-300x169.jpg 300w, https:\/\/www.tgrthaber.com\/mavikadin\/wp-content\/uploads\/Adsiz-tasarim-14-8-768x432.jpg 768w, https:\/\/www.tgrthaber.com\/mavikadin\/wp-content\/uploads\/Adsiz-tasarim-14-8-1536x864.jpg 1536w, https:\/\/www.tgrthaber.com\/mavikadin\/wp-content\/uploads\/Adsiz-tasarim-14-8.jpg 1600w\" sizes=\"(max-width: 1024px) 100vw, 1024px\" \/><\/p>\n<p>Azize \u2013 Hazal Suba\u015f\u0131<\/p>\n<p>Cemo \u2013 Kaan Mira\u00e7 Sezen<\/p>\n<p>Zeliha \u2013 Do\u011fa Bayram<\/p>\n<p>Fidan \u2013 Ece Ba\u011fc\u0131<\/p>\n<p>Samet \u2013 Umut Kapl\u0131ca<\/p>\n<p>Bal\u0131m \u2013 Z\u00fcheyla Y\u0131ld\u0131z<\/p>\n<p>Ha\u015fmet K\u0131l\u0131\u00e7 \u2013 Turgut Tun\u00e7alp<\/p>\n<p>Yusuf K\u0131l\u0131\u00e7 \u2013 Enes Ko\u00e7ak<\/p>\n<p>Melis K\u0131l\u0131\u00e7 \u2013 Mina Derman<\/p>\n<p>Yavuz Uzunkaya \u2013 Mehmet Bozdo\u011fan<\/p>\n<p>Necla K\u0131l\u0131\u00e7 \u2013 Duygu Karaca<\/p>\n<p>S\u00fcheyla K\u0131l\u0131\u00e7 \u2013 Bilge Can G\u00f6ker<\/p>\n<p>Cevdet K\u0131l\u0131\u00e7 \u2013 Reha \u00d6zcan<\/p>\n<p>Remziye K\u0131l\u0131\u00e7 \u2013 Sacide Ta\u015faner<\/p>\n<p>Bala \u2013 Zeynep K\u00f6se<\/p>\n<p>R\u0131fat \u2013 Mert T\u00fcmer<\/p>\n<p>Emrah \u2013 Onur Berk Arslano\u011flu<\/p>\n<h3>SAH\u0130PS\u0130ZLER D\u0130Z\u0130S\u0130 REYT\u0130NGLER\u0130 NASIL?<\/h3>\n<p>Ekranlar\u0131n\u0131n iddial\u0131 ve sevilen dizisi Sahipsizler, her \u00c7ar\u015famba g\u00fcn\u00fc Star TV ekranlar\u0131nda izleyici ile bulu\u015fuyor. G\u00fc\u00e7l\u00fc dizilerle reyting yar\u0131\u015f\u0131nda olan Sahipsizler dizisi, ge\u00e7ti\u011fimiz g\u00fcn yay\u0131mlanan yeni b\u00f6l\u00fcm\u00fcyle reytinglerde art\u0131\u015fa ge\u00e7ti. Dizinin ilerleyen b\u00f6l\u00fcmlerindeki gidi\u015fat\u0131 da seyirci taraf\u0131ndan merak ediliyor. Sahipsizler dizisi, reytinglerini y\u00fckseltmeye devam edecek mi merak ediliyor.<\/p>\n","protected":false},"excerpt":{"rendered":"<p>Sahipsizler dizisinin konusu seyirci taraf\u0131ndan merak ediliyor. Peki, sahipsizler dizisi konusu nedir, oyuncular\u0131 kimlerdir? \u0130\u015fte ayr\u0131nt\u0131lar\u2026 <\/p>\n","protected":false},"author":26,"featured_media":102218,"comment_status":"closed","ping_status":"closed","sticky":false,"template":"","format":"standard","meta":{"rank_math_lock_modified_date":false,"footnotes":""},"categories":[602],"tags":[3533,3534],"class_list":["post-102215","post","type-post","status-publish","format-standard","has-post-thumbnail","hentry","category-diziler","tag-sahipsizler","tag-sahipsizler-dizisi"],"_links":{"self":[{"href":"https:\/\/www.tgrthaber.com\/mavikadin\/wp-json\/wp\/v2\/posts\/102215"}],"collection":[{"href":"https:\/\/www.tgrthaber.com\/mavikadin\/wp-json\/wp\/v2\/posts"}],"about":[{"href":"https:\/\/www.tgrthaber.com\/mavikadin\/wp-json\/wp\/v2\/types\/post"}],"author":[{"embeddable":true,"href":"https:\/\/www.tgrthaber.com\/mavikadin\/wp-json\/wp\/v2\/users\/26"}],"replies":[{"embeddable":true,"href":"https:\/\/www.tgrthaber.com\/mavikadin\/wp-json\/wp\/v2\/comments?post=102215"}],"version-history":[{"count":3,"href":"https:\/\/www.tgrthaber.com\/mavikadin\/wp-json\/wp\/v2\/posts\/102215\/revisions"}],"predecessor-version":[{"id":108332,"href":"https:\/\/www.tgrthaber.com\/mavikadin\/wp-json\/wp\/v2\/posts\/102215\/revisions\/108332"}],"wp:featuredmedia":[{"embeddable":true,"href":"https:\/\/www.tgrthaber.com\/mavikadin\/wp-json\/wp\/v2\/media\/102218"}],"wp:attachment":[{"href":"https:\/\/www.tgrthaber.com\/mavikadin\/wp-json\/wp\/v2\/media?parent=102215"}],"wp:term":[{"taxonomy":"category","embeddable":true,"href":"https:\/\/www.tgrthaber.com\/mavikadin\/wp-json\/wp\/v2\/categories?post=102215"},{"taxonomy":"post_tag","embeddable":true,"href":"https:\/\/www.tgrthaber.com\/mavikadin\/wp-json\/wp\/v2\/tags?post=102215"}],"curies":[{"name":"wp","href":"https:\/\/api.w.org\/{rel}","templated":true}]}}