{"id":102260,"date":"2024-12-05T19:16:17","date_gmt":"2024-12-05T16:16:17","guid":{"rendered":"https:\/\/www.tgrthaber.com\/mavikadin\/?p=102260"},"modified":"2024-12-05T19:16:43","modified_gmt":"2024-12-05T16:16:43","slug":"ajda-pekkan-protokol-krizinin-bedelini-menajerine-kesti-yollarini-ayirdilar","status":"publish","type":"post","link":"https:\/\/www.tgrthaber.com\/mavikadin\/ajda-pekkan-protokol-krizinin-bedelini-menajerine-kesti-yollarini-ayirdilar\/","title":{"rendered":"Ajda Pekkan, protokol krizinin bedelini menajerine kesti! Yollar\u0131n\u0131 ay\u0131rd\u0131lar"},"content":{"rendered":"<p class=\"p1\">T\u00fcrk m\u00fczi\u011finin s\u00fcperstar\u0131 Ajda Pekkan, son d\u00f6nemde ya\u015fanan sahne organizasyonu aksakl\u0131klar\u0131yla g\u00fcndemde. Harbiye A\u00e7\u0131khava\u2019da ya\u015fanan protokol krizi ve Efes Antik Tiyatro konserindeki gecikme sonras\u0131 s\u00fcreci de\u011ferlendiren Pekkan, 1,5 y\u0131ld\u0131r birlikte \u00e7al\u0131\u015ft\u0131\u011f\u0131 menajeri Sedef Ayg\u00fcn ile yollar\u0131n\u0131 ay\u0131rma karar\u0131 ald\u0131. Ajda Pekkan, Polat Ya\u011fc\u0131 ile anla\u015ft\u0131.<span class=\"Apple-converted-space\">\u00a0<\/span><\/p>\n<h3 class=\"p1\">AJDA PEKKAN MENAJER\u0130 \u0130LE YOLLARINI AYIRDI<span class=\"Apple-converted-space\">\u00a0<\/span><\/h3>\n<p class=\"p1\">T\u00fcrk m\u00fczi\u011finin efsanevi ismi Ajda Pekkan, hem \u015fark\u0131lar\u0131 hem de unutulmaz sahne performanslar\u0131yla ad\u0131ndan s\u00f6z ettirmeye devam ederken, son d\u00f6nemde ya\u015fad\u0131\u011f\u0131 s\u0131k\u0131nt\u0131lar nedeniyle \u00f6nemli bir karar ald\u0131. S\u00fcperstar, yakla\u015f\u0131k 1,5 y\u0131ld\u0131r birlikte \u00e7al\u0131\u015ft\u0131\u011f\u0131 menajeri Sedef Ayg\u00fcn ile yollar\u0131n\u0131 ay\u0131rd\u0131. H\u00fcrriyet\u2019ten Behl\u00fcl Ayd\u0131n\u2019\u0131n haberine g\u00f6re, bu ayr\u0131l\u0131\u011f\u0131n fitilini ate\u015fleyen olay, ge\u00e7ti\u011fimiz a\u011fustos ay\u0131nda ya\u015fanan bir kriz oldu.<\/p>\n<p><img loading=\"lazy\" decoding=\"async\" class=\"alignnone wp-image-102269 size-large\" src=\"https:\/\/www.tgrthaber.com\/mavikadin\/wp-content\/uploads\/Ekran-Resmi-2024-12-05-19.05.42-1024x647.png\" alt=\"ajda pekkan \" width=\"1024\" height=\"647\" title=\"\" srcset=\"https:\/\/www.tgrthaber.com\/mavikadin\/wp-content\/uploads\/Ekran-Resmi-2024-12-05-19.05.42-1024x647.png 1024w, https:\/\/www.tgrthaber.com\/mavikadin\/wp-content\/uploads\/Ekran-Resmi-2024-12-05-19.05.42-300x189.png 300w, https:\/\/www.tgrthaber.com\/mavikadin\/wp-content\/uploads\/Ekran-Resmi-2024-12-05-19.05.42-768x485.png 768w, https:\/\/www.tgrthaber.com\/mavikadin\/wp-content\/uploads\/Ekran-Resmi-2024-12-05-19.05.42-1536x970.png 1536w, https:\/\/www.tgrthaber.com\/mavikadin\/wp-content\/uploads\/Ekran-Resmi-2024-12-05-19.05.42.png 1644w\" sizes=\"(max-width: 1024px) 100vw, 1024px\" \/><\/p>\n<p class=\"p1\">Sahne organizasyonlar\u0131ndaki aksakl\u0131klar\u0131n Pekkan\u2019\u0131 olduk\u00e7a rahats\u0131z etti\u011fi belirtiliyor. \u00d6zellikle son d\u00f6nemdeki protokol sorunlar\u0131 ve konser gecikmeleri, Pekkan\u2019\u0131n i\u015f birli\u011fini yeniden de\u011ferlendirmesine neden oldu. Sanat\u0131na ve izleyicisine verdi\u011fi \u00f6nemle bilinen Ajda Pekkan, bu kararla sahne arkas\u0131nda da kalite standard\u0131n\u0131 korumak istedi\u011fini bir kez daha g\u00f6zler \u00f6n\u00fcne serdi.<\/p>\n<h3 class=\"p1\">PROTOKOLDEK\u0130LER\u0130 SERT B\u0130R D\u0130LLE UYARMI\u015eTI<span class=\"Apple-converted-space\">\u00a0<\/span><\/h3>\n<p class=\"p1\">T\u00fcrk m\u00fczi\u011finin dev ismi Ajda Pekkan, Harbiye Cemil Topuzlu A\u00e7\u0131khava Tiyatrosu\u2019nda verdi\u011fi konser s\u0131ras\u0131nda ya\u015fanan bir olayla g\u00fcndem olmu\u015ftu.<span class=\"Apple-converted-space\">\u00a0 <\/span>Performans\u0131 s\u0131ras\u0131nda sahne \u00f6n\u00fcndeki protokol grubunun, konser bitmeden kulise gitmek i\u00e7in yerlerinden kalkmas\u0131 s\u00fcperstar\u0131 adeta \u00e7ileden \u00e7\u0131karm\u0131\u015ft\u0131. Sahnedeki otoritesini ortaya koyan Pekkan, menajeri Sedef Ayg\u00fcn\u2019e seslenerek, \u201cSedef Han\u0131m, bakar m\u0131s\u0131n\u0131z? Benim \u015fark\u0131m bitmeden kimse kalkamaz yerinden,\u201d diyerek tepkisini dile getirmi\u015fti.<span class=\"Apple-converted-space\">\u00a0<\/span><\/p>\n<p><img loading=\"lazy\" decoding=\"async\" class=\"alignnone wp-image-102270 size-large\" src=\"https:\/\/www.tgrthaber.com\/mavikadin\/wp-content\/uploads\/Ekran-Resmi-2024-12-05-19.05.59-1024x622.png\" alt=\"ajda pekkan \" width=\"1024\" height=\"622\" title=\"\" srcset=\"https:\/\/www.tgrthaber.com\/mavikadin\/wp-content\/uploads\/Ekran-Resmi-2024-12-05-19.05.59-1024x622.png 1024w, https:\/\/www.tgrthaber.com\/mavikadin\/wp-content\/uploads\/Ekran-Resmi-2024-12-05-19.05.59-300x182.png 300w, https:\/\/www.tgrthaber.com\/mavikadin\/wp-content\/uploads\/Ekran-Resmi-2024-12-05-19.05.59-768x466.png 768w, https:\/\/www.tgrthaber.com\/mavikadin\/wp-content\/uploads\/Ekran-Resmi-2024-12-05-19.05.59-1536x932.png 1536w, https:\/\/www.tgrthaber.com\/mavikadin\/wp-content\/uploads\/Ekran-Resmi-2024-12-05-19.05.59.png 1644w\" sizes=\"(max-width: 1024px) 100vw, 1024px\" \/><\/p>\n<p class=\"p1\">Duruma tepkisini sadece menajeriyle s\u0131n\u0131rl\u0131 b\u0131rakmayan Pekkan, protokol kurallar\u0131n\u0131 ihlal eden misafirlere de sert bir mesaj g\u00f6ndermi\u015fti. Pekkan,<span class=\"Apple-converted-space\">\u00a0 <\/span>\u201cProtokol bilmiyorsan\u0131z g\u00f6stermelik gelmeyin.\u201d Sanat hayat\u0131nda disiplini ve profesyonelli\u011fiyle tan\u0131nan Ajda Pekkan\u2019\u0131n bu tavr\u0131, izleyicilerden kar\u0131\u015f\u0131k tepkiler al\u0131rken, ya\u015fanan olay sosyal medyada da geni\u015f yank\u0131 uyand\u0131rm\u0131\u015ft\u0131.<span class=\"Apple-converted-space\">\u00a0<\/span><\/p>\n<p class=\"p1\">Ajda Pekkan&#8217;\u0131n Eyl\u00fcl ay\u0131nda, Efes Antik Tiyatro\u2019da d\u00fczenledi\u011fi konserinde ya\u015fananlar da tart\u0131\u015fma konusu oldu. Konserine yakla\u015f\u0131k bir saat ge\u00e7 \u00e7\u0131kmas\u0131, dinleyiciler aras\u0131nda protestolara neden oldu. Pekkan ise gecikmenin sebebini teknik aksakl\u0131klar ve trafik yo\u011funlu\u011fu olarak a\u00e7\u0131klayarak sahnede izleyicilerinden \u00f6z\u00fcr diledi. Ancak bu olay, Pekkan\u2019\u0131n profesyonel duru\u015funa g\u00f6lge d\u00fc\u015f\u00fcrmesi nedeniyle sanat\u00e7\u0131y\u0131 olduk\u00e7a rahats\u0131z etti.<\/p>\n<h3 class=\"p1\">FATURAYI MENAJER\u0130NE KEST\u0130<\/h3>\n<p class=\"p1\">Her zaman y\u00fcksek i\u015f disipliniyle bilinen Ajda Pekkan, ya\u015fanan organizasyon hatalar\u0131n\u0131 affetmeyerek 1,5 y\u0131ld\u0131r birlikte \u00e7al\u0131\u015ft\u0131\u011f\u0131 menajeri Sedef Ayg\u00fcn ile yollar\u0131n\u0131 ay\u0131rd\u0131. Sanat\u00e7\u0131n\u0131n ekibinde uzun y\u0131llard\u0131r yer alan baz\u0131 isimlerin de Ayg\u00fcn\u2019\u00fcn kararlar\u0131 nedeniyle ayr\u0131lm\u0131\u015f olmas\u0131, Pekkan\u2019\u0131n<span class=\"Apple-converted-space\"> \u00a0<\/span>memnuniyetsizli\u011fini art\u0131ran bir di\u011fer detay oldu.<\/p>\n<p><img loading=\"lazy\" decoding=\"async\" class=\"alignnone wp-image-102271 size-large\" src=\"https:\/\/www.tgrthaber.com\/mavikadin\/wp-content\/uploads\/Ekran-Resmi-2024-12-05-19.06.05-1024x655.png\" alt=\"ajda pekkan \" width=\"1024\" height=\"655\" title=\"\" srcset=\"https:\/\/www.tgrthaber.com\/mavikadin\/wp-content\/uploads\/Ekran-Resmi-2024-12-05-19.06.05-1024x655.png 1024w, https:\/\/www.tgrthaber.com\/mavikadin\/wp-content\/uploads\/Ekran-Resmi-2024-12-05-19.06.05-300x192.png 300w, https:\/\/www.tgrthaber.com\/mavikadin\/wp-content\/uploads\/Ekran-Resmi-2024-12-05-19.06.05-768x491.png 768w, https:\/\/www.tgrthaber.com\/mavikadin\/wp-content\/uploads\/Ekran-Resmi-2024-12-05-19.06.05-1536x983.png 1536w, https:\/\/www.tgrthaber.com\/mavikadin\/wp-content\/uploads\/Ekran-Resmi-2024-12-05-19.06.05.png 1610w\" sizes=\"(max-width: 1024px) 100vw, 1024px\" \/><\/p>\n<p class=\"p1\">Bu s\u00fcrecin ard\u0131ndan S\u00fcperstar, menajerlik g\u00f6revini Polat Ya\u011fc\u0131\u2019ya devretti. Ajda Pekkan\u2019\u0131n ge\u00e7ti\u011fimiz y\u0131l Ya\u011fc\u0131\u2019n\u0131n m\u00fczik firmas\u0131 Poll Production b\u00fcnyesine kat\u0131lm\u0131\u015f olmas\u0131, bu yeni i\u015f birli\u011finin temelini olu\u015fturdu. Bu de\u011fi\u015fiklikle Pekkan, kariyerinde daha s\u0131k\u0131 bir planlama ve sorunsuz organizasyon hedefledi\u011fini a\u00e7\u0131k\u00e7a ortaya koydu.<\/p>\n","protected":false},"excerpt":{"rendered":"<p>Ajda Pekkan, son d\u00f6nemde ya\u015fanan sahne organizasyonu aksakl\u0131klar\u0131 nedeniyle 1,5 y\u0131ld\u0131r birlikte \u00e7al\u0131\u015ft\u0131\u011f\u0131 menajeri Sedef Ayg\u00fcn ile yollar\u0131n\u0131 ay\u0131rd\u0131. Harbiye A\u00e7\u0131khava Tiyatrosu\u2019ndaki protokol krizi ve Efes Antik Tiyatro konserindeki gecikmenin ard\u0131ndan bu karar\u0131 alan megastar, kariyer planlamas\u0131nda yeni bir sayfa a\u00e7arak Polat Ya\u011fc\u0131 ile i\u015f birli\u011fi yapmaya ba\u015flad\u0131.<\/p>\n","protected":false},"author":16,"featured_media":102272,"comment_status":"closed","ping_status":"closed","sticky":false,"template":"","format":"standard","meta":{"rank_math_lock_modified_date":false,"footnotes":""},"categories":[76],"tags":[3546,3548,3547],"class_list":["post-102260","post","type-post","status-publish","format-standard","has-post-thumbnail","hentry","category-magazin","tag-ajda-pekkan","tag-polat-yagci","tag-sedef-aygun"],"_links":{"self":[{"href":"https:\/\/www.tgrthaber.com\/mavikadin\/wp-json\/wp\/v2\/posts\/102260"}],"collection":[{"href":"https:\/\/www.tgrthaber.com\/mavikadin\/wp-json\/wp\/v2\/posts"}],"about":[{"href":"https:\/\/www.tgrthaber.com\/mavikadin\/wp-json\/wp\/v2\/types\/post"}],"author":[{"embeddable":true,"href":"https:\/\/www.tgrthaber.com\/mavikadin\/wp-json\/wp\/v2\/users\/16"}],"replies":[{"embeddable":true,"href":"https:\/\/www.tgrthaber.com\/mavikadin\/wp-json\/wp\/v2\/comments?post=102260"}],"version-history":[{"count":1,"href":"https:\/\/www.tgrthaber.com\/mavikadin\/wp-json\/wp\/v2\/posts\/102260\/revisions"}],"predecessor-version":[{"id":102275,"href":"https:\/\/www.tgrthaber.com\/mavikadin\/wp-json\/wp\/v2\/posts\/102260\/revisions\/102275"}],"wp:featuredmedia":[{"embeddable":true,"href":"https:\/\/www.tgrthaber.com\/mavikadin\/wp-json\/wp\/v2\/media\/102272"}],"wp:attachment":[{"href":"https:\/\/www.tgrthaber.com\/mavikadin\/wp-json\/wp\/v2\/media?parent=102260"}],"wp:term":[{"taxonomy":"category","embeddable":true,"href":"https:\/\/www.tgrthaber.com\/mavikadin\/wp-json\/wp\/v2\/categories?post=102260"},{"taxonomy":"post_tag","embeddable":true,"href":"https:\/\/www.tgrthaber.com\/mavikadin\/wp-json\/wp\/v2\/tags?post=102260"}],"curies":[{"name":"wp","href":"https:\/\/api.w.org\/{rel}","templated":true}]}}