{"id":102516,"date":"2024-12-06T14:20:27","date_gmt":"2024-12-06T11:20:27","guid":{"rendered":"https:\/\/www.tgrthaber.com\/mavikadin\/?p=102516"},"modified":"2024-12-06T14:21:18","modified_gmt":"2024-12-06T11:21:18","slug":"sahipsizler-cemo-kimdir-sahipsizlerin-cemosu-kaan-mirac-sezen-kimdir-kac-yasinda","status":"publish","type":"post","link":"https:\/\/www.tgrthaber.com\/mavikadin\/sahipsizler-cemo-kimdir-sahipsizlerin-cemosu-kaan-mirac-sezen-kimdir-kac-yasinda\/","title":{"rendered":"Sahipsizler Cemo kimdir? Sahipsizler\u2019in Cemo\u2019su Kaan Mira\u00e7 Sezen kimdir, ka\u00e7 ya\u015f\u0131nda?"},"content":{"rendered":"<p>Star TV ekranlar\u0131nda izleyici kar\u015f\u0131s\u0131na \u00e7\u0131kan \u201cSahipsizler\u201d dizisi hem konusuyla hem de g\u00fc\u00e7l\u00fc oyuncu kadrosuyla dikkat \u00e7ekmeye devam ediyor. Reytinglerde y\u00fckseli\u015fe ge\u00e7en dizinin oyuncular\u0131n\u0131n kim oldu\u011fu da merak ediliyor. Dizide \u201cCemo\u201d karakterine can veren Kaan Mira\u00e7 Sezen\u2019in kim oldu\u011fu izleyici taraf\u0131ndan merak edildi. Peki, Sahipsizler Cemo kimdir? Sahipsizler\u2019in Cemo\u2019su Kaan Mira\u00e7 Sezen kimdir, ka\u00e7 ya\u015f\u0131nda? \u0130\u015fte Kaan Mira\u00e7 Sezen hakk\u0131nda merak edilenler\u2026<\/p>\n<h3>SAH\u0130PS\u0130ZLER CEMO K\u0130MD\u0130R?<\/h3>\n<p>Ge\u00e7ti\u011fimiz haftalarda ekran maceras\u0131na ba\u015flayan ve seyircinin ilgisini \u00e7eken Sahipsizler dizisi yay\u0131m hayat\u0131na kald\u0131\u011f\u0131 yerden devam ediyor. Dizideki gen\u00e7 oyuncular\u0131n performanslar\u0131 da izleyicinin be\u011fenisini kazan\u0131yor. Dizide \u201cCemo\u201d karakterine can veren Kaan Mira\u00e7 Sezen\u2019in ba\u015far\u0131l\u0131 oyunculu\u011fu da izleyicilerin dikkatini \u00e7ekiyor.<\/p>\n<p><img loading=\"lazy\" decoding=\"async\" class=\"alignnone wp-image-102517 size-large\" src=\"https:\/\/www.tgrthaber.com\/mavikadin\/wp-content\/uploads\/Adsiz-tasarim-14-9-1024x576.jpg\" alt=\"Kaan Mira\u00e7 Sezen kimdir?\" width=\"1024\" height=\"576\" title=\"\" srcset=\"https:\/\/www.tgrthaber.com\/mavikadin\/wp-content\/uploads\/Adsiz-tasarim-14-9-1024x576.jpg 1024w, https:\/\/www.tgrthaber.com\/mavikadin\/wp-content\/uploads\/Adsiz-tasarim-14-9-300x169.jpg 300w, https:\/\/www.tgrthaber.com\/mavikadin\/wp-content\/uploads\/Adsiz-tasarim-14-9-768x432.jpg 768w, https:\/\/www.tgrthaber.com\/mavikadin\/wp-content\/uploads\/Adsiz-tasarim-14-9-1536x864.jpg 1536w, https:\/\/www.tgrthaber.com\/mavikadin\/wp-content\/uploads\/Adsiz-tasarim-14-9.jpg 1600w\" sizes=\"(max-width: 1024px) 100vw, 1024px\" \/><\/p>\n<p>Sahipsizler dizisi, anne ve babalar\u0131n\u0131 bir gecede ans\u0131z\u0131n kaybeden 6 karde\u015fin hayata tutunma \u00e7abalar\u0131n\u0131 konu al\u0131yor. Cemo karakteri dizinin ba\u015frol oyuncular\u0131 aras\u0131nda yer al\u0131yor. Cemo dizideki 6 karde\u015ften biri olarak kar\u015f\u0131m\u0131za \u00e7\u0131k\u0131yor.<\/p>\n<p><img loading=\"lazy\" decoding=\"async\" class=\"alignnone wp-image-102519 size-large\" src=\"https:\/\/www.tgrthaber.com\/mavikadin\/wp-content\/uploads\/Adsiz-tasarim-16-5-1024x576.jpg\" alt=\"Kaan Mira\u00e7 Sezen kimdir?\" width=\"1024\" height=\"576\" title=\"\" srcset=\"https:\/\/www.tgrthaber.com\/mavikadin\/wp-content\/uploads\/Adsiz-tasarim-16-5-1024x576.jpg 1024w, https:\/\/www.tgrthaber.com\/mavikadin\/wp-content\/uploads\/Adsiz-tasarim-16-5-300x169.jpg 300w, https:\/\/www.tgrthaber.com\/mavikadin\/wp-content\/uploads\/Adsiz-tasarim-16-5-768x432.jpg 768w, https:\/\/www.tgrthaber.com\/mavikadin\/wp-content\/uploads\/Adsiz-tasarim-16-5-1536x864.jpg 1536w, https:\/\/www.tgrthaber.com\/mavikadin\/wp-content\/uploads\/Adsiz-tasarim-16-5.jpg 1600w\" sizes=\"(max-width: 1024px) 100vw, 1024px\" \/><\/p>\n<p>Cemo karakteri ise en b\u00fcy\u00fck erkek karde\u015f olarak di\u011fer karde\u015flerini korumakla kendini y\u00fck\u00fcml\u00fc tutar. Cemo, ge\u00e7mi\u015fin y\u00fck\u00fcn\u00fc s\u0131rt\u0131nda ta\u015f\u0131yan, aile ba\u011flar\u0131n\u0131 korumaya \u00e7al\u0131\u015fan ve karde\u015fleriyle birlikte hayata tutunmaya \u00e7al\u0131\u015fan bir karakter olarak kar\u015f\u0131m\u0131za \u00e7\u0131k\u0131yor. Cemo karakterine can veren Kaan Mira\u00e7 Sezen\u2019in ba\u015far\u0131l\u0131 performans\u0131 seyirci taraf\u0131ndan yo\u011fun ilgi g\u00f6r\u00fcyor.<\/p>\n<h3>KAAN M\u0130RA\u00c7 SEZEN K\u0130MD\u0130R?<\/h3>\n<p>Kaan Mira\u00e7 Sezen, 2002 y\u0131l\u0131nda Bursa\u2019da d\u00fcnyaya geldi. \u0130lkokul, ortaokul ve lise e\u011fitimini ba\u015far\u0131yla tamamlam\u0131\u015ft\u0131r. E\u011fitimini TED Koleji\u2019nde tamamlayan Sezen, y\u00fcksek\u00f6\u011frenimini Mimar Sinan \u00dcniversitesi G\u00fczel Sanatlar Fak\u00fcltesi Tiyatro B\u00f6l\u00fcm\u00fc\u2019nde tamamlayarak mezun olmu\u015ftur.<\/p>\n<p><img loading=\"lazy\" decoding=\"async\" class=\"alignnone wp-image-102518 size-large\" src=\"https:\/\/www.tgrthaber.com\/mavikadin\/wp-content\/uploads\/Adsiz-tasarim-12-13-1024x576.jpg\" alt=\"Kaan Mira\u00e7 Sezen kimdir?\" width=\"1024\" height=\"576\" title=\"\" srcset=\"https:\/\/www.tgrthaber.com\/mavikadin\/wp-content\/uploads\/Adsiz-tasarim-12-13-1024x576.jpg 1024w, https:\/\/www.tgrthaber.com\/mavikadin\/wp-content\/uploads\/Adsiz-tasarim-12-13-300x169.jpg 300w, https:\/\/www.tgrthaber.com\/mavikadin\/wp-content\/uploads\/Adsiz-tasarim-12-13-768x432.jpg 768w, https:\/\/www.tgrthaber.com\/mavikadin\/wp-content\/uploads\/Adsiz-tasarim-12-13-1536x864.jpg 1536w, https:\/\/www.tgrthaber.com\/mavikadin\/wp-content\/uploads\/Adsiz-tasarim-12-13.jpg 1600w\" sizes=\"(max-width: 1024px) 100vw, 1024px\" \/><\/p>\n<p>Kendini oyunculuk sekt\u00f6r\u00fcnde ilerletmek isteyen Kaan Mira\u00e7 Sezen, oyunculuk kariyerine tiyatro ile ba\u015flam\u0131\u015ft\u0131r. Bir\u00e7ok tiyatro oyununda yer alan Sezen, \u0130stanbul \u015eehir Tiyatrolar\u0131 b\u00fcnyesinde ba\u015far\u0131l\u0131 projelerde yer alm\u0131\u015ft\u0131r.<\/p>\n<h3>KAAN M\u0130RA\u00c7 SEZEN KA\u00c7 YA\u015eINDA?<\/h3>\n<p>\u015eimdilerde 22 ya\u015f\u0131nda olan ba\u015far\u0131l\u0131 oyuncu Kaan Mira\u00e7 Sezen, tiyatro alan\u0131nda kendini geli\u015ftirmi\u015f ve g\u00f6stermi\u015ftir. Tiyatroya olduk\u00e7a ilgili olan Sezen, televizyon oyunculu\u011funa da y\u00f6nelmi\u015ftir. \u0130lk televizyon oyunculuk deneyimini NOW TV ekranlar\u0131nda seyirci kar\u015f\u0131s\u0131na \u00e7\u0131kan \u201cTozluyaka\u201d dizisinde \u201cAli\u201d karakteri ile ger\u00e7ekle\u015ftirmi\u015ftir.<\/p>\n<p><img loading=\"lazy\" decoding=\"async\" class=\"alignnone wp-image-102522 size-large\" src=\"https:\/\/www.tgrthaber.com\/mavikadin\/wp-content\/uploads\/Adsiz-tasarim-13-8-1024x576.jpg\" alt=\"Kaan Mira\u00e7 Sezen kimdir?\" width=\"1024\" height=\"576\" title=\"\" srcset=\"https:\/\/www.tgrthaber.com\/mavikadin\/wp-content\/uploads\/Adsiz-tasarim-13-8-1024x576.jpg 1024w, https:\/\/www.tgrthaber.com\/mavikadin\/wp-content\/uploads\/Adsiz-tasarim-13-8-300x169.jpg 300w, https:\/\/www.tgrthaber.com\/mavikadin\/wp-content\/uploads\/Adsiz-tasarim-13-8-768x432.jpg 768w, https:\/\/www.tgrthaber.com\/mavikadin\/wp-content\/uploads\/Adsiz-tasarim-13-8-1536x864.jpg 1536w, https:\/\/www.tgrthaber.com\/mavikadin\/wp-content\/uploads\/Adsiz-tasarim-13-8.jpg 1600w\" sizes=\"(max-width: 1024px) 100vw, 1024px\" \/><\/p>\n<p>Kaan Mira\u00e7 Sezen, Tozluyaka\u2019daki rol\u00fcyle seyircinin be\u011fenisini toplam\u0131\u015f ve ba\u015far\u0131l\u0131 bir performans sergileyerek kariyerini zirveye ta\u015f\u0131m\u0131\u015ft\u0131r. Oyunculuk kariyerini dijital platformlara ta\u015f\u0131yan Sezen, Prime Video dijital platformunda yay\u0131mlanan \u201cD\u00fc\u011f\u00fcm\u201d dizisinde Berg\u00fczar Korel ve Serkan Altunorak gibi ba\u015far\u0131l\u0131 isimlerle ba\u015frol payla\u015fm\u0131\u015ft\u0131r.<\/p>\n<p><img loading=\"lazy\" decoding=\"async\" class=\"alignnone wp-image-102520 size-large\" src=\"https:\/\/www.tgrthaber.com\/mavikadin\/wp-content\/uploads\/Adsiz-tasarim-19-8-1024x576.jpg\" alt=\"Kaan Mira\u00e7 Sezen kimdir?\" width=\"1024\" height=\"576\" title=\"\" srcset=\"https:\/\/www.tgrthaber.com\/mavikadin\/wp-content\/uploads\/Adsiz-tasarim-19-8-1024x576.jpg 1024w, https:\/\/www.tgrthaber.com\/mavikadin\/wp-content\/uploads\/Adsiz-tasarim-19-8-300x169.jpg 300w, https:\/\/www.tgrthaber.com\/mavikadin\/wp-content\/uploads\/Adsiz-tasarim-19-8-768x432.jpg 768w, https:\/\/www.tgrthaber.com\/mavikadin\/wp-content\/uploads\/Adsiz-tasarim-19-8-1536x864.jpg 1536w, https:\/\/www.tgrthaber.com\/mavikadin\/wp-content\/uploads\/Adsiz-tasarim-19-8.jpg 1600w\" sizes=\"(max-width: 1024px) 100vw, 1024px\" \/><\/p>\n<p>Ba\u015far\u0131l\u0131 performans\u0131yla ad\u0131ndan s\u00f6z ettiren Kaan Mira\u00e7 Sezen, \u015fimdilerde Star TV ekranlar\u0131nda izleyici ile bulu\u015fan \u201cSahipsizler\u201d dizisinde \u201cCemo\u201d karakterine can vermektedir. Cemo karakteriyle dikkatleri \u00fczerine \u00e7eken Sezen, ba\u015far\u0131l\u0131 performans\u0131yla dizinin ba\u015far\u0131l\u0131 oyuncular\u0131 aras\u0131nda yer al\u0131yor.<\/p>\n","protected":false},"excerpt":{"rendered":"<p>Sahipsizler dizisinin Cemo\u2019su Kaan Mira\u00e7 Sezen\u2019in kim oldu\u011fu merak ediliyor. Peki, Sahipsizler Cemo kimdir? Sahipsizler\u2019in Cemo\u2019su Kaan Mira\u00e7 Sezen kimdir, ka\u00e7 ya\u015f\u0131nda? <\/p>\n","protected":false},"author":26,"featured_media":102524,"comment_status":"closed","ping_status":"closed","sticky":false,"template":"","format":"standard","meta":{"rank_math_lock_modified_date":false,"footnotes":""},"categories":[491],"tags":[3577,3533,3534],"class_list":["post-102516","post","type-post","status-publish","format-standard","has-post-thumbnail","hentry","category-biyografi","tag-kaan-mirac-sezen","tag-sahipsizler","tag-sahipsizler-dizisi"],"_links":{"self":[{"href":"https:\/\/www.tgrthaber.com\/mavikadin\/wp-json\/wp\/v2\/posts\/102516"}],"collection":[{"href":"https:\/\/www.tgrthaber.com\/mavikadin\/wp-json\/wp\/v2\/posts"}],"about":[{"href":"https:\/\/www.tgrthaber.com\/mavikadin\/wp-json\/wp\/v2\/types\/post"}],"author":[{"embeddable":true,"href":"https:\/\/www.tgrthaber.com\/mavikadin\/wp-json\/wp\/v2\/users\/26"}],"replies":[{"embeddable":true,"href":"https:\/\/www.tgrthaber.com\/mavikadin\/wp-json\/wp\/v2\/comments?post=102516"}],"version-history":[{"count":2,"href":"https:\/\/www.tgrthaber.com\/mavikadin\/wp-json\/wp\/v2\/posts\/102516\/revisions"}],"predecessor-version":[{"id":102528,"href":"https:\/\/www.tgrthaber.com\/mavikadin\/wp-json\/wp\/v2\/posts\/102516\/revisions\/102528"}],"wp:featuredmedia":[{"embeddable":true,"href":"https:\/\/www.tgrthaber.com\/mavikadin\/wp-json\/wp\/v2\/media\/102524"}],"wp:attachment":[{"href":"https:\/\/www.tgrthaber.com\/mavikadin\/wp-json\/wp\/v2\/media?parent=102516"}],"wp:term":[{"taxonomy":"category","embeddable":true,"href":"https:\/\/www.tgrthaber.com\/mavikadin\/wp-json\/wp\/v2\/categories?post=102516"},{"taxonomy":"post_tag","embeddable":true,"href":"https:\/\/www.tgrthaber.com\/mavikadin\/wp-json\/wp\/v2\/tags?post=102516"}],"curies":[{"name":"wp","href":"https:\/\/api.w.org\/{rel}","templated":true}]}}