{"id":102657,"date":"2024-12-06T19:25:00","date_gmt":"2024-12-06T16:25:00","guid":{"rendered":"https:\/\/www.tgrthaber.com\/mavikadin\/?p=102657"},"modified":"2024-12-06T19:25:00","modified_gmt":"2024-12-06T16:25:00","slug":"yesilcamin-kotu-adamlari-coskun-gogen-nuri-alco-ve-eray-ozbal-40-yil-sonra-bir-arada","status":"publish","type":"post","link":"https:\/\/www.tgrthaber.com\/mavikadin\/yesilcamin-kotu-adamlari-coskun-gogen-nuri-alco-ve-eray-ozbal-40-yil-sonra-bir-arada\/","title":{"rendered":"Ye\u015fil\u00e7am&#8217;\u0131n &#8216;k\u00f6t\u00fc adamlar\u0131&#8217; Co\u015fkun G\u00f6\u011fen, Nuri Al\u00e7o ve Eray \u00d6zbal 40 y\u0131l sonra bir arada!"},"content":{"rendered":"<p class=\"p1\">Ye\u015fil\u00e7am\u2019\u0131n efsane k\u00f6t\u00fc adamlar\u0131 Co\u015fkun G\u00f6\u011fen, Nuri Al\u00e7o ve Eray \u00d6zbal, 40 y\u0131l sonra yeniden bir araya geldi! Bu unutulmaz \u00fc\u00e7 isim, &#8220;Mitoloji Mafyas\u0131&#8221; adl\u0131 yeni projelerinde bulu\u015farak, hem eski dostluklar\u0131n\u0131 tazeledi hem de sinemaseverlere unutulmaz bir deneyim sunmay\u0131 vaat etti.<span class=\"Apple-converted-space\">\u00a0 <\/span>Ye\u015fil\u00e7am\u2019\u0131n alt\u0131n \u00e7a\u011f\u0131ndan bug\u00fcne, pek \u00e7ok filmde unutulmaz karakterlere hayat veren bu isimlerin, &#8220;Mitoloji Mafyas\u0131&#8221; ile nas\u0131l bir performans sergileyece\u011fi merakla bekleniyor. Hem nostaljik bir yolculuk hem de yeni bir d\u00f6nemin kap\u0131lar\u0131n\u0131 aralayacak olan bu film, sinema d\u00fcnyas\u0131nda heyecanla beklenen yap\u0131mlar aras\u0131nda yerini ald\u0131.<\/p>\n<h3 class=\"p1\"><b>YE\u015e\u0130L\u00c7AM\u2019IN K\u00d6T\u00dc ADAMLARI GER\u0130 D\u00d6N\u00dcYOR<span class=\"Apple-converted-space\">\u00a0<\/span><\/b><\/h3>\n<p class=\"p1\">T\u00fcrk sinemas\u0131n\u0131n efsanevi k\u00f6t\u00fc karakterleri, &#8220;Mitoloji Mafyas\u0131&#8221; filminde yeniden bulu\u015ftu. Or\u00e7un Benli&#8217;nin y\u00f6netmenli\u011fini \u00fcstlendi\u011fi ve Limon Yap\u0131m ile 6. His&#8217;in yap\u0131mc\u0131l\u0131\u011f\u0131n\u0131 \u00fcstlendi\u011fi bu komedi dolu macera filmi, seyircilere nostaljik bir deneyim sunmaya haz\u0131rlan\u0131yor. \u00c7ekimlerine 12 Kas\u0131m&#8217;da \u00c7anakkale&#8217;de ba\u015flanan film, sinemaseverlerin sab\u0131rs\u0131zl\u0131kla bekledi\u011fi projeler aras\u0131nda yer al\u0131yor.<\/p>\n<p><img loading=\"lazy\" decoding=\"async\" class=\"alignnone wp-image-102658 size-large\" src=\"https:\/\/www.tgrthaber.com\/mavikadin\/wp-content\/uploads\/Ekran-Resmi-2024-12-06-19.10.57-1024x691.png\" alt=\"\" width=\"1024\" height=\"691\" title=\"\" srcset=\"https:\/\/www.tgrthaber.com\/mavikadin\/wp-content\/uploads\/Ekran-Resmi-2024-12-06-19.10.57-1024x691.png 1024w, https:\/\/www.tgrthaber.com\/mavikadin\/wp-content\/uploads\/Ekran-Resmi-2024-12-06-19.10.57-300x202.png 300w, https:\/\/www.tgrthaber.com\/mavikadin\/wp-content\/uploads\/Ekran-Resmi-2024-12-06-19.10.57-768x518.png 768w, https:\/\/www.tgrthaber.com\/mavikadin\/wp-content\/uploads\/Ekran-Resmi-2024-12-06-19.10.57.png 1236w\" sizes=\"(max-width: 1024px) 100vw, 1024px\" \/><\/p>\n<h3 class=\"p1\"><b>40 YIL SONRA YEN\u0130DEN BULU\u015eTULAR<\/b><\/h3>\n<p class=\"p1\">Bu filmde, Co\u015fkun G\u00f6\u011fen, Nuri Al\u00e7o ve Eray \u00d6zbal, &#8220;Kay\u0131p K\u0131zlar&#8221; filminden tam 40 y\u0131l sonra yeniden bir araya geliyor. Co\u015fkun G\u00f6\u011fen, Yunan tanr\u0131s\u0131 Priapos karakterini oynarken; Nuri Al\u00e7o, Alkapon Kerim rol\u00fcne, Eray \u00d6zbal ise Belmondo Engin olarak izleyicilerin kar\u015f\u0131s\u0131na \u00e7\u0131kacak. Bu \u00fc\u00e7 \u00fcnl\u00fc isim, sineman\u0131n en dikkat \u00e7ekici k\u00f6t\u00fc karakterleri olarak y\u0131llar sonra ayn\u0131 projede bulu\u015funca hayranlar\u0131n\u0131 epey heyecanland\u0131rd\u0131.<span class=\"Apple-converted-space\">\u00a0<\/span><\/p>\n<h3 class=\"p1\"><b>YUNAN M\u00dcTOLOJ\u0130S\u0130 \u0130LE MAFYA D\u00dcNYASI B\u0130RLE\u015e\u0130YOR<span class=\"Apple-converted-space\">\u00a0<\/span><\/b><\/h3>\n<p class=\"p1\">&#8220;Mitoloji Mafyas\u0131&#8221;n\u0131n senaryosu, Yunan mitolojisinden ilham alarak izleyiciyi hem mafya d\u00fcnyas\u0131nda hem de mitolojik bir evrende s\u00fcr\u00fcklemeyi hedefliyor. \u00c7ekimleri 5 Aral\u0131k\u2019ta tamamlanan bu film, k\u0131sa bir s\u00fcre i\u00e7inde vizyona girecek. Hem eski Ye\u015fil\u00e7am hayranlar\u0131 hem de yeni nesil izleyiciler, bu e\u015fsiz bulu\u015fmay\u0131 b\u00fcy\u00fck bir merakla bekliyor. &#8220;Mitoloji Mafyas\u0131&#8221; sinemaseverlere nostaljiyle dolu bir deneyim sunacak ve Ye\u015fil\u00e7am\u2019\u0131n k\u00f6t\u00fc adamlar\u0131n\u0131 bir kez daha izleyiciyle bulu\u015fturacak.<\/p>\n<p><img loading=\"lazy\" decoding=\"async\" class=\"alignnone wp-image-102659 size-large\" src=\"https:\/\/www.tgrthaber.com\/mavikadin\/wp-content\/uploads\/Ekran-Resmi-2024-12-06-19.11.04-1024x497.png\" alt=\"\" width=\"1024\" height=\"497\" title=\"\" srcset=\"https:\/\/www.tgrthaber.com\/mavikadin\/wp-content\/uploads\/Ekran-Resmi-2024-12-06-19.11.04-1024x497.png 1024w, https:\/\/www.tgrthaber.com\/mavikadin\/wp-content\/uploads\/Ekran-Resmi-2024-12-06-19.11.04-300x146.png 300w, https:\/\/www.tgrthaber.com\/mavikadin\/wp-content\/uploads\/Ekran-Resmi-2024-12-06-19.11.04-768x373.png 768w, https:\/\/www.tgrthaber.com\/mavikadin\/wp-content\/uploads\/Ekran-Resmi-2024-12-06-19.11.04.png 1278w\" sizes=\"(max-width: 1024px) 100vw, 1024px\" \/><\/p>\n<h3>CO\u015eKUN G\u00d6\u011eEN K\u0130MD\u0130R?<\/h3>\n<p class=\"p1\">Co\u015fkun G\u00f6\u011fen, 14 Haziran 1946&#8217;da Giresun&#8217;un Bulancak il\u00e7esinin Eriklik k\u00f6y\u00fcnde d\u00fcnyaya geldi. Makedonya k\u00f6kenli olan G\u00f6\u011fen, ilkokuldan sonra e\u011fitimine devam etmeyerek gen\u00e7 ya\u015flarda hayat\u0131n i\u00e7ine at\u0131ld\u0131. \u00c7ocuklu\u011fu ise \u0130stanbul&#8217;un Samatya semtinde ge\u00e7ti, burada b\u00fcy\u00fcd\u00fc ve ya\u015fam\u0131n\u0131 \u015fekillendirdi.<\/p>\n<p><img loading=\"lazy\" decoding=\"async\" class=\"alignnone wp-image-102662 size-large\" src=\"https:\/\/www.tgrthaber.com\/mavikadin\/wp-content\/uploads\/Ekran-Resmi-2024-12-06-19.15.02-1024x661.png\" alt=\"\" width=\"1024\" height=\"661\" title=\"\" srcset=\"https:\/\/www.tgrthaber.com\/mavikadin\/wp-content\/uploads\/Ekran-Resmi-2024-12-06-19.15.02-1024x661.png 1024w, https:\/\/www.tgrthaber.com\/mavikadin\/wp-content\/uploads\/Ekran-Resmi-2024-12-06-19.15.02-300x194.png 300w, https:\/\/www.tgrthaber.com\/mavikadin\/wp-content\/uploads\/Ekran-Resmi-2024-12-06-19.15.02-768x496.png 768w, https:\/\/www.tgrthaber.com\/mavikadin\/wp-content\/uploads\/Ekran-Resmi-2024-12-06-19.15.02-1536x992.png 1536w, https:\/\/www.tgrthaber.com\/mavikadin\/wp-content\/uploads\/Ekran-Resmi-2024-12-06-19.15.02.png 1592w\" sizes=\"(max-width: 1024px) 100vw, 1024px\" \/><\/p>\n<p class=\"p1\">Gen\u00e7lik y\u0131llar\u0131nda Galatasaray taraftar\u0131 olan G\u00f6\u011fen, ayn\u0131 zamanda amigoluk yaparak Taksim ve Kurtulu\u015f b\u00f6lgelerinde yerle\u015fti. Gen\u00e7 ya\u015fta meslek hayat\u0131na at\u0131lan G\u00f6\u011fen, berber \u00e7\u0131rakl\u0131\u011f\u0131 yapt\u0131. Ancak bu s\u0131rada, Ye\u015fil\u00e7am&#8217;\u0131n b\u00fcy\u00fcl\u00fc d\u00fcnyas\u0131na olan ilgisi giderek artt\u0131. 1962 y\u0131l\u0131nda, 15-16 ya\u015flar\u0131ndayken, \u00e7\u0131rakl\u0131k yapt\u0131\u011f\u0131 berberin \u00f6n\u00fcnden ge\u00e7erken fig\u00fcran ta\u015f\u0131yan otob\u00fcslere binmeye ba\u015flad\u0131. Bu, ona Ye\u015fil\u00e7am\u2019a ilk ad\u0131m\u0131n\u0131 att\u0131ran f\u0131rsat oldu. G\u00f6\u011fen, zamanla fig\u00fcranl\u0131k yaparak Ye\u015fil\u00e7am\u2019daki ilk deneyimlerini kazand\u0131. \u0130lk filminde ise \u00fcnl\u00fc oyuncu H\u00fclya Ko\u00e7yi\u011fit ile birlikte yer ald\u0131.<\/p>\n<h3>NUR\u0130 AL\u00c7O K\u0130MD\u0130R?<\/h3>\n<p class=\"p1\">Nuri Al\u00e7o, 1950 do\u011fumlu T\u00fcrk sinemas\u0131n\u0131n \u00f6nemli isimlerinden biridir. Ye\u015fil\u00e7am d\u00f6neminin en tan\u0131nan k\u00f6t\u00fc adamlar\u0131ndan biri olarak kariyerine y\u00f6n veren Al\u00e7o, \u00f6zellikle 1970&#8217;ler ve 1980&#8217;lerdeki aksiyon ve dram t\u00fcr\u00fcndeki filmlerle haf\u0131zalarda yer edinmi\u015ftir. Ger\u00e7ek ad\u0131yla Nuri Al\u00e7o, oyunculuk kariyerine fig\u00fcranl\u0131k yaparak ba\u015flam\u0131\u015f ve k\u0131sa s\u00fcre i\u00e7inde g\u00fc\u00e7l\u00fc fizi\u011fi ve karakteristik duru\u015fuyla tan\u0131nan bir oyuncu haline gelmi\u015ftir. Al\u00e7o, oynad\u0131\u011f\u0131 &#8220;k\u00f6t\u00fc adam&#8221; karakterleriyle sinemaseverlerin g\u00f6z\u00fcnde unutulmaz bir fig\u00fcr olmay\u0131 ba\u015farm\u0131\u015ft\u0131r.<\/p>\n<p><img loading=\"lazy\" decoding=\"async\" class=\"alignnone wp-image-102660 size-large\" src=\"https:\/\/www.tgrthaber.com\/mavikadin\/wp-content\/uploads\/Ekran-Resmi-2024-12-06-19.12.34-1024x722.png\" alt=\"nuri al\u00e7o \n\" width=\"1024\" height=\"722\" title=\"\" srcset=\"https:\/\/www.tgrthaber.com\/mavikadin\/wp-content\/uploads\/Ekran-Resmi-2024-12-06-19.12.34-1024x722.png 1024w, https:\/\/www.tgrthaber.com\/mavikadin\/wp-content\/uploads\/Ekran-Resmi-2024-12-06-19.12.34-300x212.png 300w, https:\/\/www.tgrthaber.com\/mavikadin\/wp-content\/uploads\/Ekran-Resmi-2024-12-06-19.12.34-768x542.png 768w, https:\/\/www.tgrthaber.com\/mavikadin\/wp-content\/uploads\/Ekran-Resmi-2024-12-06-19.12.34-1536x1083.png 1536w, https:\/\/www.tgrthaber.com\/mavikadin\/wp-content\/uploads\/Ekran-Resmi-2024-12-06-19.12.34.png 1622w\" sizes=\"(max-width: 1024px) 100vw, 1024px\" \/><\/p>\n<h3>ERAY \u00d6ZBAL K\u0130MD\u0130R?<\/h3>\n<p class=\"p1\">1976 y\u0131l\u0131nda \u0130stanbul Devlet Konservatuvar\u0131\u2019na kabul edilen Eray \u00d6zbal, gen\u00e7 ya\u015fta yeteneklerini g\u00f6stererek sinema d\u00fcnyas\u0131na ad\u0131m att\u0131. Konservatuvar e\u011fitimi s\u0131ras\u0131nda, yetenekleri hocalar\u0131 taraf\u0131ndan fark edilen \u00d6zbal, k\u0131sa s\u00fcre i\u00e7inde Ye\u015fil\u00e7am&#8217;a transfer oldu.<\/p>\n<p><img loading=\"lazy\" decoding=\"async\" class=\"alignnone wp-image-102661 size-large\" src=\"https:\/\/www.tgrthaber.com\/mavikadin\/wp-content\/uploads\/Ekran-Resmi-2024-12-06-19.13.50-1024x704.png\" alt=\"eray \u00f6zbal \" width=\"1024\" height=\"704\" title=\"\" srcset=\"https:\/\/www.tgrthaber.com\/mavikadin\/wp-content\/uploads\/Ekran-Resmi-2024-12-06-19.13.50-1024x704.png 1024w, https:\/\/www.tgrthaber.com\/mavikadin\/wp-content\/uploads\/Ekran-Resmi-2024-12-06-19.13.50-300x206.png 300w, https:\/\/www.tgrthaber.com\/mavikadin\/wp-content\/uploads\/Ekran-Resmi-2024-12-06-19.13.50-768x528.png 768w, https:\/\/www.tgrthaber.com\/mavikadin\/wp-content\/uploads\/Ekran-Resmi-2024-12-06-19.13.50-1536x1056.png 1536w, https:\/\/www.tgrthaber.com\/mavikadin\/wp-content\/uploads\/Ekran-Resmi-2024-12-06-19.13.50.png 1626w\" sizes=\"(max-width: 1024px) 100vw, 1024px\" \/><\/p>\n<p class=\"p1\">Orhan Gencebay, Kemal Sunal ve M\u00fcsl\u00fcm G\u00fcrses gibi d\u00f6nemin \u00fcnl\u00fc isimlerinin projelerinde, genellikle k\u00f6t\u00fc adam tiplemeleriyle dikkat \u00e7ekti. \u00d6zbal\u2019\u0131n en bilinen performanslar\u0131ndan biri de, <i>Duvardaki Kan<\/i> adl\u0131 dizideki Ermeni suikast\u00e7\u0131 So\u011fomon Tehliryan karakteridir.<\/p>\n","protected":false},"excerpt":{"rendered":"<p>Ye\u015fil\u00e7am&#8217;\u0131n unutulmaz k\u00f6t\u00fc adamlar\u0131 Co\u015fkun G\u00f6\u011fen, Nuri Al\u00e7o ve Eray \u00d6zbal, tam 40 y\u0131l sonra bir araya geldi!\u00a0 Bu ikonik isimler, yeni projeleri &#8220;Mitoloji Mafyas\u0131&#8221; ile yeniden bir araya geldi ve eski dostluklar\u0131n\u0131 peki\u015ftirdi. Sinamaseverlere unutulmaz bir yolculuk vaat eden \u00fc\u00e7l\u00fcn\u00fcn yeni filmi merakla bekleniyor.\u00a0<\/p>\n","protected":false},"author":16,"featured_media":102663,"comment_status":"closed","ping_status":"closed","sticky":false,"template":"","format":"standard","meta":{"rank_math_lock_modified_date":false,"footnotes":""},"categories":[76],"tags":[3605,3607,3606,3608],"class_list":["post-102657","post","type-post","status-publish","format-standard","has-post-thumbnail","hentry","category-magazin","tag-coskun-gogen","tag-eray-ozbal","tag-nuri-alco","tag-yesilcamin-kotu-adamlari"],"_links":{"self":[{"href":"https:\/\/www.tgrthaber.com\/mavikadin\/wp-json\/wp\/v2\/posts\/102657"}],"collection":[{"href":"https:\/\/www.tgrthaber.com\/mavikadin\/wp-json\/wp\/v2\/posts"}],"about":[{"href":"https:\/\/www.tgrthaber.com\/mavikadin\/wp-json\/wp\/v2\/types\/post"}],"author":[{"embeddable":true,"href":"https:\/\/www.tgrthaber.com\/mavikadin\/wp-json\/wp\/v2\/users\/16"}],"replies":[{"embeddable":true,"href":"https:\/\/www.tgrthaber.com\/mavikadin\/wp-json\/wp\/v2\/comments?post=102657"}],"version-history":[{"count":1,"href":"https:\/\/www.tgrthaber.com\/mavikadin\/wp-json\/wp\/v2\/posts\/102657\/revisions"}],"predecessor-version":[{"id":102664,"href":"https:\/\/www.tgrthaber.com\/mavikadin\/wp-json\/wp\/v2\/posts\/102657\/revisions\/102664"}],"wp:featuredmedia":[{"embeddable":true,"href":"https:\/\/www.tgrthaber.com\/mavikadin\/wp-json\/wp\/v2\/media\/102663"}],"wp:attachment":[{"href":"https:\/\/www.tgrthaber.com\/mavikadin\/wp-json\/wp\/v2\/media?parent=102657"}],"wp:term":[{"taxonomy":"category","embeddable":true,"href":"https:\/\/www.tgrthaber.com\/mavikadin\/wp-json\/wp\/v2\/categories?post=102657"},{"taxonomy":"post_tag","embeddable":true,"href":"https:\/\/www.tgrthaber.com\/mavikadin\/wp-json\/wp\/v2\/tags?post=102657"}],"curies":[{"name":"wp","href":"https:\/\/api.w.org\/{rel}","templated":true}]}}