{"id":102675,"date":"2024-12-06T20:08:25","date_gmt":"2024-12-06T17:08:25","guid":{"rendered":"https:\/\/www.tgrthaber.com\/mavikadin\/?p=102675"},"modified":"2024-12-06T20:08:25","modified_gmt":"2024-12-06T17:08:25","slug":"michelin-rehberi-2025-aciklandi-serhattan-seflikte-tarihi-bir-adim-serhat-dogramaci-kimdir","status":"publish","type":"post","link":"https:\/\/www.tgrthaber.com\/mavikadin\/michelin-rehberi-2025-aciklandi-serhattan-seflikte-tarihi-bir-adim-serhat-dogramaci-kimdir\/","title":{"rendered":"Michelin Rehberi 2025 a\u00e7\u0131kland\u0131: Serhat\u2019tan \u015feflikte tarihi bir ad\u0131m! Serhat Do\u011framac\u0131 kimdir?"},"content":{"rendered":"<p class=\"p1\">D\u00fcnyan\u0131n en sayg\u0131n gastronomi otoritelerinden biri olan Michelin Rehberi, 2025 T\u00fcrkiye se\u00e7kisini a\u00e7\u0131klad\u0131. Bu y\u0131l\u0131n en b\u00fcy\u00fck s\u00fcrprizlerinden biri ise MasterChef T\u00fcrkiye\u2019nin efsanele\u015fen \u015fampiyonu Serhat Do\u011framac\u0131 oldu. Gen\u00e7 \u015fef, &#8220;Ye\u015fil Michelin Y\u0131ld\u0131z\u0131&#8221; \u00f6d\u00fcl\u00fcn\u00fc kazanarak bu unvan\u0131 alan ilk T\u00fcrk \u015fef olarak gastronomi d\u00fcnyas\u0131nda bir ilki ger\u00e7ekle\u015ftirdi.<\/p>\n<h3 class=\"p1\">&#8216;YE\u015e\u0130L M\u0130CHEL\u0130N YILDIZI&#8217; \u00dcNVANINI KAZANDI<span class=\"Apple-converted-space\">\u00a0<\/span><\/h3>\n<p class=\"p1\">MasterChef T\u00fcrkiye\u2019deki ba\u015far\u0131s\u0131yla ad\u0131n\u0131 duyuran Serhat, kariyerinde \u00e7izdi\u011fi yenilik\u00e7i yol ve \u00e7evreci yakla\u015f\u0131m\u0131yla k\u0131sa s\u00fcrede d\u00fcnya \u00e7ap\u0131nda tan\u0131n\u0131r hale geldi. Men\u00fc se\u00e7imlerinden mutfak y\u00f6netimine kadar her detayda do\u011faya sayg\u0131y\u0131 \u00f6n planda tutan gen\u00e7 \u015fef, bu \u00f6d\u00fclle T\u00fcrk mutfa\u011f\u0131n\u0131 uluslararas\u0131 arenada bir ad\u0131m ileri ta\u015f\u0131d\u0131.<\/p>\n<p><img loading=\"lazy\" decoding=\"async\" class=\"alignnone wp-image-102691 size-large\" src=\"https:\/\/www.tgrthaber.com\/mavikadin\/wp-content\/uploads\/Ekran-Resmi-2024-12-06-20.04.10-1024x685.png\" alt=\"serhat do\u011framac\u0131 \" width=\"1024\" height=\"685\" title=\"\" srcset=\"https:\/\/www.tgrthaber.com\/mavikadin\/wp-content\/uploads\/Ekran-Resmi-2024-12-06-20.04.10-1024x685.png 1024w, https:\/\/www.tgrthaber.com\/mavikadin\/wp-content\/uploads\/Ekran-Resmi-2024-12-06-20.04.10-300x201.png 300w, https:\/\/www.tgrthaber.com\/mavikadin\/wp-content\/uploads\/Ekran-Resmi-2024-12-06-20.04.10-768x514.png 768w, https:\/\/www.tgrthaber.com\/mavikadin\/wp-content\/uploads\/Ekran-Resmi-2024-12-06-20.04.10-1536x1027.png 1536w, https:\/\/www.tgrthaber.com\/mavikadin\/wp-content\/uploads\/Ekran-Resmi-2024-12-06-20.04.10.png 1594w\" sizes=\"(max-width: 1024px) 100vw, 1024px\" \/><\/p>\n<p class=\"p1\">Serhat\u2019\u0131n kazand\u0131\u011f\u0131 &#8216;Ye\u015fil Michelin Y\u0131ld\u0131z\u0131&#8217;, T\u00fcrk mutfa\u011f\u0131na olan ilgiyi art\u0131racak gibi g\u00f6r\u00fcn\u00fcyor. Bu \u00f6d\u00fcl, hem gelecek nesil \u015feflere ilham verecek hem de s\u00fcrd\u00fcr\u00fclebilirli\u011fin mutfak d\u00fcnyas\u0131nda nas\u0131l bir fark olu\u015fturdu\u011funu kan\u0131tlayacak. Serhat Do\u011framac\u0131&#8217;n\u0131n tarihi ba\u015far\u0131s\u0131, gastronomi d\u00fcnyas\u0131nda uzun s\u00fcre konu\u015fulacak gibi g\u00f6r\u00fcn\u00fcyor. Bu \u00f6d\u00fcl sadece bir bireysel ba\u015far\u0131 de\u011fil, ayn\u0131 zamanda T\u00fcrk mutfa\u011f\u0131n\u0131n uluslararas\u0131 arenada tan\u0131nmas\u0131 i\u00e7in olduk\u00e7a b\u00fcy\u00fck bir \u00f6nem ta\u015f\u0131yor.<span class=\"Apple-converted-space\">\u00a0<\/span><\/p>\n<h3 class=\"p1\">SERHAT DO\u011eRAMACI K\u0130MD\u0130R, KA\u00c7 YA\u015eINDA?<\/h3>\n<p class=\"p1\">2020 y\u0131l\u0131nda MasterChef T\u00fcrkiye&#8217;nin \u015fampiyonu olarak milyonlar\u0131n be\u011fenisini kazanan Serhat Do\u011framac\u0131, hen\u00fcz 26 ya\u015f\u0131nda kariyerinde parlak bir yolculuk s\u00fcrd\u00fcr\u00fcyor. Gastronomiye olan tutkusu ve yenilik\u00e7i yakla\u015f\u0131m\u0131yla T\u00fcrk mutfa\u011f\u0131nda fark olu\u015fturan Do\u011framac\u0131, k\u00f6klerine ba\u011fl\u0131 bir hikayeden ilham al\u0131yor. Anne taraf\u0131ndan Yugoslav g\u00f6\u00e7meni, baba taraf\u0131ndan ise Kerk\u00fckl\u00fc bir aileden gelen gen\u00e7 \u015fef, k\u00fclt\u00fcrel zenginliklerini mutfa\u011f\u0131na yans\u0131tmay\u0131 bir ya\u015fam felsefesi haline getirmi\u015f durumda.<\/p>\n<p class=\"p1\">Serhat Do\u011framac\u0131\u2019n\u0131n ba\u015far\u0131 hikayesi, Selim Pa\u015fa Lisesi Turizm ve Otelcilik B\u00f6l\u00fcm\u00fc&#8217;nde ba\u015flayan e\u011fitim hayat\u0131yla \u015fekillenmeye ba\u015flad\u0131. Daha sonra S\u00fcleyman Demirel \u00dcniversitesi A\u015f\u00e7\u0131l\u0131k B\u00f6l\u00fcm\u00fc\u2019nde ald\u0131\u011f\u0131 akademik e\u011fitimle yeteneklerini peki\u015ftirdi. Bu s\u00fcre\u00e7te, ulusal ve uluslararas\u0131 gastronomi yar\u0131\u015fmalar\u0131nda sergiledi\u011fi performansla toplam 15 \u00f6d\u00fcl kazanarak dikkatleri \u00fczerine \u00e7ekti. Bu \u00f6d\u00fcller, onun azim ve yetene\u011finin en somut g\u00f6stergesi oldu.<\/p>\n<p><img loading=\"lazy\" decoding=\"async\" class=\"alignnone wp-image-102693 size-large\" src=\"https:\/\/www.tgrthaber.com\/mavikadin\/wp-content\/uploads\/Ekran-Resmi-2024-12-06-20.04.27-1024x650.png\" alt=\"serhat do\u011framac\u0131 \" width=\"1024\" height=\"650\" title=\"\" srcset=\"https:\/\/www.tgrthaber.com\/mavikadin\/wp-content\/uploads\/Ekran-Resmi-2024-12-06-20.04.27-1024x650.png 1024w, https:\/\/www.tgrthaber.com\/mavikadin\/wp-content\/uploads\/Ekran-Resmi-2024-12-06-20.04.27-300x190.png 300w, https:\/\/www.tgrthaber.com\/mavikadin\/wp-content\/uploads\/Ekran-Resmi-2024-12-06-20.04.27-768x487.png 768w, https:\/\/www.tgrthaber.com\/mavikadin\/wp-content\/uploads\/Ekran-Resmi-2024-12-06-20.04.27-1536x975.png 1536w, https:\/\/www.tgrthaber.com\/mavikadin\/wp-content\/uploads\/Ekran-Resmi-2024-12-06-20.04.27.png 1670w\" sizes=\"(max-width: 1024px) 100vw, 1024px\" \/><\/p>\n<p class=\"p1\">Do\u011framac\u0131&#8217;n\u0131n mutfa\u011f\u0131, yaln\u0131zca lezzeti de\u011fil, ayn\u0131 zamanda s\u00fcrd\u00fcr\u00fclebilirlik ve \u00e7evreye duyarl\u0131l\u0131\u011f\u0131 da \u00f6nceliklendiriyor. Do\u011fal malzemeleri \u00f6n planda tutan, at\u0131k azaltma tekniklerini mutfa\u011f\u0131na entegre eden \u015fef, bu y\u00f6n\u00fcyle gelece\u011fin gastronomi anlay\u0131\u015f\u0131na \u00f6nc\u00fcl\u00fck ediyor. Onun i\u00e7in yemek pi\u015firmek, sadece bir sanat de\u011fil, ayn\u0131 zamanda bir ya\u015fam bi\u00e7imi. Gen\u00e7 ya\u015f\u0131na ra\u011fmen \u00f6zg\u00fcn tarifleri ve yenilik\u00e7i projeleriyle T\u00fcrk mutfa\u011f\u0131n\u0131 uluslararas\u0131 arenada temsil etmeyi ba\u015faran Do\u011framac\u0131, hem \u00fclkemiz hem de d\u00fcnya gastronomi sahnesi i\u00e7in umut vadeden bir fig\u00fcr. Ge\u00e7mi\u015finden ald\u0131\u011f\u0131 g\u00fc\u00e7le, gelece\u011fe emin ad\u0131mlarla ilerleyen bu gen\u00e7 \u015fef, T\u00fcrk mutfa\u011f\u0131n\u0131n k\u00fcresel bilinirli\u011fini art\u0131rmak i\u00e7in \u00e7al\u0131\u015fmalar\u0131n\u0131 s\u00fcrd\u00fcr\u00fcyor.<\/p>\n<p><img loading=\"lazy\" decoding=\"async\" class=\"alignnone wp-image-102694 size-large\" src=\"https:\/\/www.tgrthaber.com\/mavikadin\/wp-content\/uploads\/Ekran-Resmi-2024-12-06-20.04.32-1024x613.png\" alt=\"serhat do\u011framac\u0131 \" width=\"1024\" height=\"613\" title=\"\" srcset=\"https:\/\/www.tgrthaber.com\/mavikadin\/wp-content\/uploads\/Ekran-Resmi-2024-12-06-20.04.32-1024x613.png 1024w, https:\/\/www.tgrthaber.com\/mavikadin\/wp-content\/uploads\/Ekran-Resmi-2024-12-06-20.04.32-300x180.png 300w, https:\/\/www.tgrthaber.com\/mavikadin\/wp-content\/uploads\/Ekran-Resmi-2024-12-06-20.04.32-768x460.png 768w, https:\/\/www.tgrthaber.com\/mavikadin\/wp-content\/uploads\/Ekran-Resmi-2024-12-06-20.04.32-1536x919.png 1536w, https:\/\/www.tgrthaber.com\/mavikadin\/wp-content\/uploads\/Ekran-Resmi-2024-12-06-20.04.32.png 1714w\" sizes=\"(max-width: 1024px) 100vw, 1024px\" \/><\/p>\n<p class=\"p1\"><b>YE\u015e\u0130L M\u0130CHEL\u0130N YILDIZI NED\u0130R?<\/b><\/p>\n<p class=\"p1\">Ye\u015fil Michelin Y\u0131ld\u0131z\u0131, yaln\u0131zca m\u00fckemmel bir mutfak ba\u015far\u0131s\u0131n\u0131 de\u011fil, ayn\u0131 zamanda s\u00fcrd\u00fcr\u00fclebilirlik alan\u0131ndaki duyarl\u0131l\u0131\u011f\u0131 \u00f6d\u00fcllendiriyor. Bu y\u0131ld\u0131z, \u00e7evre dostu uygulamalar\u0131 ve yerel \u00fcr\u00fcnlere verdi\u011fi \u00f6nemiyle dikkat \u00e7eken restoranlara veriliyor. Gastronomi d\u00fcnyas\u0131n\u0131n en prestijli rehberlerinden biri olan Michelin Rehberi, 2025 y\u0131l\u0131 \u0130stanbul-\u0130zmir-Mu\u011fla se\u00e7kisini g\u00f6rkemli bir etkinlikle duyurdu. \u0130stanbul\u2019da d\u00fczenlenen bu \u00f6zel gece, T\u00fcrk mutfa\u011f\u0131n\u0131n uluslararas\u0131 alandaki yerini bir kez daha peki\u015ftirdi. Bu y\u0131l se\u00e7kide tam 32 yeni restoran yer al\u0131rken, iki tanesi Michelin Y\u0131ld\u0131z\u0131 ile \u00f6d\u00fcllendirildi. Yenilik\u00e7i mutfak anlay\u0131\u015f\u0131 ve e\u015fsiz lezzetleriyle dikkat \u00e7eken bu restoranlar, T\u00fcrk gastronomisinin geldi\u011fi noktay\u0131 bir kez daha g\u00f6zler \u00f6n\u00fcne serdi.<\/p>\n","protected":false},"excerpt":{"rendered":"<p>Michelin Rehberi 2025 T\u00fcrkiye se\u00e7kisini a\u00e7\u0131klad\u0131 ve bu y\u0131l\u0131n en b\u00fcy\u00fck s\u00fcrprizlerinden biri MasterChef T\u00fcrkiye \u015fampiyonu Serhat Do\u011framac\u0131 oldu. Gen\u00e7 \u015fef, &#8220;Ye\u015fil Michelin Y\u0131ld\u0131z\u0131&#8221;n\u0131 kazanarak bu unvan\u0131 elde eden ilk T\u00fcrk \u015fef olarak gastronomi d\u00fcnyas\u0131nda bir ilke imza att\u0131.<\/p>\n","protected":false},"author":16,"featured_media":102689,"comment_status":"closed","ping_status":"closed","sticky":false,"template":"","format":"standard","meta":{"rank_math_lock_modified_date":false,"footnotes":""},"categories":[76],"tags":[3616,3615],"class_list":["post-102675","post","type-post","status-publish","format-standard","has-post-thumbnail","hentry","category-magazin","tag-masterchef-serhat-dogramaci","tag-serhat-dogramaci-kimdir"],"_links":{"self":[{"href":"https:\/\/www.tgrthaber.com\/mavikadin\/wp-json\/wp\/v2\/posts\/102675"}],"collection":[{"href":"https:\/\/www.tgrthaber.com\/mavikadin\/wp-json\/wp\/v2\/posts"}],"about":[{"href":"https:\/\/www.tgrthaber.com\/mavikadin\/wp-json\/wp\/v2\/types\/post"}],"author":[{"embeddable":true,"href":"https:\/\/www.tgrthaber.com\/mavikadin\/wp-json\/wp\/v2\/users\/16"}],"replies":[{"embeddable":true,"href":"https:\/\/www.tgrthaber.com\/mavikadin\/wp-json\/wp\/v2\/comments?post=102675"}],"version-history":[{"count":1,"href":"https:\/\/www.tgrthaber.com\/mavikadin\/wp-json\/wp\/v2\/posts\/102675\/revisions"}],"predecessor-version":[{"id":102695,"href":"https:\/\/www.tgrthaber.com\/mavikadin\/wp-json\/wp\/v2\/posts\/102675\/revisions\/102695"}],"wp:featuredmedia":[{"embeddable":true,"href":"https:\/\/www.tgrthaber.com\/mavikadin\/wp-json\/wp\/v2\/media\/102689"}],"wp:attachment":[{"href":"https:\/\/www.tgrthaber.com\/mavikadin\/wp-json\/wp\/v2\/media?parent=102675"}],"wp:term":[{"taxonomy":"category","embeddable":true,"href":"https:\/\/www.tgrthaber.com\/mavikadin\/wp-json\/wp\/v2\/categories?post=102675"},{"taxonomy":"post_tag","embeddable":true,"href":"https:\/\/www.tgrthaber.com\/mavikadin\/wp-json\/wp\/v2\/tags?post=102675"}],"curies":[{"name":"wp","href":"https:\/\/api.w.org\/{rel}","templated":true}]}}