{"id":102698,"date":"2024-12-06T20:51:20","date_gmt":"2024-12-06T17:51:20","guid":{"rendered":"https:\/\/www.tgrthaber.com\/mavikadin\/?p=102698"},"modified":"2024-12-06T20:51:20","modified_gmt":"2024-12-06T17:51:20","slug":"semiramis-pekkan-ajda-pekkan-ile-yasadigi-protokol-krizi-ile-ilgili-ilk-kez-konustu","status":"publish","type":"post","link":"https:\/\/www.tgrthaber.com\/mavikadin\/semiramis-pekkan-ajda-pekkan-ile-yasadigi-protokol-krizi-ile-ilgili-ilk-kez-konustu\/","title":{"rendered":"Semiramis Pekkan Ajda Pekkan ile ya\u015fad\u0131\u011f\u0131 protokol krizi ile ilgili ilk kez konu\u015ftu"},"content":{"rendered":"<p>Ajda Pekkan&#8217;\u0131n Harbiye&#8217;deki konserinde, karde\u015fi Semiramis Pekkan&#8217;\u0131n da aralar\u0131nda bulundu\u011fu bir grup arkada\u015f\u0131yla ya\u015fad\u0131\u011f\u0131 protokol krizi nedeniyle karde\u015fi ile aralar\u0131n\u0131n bozuk oldu\u011fu iddia edilmi\u015fti. Semiramis Pekkan protokol krizi ile ilgili ilk kez konu\u015ftu.<\/p>\n<h3>SEM\u0130RAM\u0130S PEKKAN PROTOKOL KR\u0130Z\u0130 \u0130LE \u0130LG\u0130L\u0130 \u0130LK KEZ KONU\u015eTU<\/h3>\n<p>Harbiye&#8217;de ya\u015fanan protokol krizi ile ilgili aylar sonra Semiramis Pekkan&#8217;dan a\u00e7\u0131klama geldi. Bir s\u00fcre \u00f6nce Youtube kanal\u0131nda yapt\u0131\u011f\u0131 bir r\u00f6portajdaki s\u00f6ylemleriyle g\u00fcndeme gelen \u00fcnl\u00fc ismin, karde\u015fi Ajda Pekkan&#8217;a g\u00f6ndermede bulundu\u011fu iddia edilmi\u015fti. Abla Pekkan; &#8220;\u0130nsanlar ba\u015far\u0131l\u0131 olsun ama ba\u015far\u0131n\u0131n yolunda kendilerini kaybetmesinler&#8221; demi\u015fti.<\/p>\n<p>Aram\u0131zda Kalmas\u0131n objektiflerine konu\u015fan Semiramis Pekkan, karde\u015fi Ajda Pekkan ile ilk kez herhangi bir sorun olmad\u0131\u011f\u0131n\u0131 ve olamayaca\u011f\u0131n\u0131 ifade ederken, \u00fcnl\u00fc isimlerin abla karde\u015f olduklar\u0131n\u0131n alt\u0131n\u0131 \u00e7izdi.<\/p>\n<figure id=\"attachment_102707\" aria-describedby=\"caption-attachment-102707\" style=\"width: 640px\" class=\"wp-caption alignnone\"><img loading=\"lazy\" decoding=\"async\" class=\"size-large wp-image-102707\" src=\"https:\/\/www.tgrthaber.com\/mavikadin\/wp-content\/uploads\/ooo-Kurtarildi-Kurtarildi-1024x576.jpg\" alt=\"Ajda Pekkan ve ablas\u0131 Semiramis Pekkan\" width=\"640\" height=\"360\" title=\"\" srcset=\"https:\/\/www.tgrthaber.com\/mavikadin\/wp-content\/uploads\/ooo-Kurtarildi-Kurtarildi-1024x576.jpg 1024w, https:\/\/www.tgrthaber.com\/mavikadin\/wp-content\/uploads\/ooo-Kurtarildi-Kurtarildi-300x169.jpg 300w, https:\/\/www.tgrthaber.com\/mavikadin\/wp-content\/uploads\/ooo-Kurtarildi-Kurtarildi-768x432.jpg 768w, https:\/\/www.tgrthaber.com\/mavikadin\/wp-content\/uploads\/ooo-Kurtarildi-Kurtarildi-1536x864.jpg 1536w, https:\/\/www.tgrthaber.com\/mavikadin\/wp-content\/uploads\/ooo-Kurtarildi-Kurtarildi.jpg 1600w\" sizes=\"(max-width: 640px) 100vw, 640px\" \/><figcaption id=\"caption-attachment-102707\" class=\"wp-caption-text\">Ajda Pekkan ve ablas\u0131 Semiramis Pekkan<\/figcaption><\/figure>\n<h3>AJDA PEKKAN HARB\u0130YE KONSER\u0130NDEK\u0130 O KR\u0130Z\u0130 ANLATTI<\/h3>\n<p>Tan\u0131nm\u0131\u015f sanat\u00e7\u0131 Ajda Pekkan, ge\u00e7ti\u011fimiz g\u00fcnlerde Arnavutk\u00f6y\u2019de bir estetik merkezinden \u00e7\u0131karken bas\u0131n mensuplar\u0131yla k\u0131sa bir sohbet ger\u00e7ekle\u015ftirdi. 2024 y\u0131l\u0131na ili\u015fkin de\u011ferlendirmelerde bulunan Pekkan, yaz aylar\u0131n\u0131n olduk\u00e7a dolu ve ba\u015far\u0131l\u0131 ge\u00e7ti\u011fini ifade etti. Ayr\u0131ca Harbiye A\u00e7\u0131khava konserinde ya\u015fanan protokol sorununa dair a\u00e7\u0131klamalarda bulunarak, konuyla ilgili net bir tutum sergiledi.<\/p>\n<p>Ajda Pekkan, ge\u00e7en a\u011fustos ay\u0131nda Harbiye A\u00e7\u0131khava konserinin sonunda ya\u015fad\u0131\u011f\u0131 protokol sorunuyla ilgili konu\u015ftu. Konserde, aralar\u0131nda karde\u015fi Semiramis Pekkan&#8217;\u0131n da oldu\u011fu alt\u0131 ki\u015finin etkinlik bitmeden ayr\u0131lmas\u0131na sinirlenerek &#8220;Bu \u00e7ok sayg\u0131s\u0131zca!&#8221; diyerek tepki g\u00f6stermi\u015fti. Bu anlar medyada geni\u015f yer bulmu\u015ftu. Ancak \u00fcnl\u00fc sanat\u00e7\u0131, konuya dair Posta&#8217;ya \u00f6zel a\u00e7\u0131klamalarda bulundu. &#8220;Semiramis ile aram\u0131zda hi\u00e7bir problem yok. Daha yeni Atina\u2019da birlikte tatil yapt\u0131k. O benim k\u0131ymetlim. Konserdeki sorun tamamen benim ki\u015fisel meselemden kaynaklan\u0131yordu,&#8221; diyerek hem karde\u015fiyle ili\u015fkisini netle\u015ftirdi hem de olay\u0131n ki\u015fisel boyutuna vurgu yapt\u0131.<\/p>\n","protected":false},"excerpt":{"rendered":"<p>Efsane sanat\u00e7\u0131 Ajda Pekkan&#8217;\u0131n, Harbiye&#8217;deki konserinde protokol krizi ya\u015fanm\u0131\u015ft\u0131. \u0130\u00e7lerinde k\u0131z ablas\u0131 Semiramis Pekkan&#8217;\u0131n da oldu\u011fu bu ya\u015fanan protokol sorununa ili\u015fkin samimi a\u00e7\u0131klamalarda bulunan Ajda Pekkan &#8220;O mesele tamamen bana ait bir durumdu&#8221; demi\u015fti. Konuyla ilgili \u015fimdi de Semiramis Pekkan&#8217;dan ilk kez a\u00e7\u0131klama geldi.<\/p>\n","protected":false},"author":2,"featured_media":102708,"comment_status":"closed","ping_status":"closed","sticky":false,"template":"","format":"standard","meta":{"rank_math_lock_modified_date":false,"footnotes":""},"categories":[76],"tags":[3546,133,2218,3617],"class_list":["post-102698","post","type-post","status-publish","format-standard","has-post-thumbnail","hentry","category-magazin","tag-ajda-pekkan","tag-magazin","tag-magazin-haberleri","tag-semiramis-oekkan"],"_links":{"self":[{"href":"https:\/\/www.tgrthaber.com\/mavikadin\/wp-json\/wp\/v2\/posts\/102698"}],"collection":[{"href":"https:\/\/www.tgrthaber.com\/mavikadin\/wp-json\/wp\/v2\/posts"}],"about":[{"href":"https:\/\/www.tgrthaber.com\/mavikadin\/wp-json\/wp\/v2\/types\/post"}],"author":[{"embeddable":true,"href":"https:\/\/www.tgrthaber.com\/mavikadin\/wp-json\/wp\/v2\/users\/2"}],"replies":[{"embeddable":true,"href":"https:\/\/www.tgrthaber.com\/mavikadin\/wp-json\/wp\/v2\/comments?post=102698"}],"version-history":[{"count":1,"href":"https:\/\/www.tgrthaber.com\/mavikadin\/wp-json\/wp\/v2\/posts\/102698\/revisions"}],"predecessor-version":[{"id":102709,"href":"https:\/\/www.tgrthaber.com\/mavikadin\/wp-json\/wp\/v2\/posts\/102698\/revisions\/102709"}],"wp:featuredmedia":[{"embeddable":true,"href":"https:\/\/www.tgrthaber.com\/mavikadin\/wp-json\/wp\/v2\/media\/102708"}],"wp:attachment":[{"href":"https:\/\/www.tgrthaber.com\/mavikadin\/wp-json\/wp\/v2\/media?parent=102698"}],"wp:term":[{"taxonomy":"category","embeddable":true,"href":"https:\/\/www.tgrthaber.com\/mavikadin\/wp-json\/wp\/v2\/categories?post=102698"},{"taxonomy":"post_tag","embeddable":true,"href":"https:\/\/www.tgrthaber.com\/mavikadin\/wp-json\/wp\/v2\/tags?post=102698"}],"curies":[{"name":"wp","href":"https:\/\/api.w.org\/{rel}","templated":true}]}}