{"id":102710,"date":"2024-12-06T21:20:10","date_gmt":"2024-12-06T18:20:10","guid":{"rendered":"https:\/\/www.tgrthaber.com\/mavikadin\/?p=102710"},"modified":"2024-12-06T21:32:08","modified_gmt":"2024-12-06T18:32:08","slug":"sener-sen-ve-ibrahim-buyukak-sahnede-kirip-gecirdi","status":"publish","type":"post","link":"https:\/\/www.tgrthaber.com\/mavikadin\/sener-sen-ve-ibrahim-buyukak-sahnede-kirip-gecirdi\/","title":{"rendered":"\u015eener \u015een ve \u0130brahim B\u00fcy\u00fckak sahnede k\u0131r\u0131p ge\u00e7irdi"},"content":{"rendered":"<p>Y\u0131llar sonra ekrana d\u00f6nd\u00fc\u011f\u00fc bir markan\u0131n reklam kampanyas\u0131nda yer alan \u015eener \u015een, bu gece markan\u0131n d\u00fczenledi\u011fi davete kat\u0131ld\u0131. Rol arkada\u015f\u0131 yetenekli komedyen ve oyuncu \u0130brahim B\u00fcy\u00fckak&#8217;\u0131n da kat\u0131ld\u0131\u011f\u0131 gecede e\u011flenceli anlar ya\u015fand\u0131.<\/p>\n<h3>\u015eENER \u015eEN VE \u0130BRAH\u0130M B\u00dcY\u00dcKAK SAHNEDE KIRIP GE\u00c7\u0130RD\u0130<\/h3>\n<p>Daha \u00f6nce reklam filminin tan\u0131t\u0131m\u0131 i\u00e7in Esma Sultan Yal\u0131s\u0131&#8217;nda bir araya gelen \u015eener \u015een ve \u0130brahim B\u00fcy\u00fckak, yeniden bir araya geldi. Markan\u0131n bu ak\u015famki davetinde yer alan \u00fcnl\u00fc isim, sahneye \u00e7\u0131karak konu\u015fma yapt\u0131. \u0130brahim B\u00fcy\u00fckak usta oyuncu ile sahneye \u00e7\u0131kman\u0131n mutlulu\u011funu \u015fu esprili c\u00fcmlelerle anlatt\u0131; &#8220;\u015eener \u015een gibi usta bir oyuncu ile kamera kar\u015f\u0131s\u0131na ge\u00e7tim. \u00dcst\u00fcne bir de para ald\u0131m. Para da zaman\u0131nda yat\u0131yor.&#8221;<\/p>\n<div style=\"width: 480px;\" class=\"wp-video\"><!--[if lt IE 9]><script>document.createElement('video');<\/script><![endif]-->\n<video class=\"wp-video-shortcode\" id=\"video-102710-1\" width=\"480\" height=\"720\" preload=\"metadata\" controls=\"controls\"><source type=\"video\/mp4\" src=\"https:\/\/www.tgrthaber.com\/mavikadin\/wp-content\/uploads\/WhatsApp-Video-2024-12-06-at-21.30.21.mp4?_=1\" \/><a href=\"https:\/\/www.tgrthaber.com\/mavikadin\/wp-content\/uploads\/WhatsApp-Video-2024-12-06-at-21.30.21.mp4\">https:\/\/www.tgrthaber.com\/mavikadin\/wp-content\/uploads\/WhatsApp-Video-2024-12-06-at-21.30.21.mp4<\/a><\/video><\/div>\n<h3>\u015eENER REKLAM TEKL\u0130F\u0130N\u0130 NASIL KABUL ETT\u0130\u011e\u0130N\u0130 A\u00c7IKLADI<\/h3>\n<p>\u015eener \u015een, reklam projelerinde titiz bir yakla\u015f\u0131m sergiledi\u011fini dile getirerek, &#8220;Bug\u00fcne kadar \u00e7e\u015fitli kampanyalarda yer ald\u0131m, ancak uzun s\u00fcredir reklam i\u015flerinde bulunmuyordum. Proje se\u00e7me konusundaki hassasiyetim reklamlar i\u00e7in de ge\u00e7erli. Baz\u0131 teklifler bana uygun olmad\u0131\u011f\u0131 i\u00e7in reddettim, ancak bu proje ilgimi \u00e7ekti,&#8221; \u015feklinde konu\u015ftu.<\/p>\n<p>\u015eener \u015een&#8217;in ard\u0131ndan s\u00f6z\u00fc alan \u0130brahim B\u00fcy\u00fckak ise, \u00fcnl\u00fc oyuncu ile \u00e7al\u0131\u015fman\u0131n kendisi i\u00e7in b\u00fcy\u00fck bir heyecan kayna\u011f\u0131 oldu\u011funu belirtti. &#8220;\u015eener abi ile oynamadan \u00f6nce, proje daha fikir a\u015famas\u0131ndayken bile \u00e7ok heyecanland\u0131m. Kendi yap\u0131mlar\u0131m ve di\u011fer i\u015fler sebebiyle bir\u00e7ok sette bulundum, ancak ilk kez bir sahnede ne yapaca\u011f\u0131m\u0131 bilemedi\u011fim anlar ya\u015fad\u0131m ve bu benim i\u00e7in farkl\u0131 bir tecr\u00fcbeydi,&#8221; ifadelerini kulland\u0131.<\/p>\n","protected":false},"excerpt":{"rendered":"<p>Usta oyuncu \u015eener \u015een ile ba\u015far\u0131l\u0131 isim \u0130brahim B\u00fcy\u00fckak, y\u00fcz\u00fc olduklar\u0131 markan\u0131n davetine kat\u0131ld\u0131. Usta oyuncu \u015eener \u015een ve \u0130brahim B\u00fcy\u00fckak aras\u0131nda renkli dakikalar ya\u015fand\u0131.\u00a0<\/p>\n","protected":false},"author":2,"featured_media":102713,"comment_status":"closed","ping_status":"closed","sticky":false,"template":"","format":"standard","meta":{"rank_math_lock_modified_date":false,"footnotes":""},"categories":[76],"tags":[3619,133,2218,3618],"class_list":["post-102710","post","type-post","status-publish","format-standard","has-post-thumbnail","hentry","category-magazin","tag-ibrahim-buyukak","tag-magazin","tag-magazin-haberleri","tag-sener-sen"],"_links":{"self":[{"href":"https:\/\/www.tgrthaber.com\/mavikadin\/wp-json\/wp\/v2\/posts\/102710"}],"collection":[{"href":"https:\/\/www.tgrthaber.com\/mavikadin\/wp-json\/wp\/v2\/posts"}],"about":[{"href":"https:\/\/www.tgrthaber.com\/mavikadin\/wp-json\/wp\/v2\/types\/post"}],"author":[{"embeddable":true,"href":"https:\/\/www.tgrthaber.com\/mavikadin\/wp-json\/wp\/v2\/users\/2"}],"replies":[{"embeddable":true,"href":"https:\/\/www.tgrthaber.com\/mavikadin\/wp-json\/wp\/v2\/comments?post=102710"}],"version-history":[{"count":4,"href":"https:\/\/www.tgrthaber.com\/mavikadin\/wp-json\/wp\/v2\/posts\/102710\/revisions"}],"predecessor-version":[{"id":102716,"href":"https:\/\/www.tgrthaber.com\/mavikadin\/wp-json\/wp\/v2\/posts\/102710\/revisions\/102716"}],"wp:featuredmedia":[{"embeddable":true,"href":"https:\/\/www.tgrthaber.com\/mavikadin\/wp-json\/wp\/v2\/media\/102713"}],"wp:attachment":[{"href":"https:\/\/www.tgrthaber.com\/mavikadin\/wp-json\/wp\/v2\/media?parent=102710"}],"wp:term":[{"taxonomy":"category","embeddable":true,"href":"https:\/\/www.tgrthaber.com\/mavikadin\/wp-json\/wp\/v2\/categories?post=102710"},{"taxonomy":"post_tag","embeddable":true,"href":"https:\/\/www.tgrthaber.com\/mavikadin\/wp-json\/wp\/v2\/tags?post=102710"}],"curies":[{"name":"wp","href":"https:\/\/api.w.org\/{rel}","templated":true}]}}