{"id":102733,"date":"2024-12-06T22:34:24","date_gmt":"2024-12-06T19:34:24","guid":{"rendered":"https:\/\/www.tgrthaber.com\/mavikadin\/?p=102733"},"modified":"2024-12-06T22:35:46","modified_gmt":"2024-12-06T19:35:46","slug":"inci-taneleri-dizisinde-kriz-cikti-izleyiciler-yapimcilari-yorum-yagmuruna-tuttu","status":"publish","type":"post","link":"https:\/\/www.tgrthaber.com\/mavikadin\/inci-taneleri-dizisinde-kriz-cikti-izleyiciler-yapimcilari-yorum-yagmuruna-tuttu\/","title":{"rendered":"\u0130nci Taneleri dizisinde kriz \u00e7\u0131kt\u0131! \u0130zleyiciler yap\u0131mc\u0131lar\u0131 yorum ya\u011fmuruna tuttu"},"content":{"rendered":"<p>Kanal D\u2019nin Per\u015fembe ak\u015famlar\u0131n\u0131n sevilen dizisi \u0130nci Taneleri, 25. b\u00f6l\u00fcm\u00fcn ard\u0131ndan b\u00fcy\u00fck bir krizle kar\u015f\u0131 kar\u015f\u0131ya kald\u0131. Dizinin s\u0131k\u0131 takip\u00e7ileri, yap\u0131mc\u0131lar\u0131n ald\u0131\u011f\u0131 kararlarla ilgili sosyal medyada tepki g\u00f6steren mesajlar yazd\u0131. \u0130zleyicilerin b\u00fcy\u00fck bir k\u0131sm\u0131, dizinin baz\u0131 sahneleri ve dizinin konusu ile ilgili isyan etti.<\/p>\n<p>\u0130nci Taneleri, ba\u015frollerinde Y\u0131lmaz Erdo\u011fan, Hazar Erg\u00fc\u00e7l\u00fc, Selma Erge\u00e7, Kubilay Aka, G\u00fcven K\u0131ra\u00e7 ve Yasemin Ba\u015ftan gibi \u00fcnl\u00fc oyuncular\u0131 bar\u0131nd\u0131ran etkileyici kadrosuyla dikkat \u00e7ekerken, dizinin senaryosundaki baz\u0131 de\u011fi\u015fiklikler izleyicilerin ho\u015funa gitmedi. \u00d6zellikle, dizideki pavyon sahneleri ve bu sahneler \u00fczerinden geli\u015fen olaylar izleyicilerin tepki g\u00f6stermesine neden oldu.<\/p>\n<h3>\u0130NC\u0130 TANELER\u0130 D\u0130Z\u0130S\u0130NDE PAVYON SAHNELER\u0130NE ELE\u015eT\u0130R\u0130 YA\u011eDI<\/h3>\n<p>Pavyon sahnelerinin, reytingleri olumsuz etkiledi\u011fini d\u00fc\u015f\u00fcnen baz\u0131 izleyiciler, yap\u0131mc\u0131lara \u00e7a\u011fr\u0131da bulunarak bu sahnelerin \u00e7\u0131kar\u0131lmas\u0131n\u0131 istediler. Bir\u00e7ok izleyici, sosyal medyada \u201cDilber ve Zahir ile pavyon ve dans konusunu bitirin, yeter art\u0131k!\u201d yorumlar\u0131 yaparak dizinin hikayesine ele\u015ftiri ya\u011fd\u0131rd\u0131.<\/p>\n<p><img loading=\"lazy\" decoding=\"async\" class=\"alignnone wp-image-102739\" src=\"https:\/\/www.tgrthaber.com\/mavikadin\/wp-content\/uploads\/inci-taneleri-1-1-1024x618.jpg\" alt=\"\" width=\"1115\" height=\"673\" title=\"\" srcset=\"https:\/\/www.tgrthaber.com\/mavikadin\/wp-content\/uploads\/inci-taneleri-1-1-1024x618.jpg 1024w, https:\/\/www.tgrthaber.com\/mavikadin\/wp-content\/uploads\/inci-taneleri-1-1-300x181.jpg 300w, https:\/\/www.tgrthaber.com\/mavikadin\/wp-content\/uploads\/inci-taneleri-1-1-768x463.jpg 768w, https:\/\/www.tgrthaber.com\/mavikadin\/wp-content\/uploads\/inci-taneleri-1-1.jpg 1059w\" sizes=\"(max-width: 1115px) 100vw, 1115px\" \/><\/p>\n<p>Dizinin en \u00e7ok tart\u0131\u015f\u0131lan konular\u0131ndan biri de, Nehir ve Azem aras\u0131ndaki ili\u015fkinin nas\u0131l devam edece\u011fiydi. \u0130nci Taneleri&#8217;nde Pavyon sahnelerinin \u00e7\u0131kar\u0131l\u0131p \u00e7\u0131kar\u0131lmayaca\u011f\u0131, \u015fimdiden izleyicilerin en \u00e7ok konu\u015ftu\u011fu ve sorgulad\u0131\u011f\u0131 konulardan biri oldu.<\/p>\n<p>\u0130nci Taneleri dizisinin yeni b\u00f6l\u00fcm\u00fc 26. b\u00f6l\u00fcmle 7 Aral\u0131k Per\u015fembe ak\u015fam\u0131 saat 20.00\u2019de Kanal D ekranlar\u0131nda izleyicileriyle bulu\u015facak.<\/p>\n<p><img loading=\"lazy\" decoding=\"async\" class=\"alignnone wp-image-102737\" src=\"https:\/\/www.tgrthaber.com\/mavikadin\/wp-content\/uploads\/Ekran-goruntusu-2024-12-05-194656-1.png\" alt=\"\" width=\"1106\" height=\"683\" title=\"\" srcset=\"https:\/\/www.tgrthaber.com\/mavikadin\/wp-content\/uploads\/Ekran-goruntusu-2024-12-05-194656-1.png 842w, https:\/\/www.tgrthaber.com\/mavikadin\/wp-content\/uploads\/Ekran-goruntusu-2024-12-05-194656-1-300x185.png 300w, https:\/\/www.tgrthaber.com\/mavikadin\/wp-content\/uploads\/Ekran-goruntusu-2024-12-05-194656-1-768x474.png 768w\" sizes=\"(max-width: 1106px) 100vw, 1106px\" \/><\/p>\n<h3>\u0130NC\u0130 TANELER\u0130 ZAH\u0130R K\u0130MD\u0130R?<\/h3>\n<p>Zahir, \u0130nci Taneleri dizisinde Hazar Erg\u00fc\u00e7l\u00fc\u2019n\u00fcn hayat verdi\u011fi Dilber karakterinin kocas\u0131 olarak kar\u015f\u0131m\u0131za \u00e7\u0131k\u0131yor. Zahir, a\u015fk\u0131 ve tak\u0131nt\u0131lar\u0131 y\u00fcz\u00fcnden Dilber\u2019in hayat\u0131n\u0131 cehenneme \u00e7eviren karma\u015f\u0131k ve derinlikli bir karakter. Dilber\u2019in kurtulmaya \u00e7al\u0131\u015ft\u0131\u011f\u0131 ancak s\u00fcrekli kar\u015f\u0131s\u0131na \u00e7\u0131kan Zahir, bu hafta yay\u0131nlanacak b\u00f6l\u00fcmde olaylar\u0131n merkezinde olacak.<\/p>\n<p><img loading=\"lazy\" decoding=\"async\" class=\"alignnone wp-image-102738\" src=\"https:\/\/www.tgrthaber.com\/mavikadin\/wp-content\/uploads\/Ekran-goruntusu-2024-12-05-194718-1.png\" alt=\"\" width=\"1104\" height=\"672\" title=\"\" srcset=\"https:\/\/www.tgrthaber.com\/mavikadin\/wp-content\/uploads\/Ekran-goruntusu-2024-12-05-194718-1.png 818w, https:\/\/www.tgrthaber.com\/mavikadin\/wp-content\/uploads\/Ekran-goruntusu-2024-12-05-194718-1-300x183.png 300w, https:\/\/www.tgrthaber.com\/mavikadin\/wp-content\/uploads\/Ekran-goruntusu-2024-12-05-194718-1-768x468.png 768w\" sizes=\"(max-width: 1104px) 100vw, 1104px\" \/><\/p>\n<h3>MUSTAFA YILDIRAN\u2019IN HAYATI VE KAR\u0130YER\u0130<\/h3>\n<p>1980 y\u0131l\u0131nda Denizli\u2019de d\u00fcnyaya gelen Mustafa Y\u0131ld\u0131ran, tiyatro ve ekran projelerinde g\u00f6sterdi\u011fi ba\u015far\u0131l\u0131 performanslarla tan\u0131n\u0131yor. Dokuz Eyl\u00fcl \u00dcniversitesi G\u00fczel Sanatlar Fak\u00fcltesi Oyunculuk B\u00f6l\u00fcm\u00fc mezunu olan Y\u0131ld\u0131ran, kariyerine \u0130stanbul Devlet Tiyatrolar\u0131\u2019nda ba\u015flad\u0131 ve bir\u00e7ok \u00f6nemli projede yer ald\u0131.<\/p>\n<p><img loading=\"lazy\" decoding=\"async\" class=\"alignnone wp-image-102741\" src=\"https:\/\/www.tgrthaber.com\/mavikadin\/wp-content\/uploads\/Ekran-goruntusu-2024-12-06-223201.png\" alt=\"\" width=\"1103\" height=\"655\" title=\"\" srcset=\"https:\/\/www.tgrthaber.com\/mavikadin\/wp-content\/uploads\/Ekran-goruntusu-2024-12-06-223201.png 835w, https:\/\/www.tgrthaber.com\/mavikadin\/wp-content\/uploads\/Ekran-goruntusu-2024-12-06-223201-300x178.png 300w, https:\/\/www.tgrthaber.com\/mavikadin\/wp-content\/uploads\/Ekran-goruntusu-2024-12-06-223201-768x456.png 768w\" sizes=\"(max-width: 1103px) 100vw, 1103px\" \/><\/p>\n<h3>MUSTAFA YILDIRAN\u2019IN OYNADI\u011eI D\u0130Z\u0130LER<\/h3>\n<p>Mustafa Y\u0131ld\u0131ran\u2019\u0131n yer ald\u0131\u011f\u0131 diziler:<\/p>\n<ul>\n<li>Babalar Duyar<\/li>\n<li>Avrupa Yakas\u0131<\/li>\n<li>Filinta (2016)<\/li>\n<li>\u0130\u00e7erde (2016)<\/li>\n<li>S\u00f6z (2017-2018)<\/li>\n<li>Azize (2019)<\/li>\n<li>Ramo (2020)<\/li>\n<\/ul>\n<p><img loading=\"lazy\" decoding=\"async\" class=\"alignnone wp-image-102742\" src=\"https:\/\/www.tgrthaber.com\/mavikadin\/wp-content\/uploads\/Ekran-goruntusu-2024-12-06-223341.png\" alt=\"\" width=\"1119\" height=\"628\" title=\"\" srcset=\"https:\/\/www.tgrthaber.com\/mavikadin\/wp-content\/uploads\/Ekran-goruntusu-2024-12-06-223341.png 830w, https:\/\/www.tgrthaber.com\/mavikadin\/wp-content\/uploads\/Ekran-goruntusu-2024-12-06-223341-300x168.png 300w, https:\/\/www.tgrthaber.com\/mavikadin\/wp-content\/uploads\/Ekran-goruntusu-2024-12-06-223341-768x431.png 768w\" sizes=\"(max-width: 1119px) 100vw, 1119px\" \/><\/p>\n<h3>\u0130NC\u0130 TANELER\u0130 OYUNCU KADROSU<\/h3>\n<p>Dizi, zengin oyuncu kadrosuyla dikkat \u00e7ekiyor. Kadroda Mustafa Y\u0131ld\u0131ran\u2019\u0131n yan\u0131 s\u0131ra \u015fu isimler yer al\u0131yor:<\/p>\n<ul>\n<li>Hazar Erg\u00fc\u00e7l\u00fc (Dilber)<\/li>\n<li>Y\u0131lmaz Erdo\u011fan (Azem)<\/li>\n<li>Selma Erge\u00e7<\/li>\n<li>Kubilay Aka<\/li>\n<li>R\u0131za Kocao\u011flu<\/li>\n<li>Sera Kutlubey<\/li>\n<li>G\u00fcven K\u0131ra\u00e7<\/li>\n<li>Yasemin Ba\u015ftan<\/li>\n<li>Bora Cengiz<\/li>\n<li>G\u00fclenay Kalkan<\/li>\n<\/ul>\n","protected":false},"excerpt":{"rendered":"<p>Kanal D\u2019nin pop\u00fcler dizisi \u0130nci Taneleri 25. b\u00f6l\u00fcm\u00fcn ard\u0131ndan izleyicilerin yo\u011fun tepkisine maruz kald\u0131. \u00d6zellikle \u0130nci Taneleri&#8217;ndeki pavyon sahneleri ve senaryodaki de\u011fi\u015fiklikler, izleyiciler aras\u0131nda b\u00fcy\u00fck bir tart\u0131\u015fma ba\u015flatt\u0131. <\/p>\n","protected":false},"author":4,"featured_media":102740,"comment_status":"closed","ping_status":"closed","sticky":false,"template":"","format":"standard","meta":{"rank_math_lock_modified_date":false,"footnotes":""},"categories":[602],"tags":[543,3034,3549],"class_list":["post-102733","post","type-post","status-publish","format-standard","has-post-thumbnail","hentry","category-diziler","tag-dilber","tag-inci-taneleri","tag-inci-taneleri-zahir"],"_links":{"self":[{"href":"https:\/\/www.tgrthaber.com\/mavikadin\/wp-json\/wp\/v2\/posts\/102733"}],"collection":[{"href":"https:\/\/www.tgrthaber.com\/mavikadin\/wp-json\/wp\/v2\/posts"}],"about":[{"href":"https:\/\/www.tgrthaber.com\/mavikadin\/wp-json\/wp\/v2\/types\/post"}],"author":[{"embeddable":true,"href":"https:\/\/www.tgrthaber.com\/mavikadin\/wp-json\/wp\/v2\/users\/4"}],"replies":[{"embeddable":true,"href":"https:\/\/www.tgrthaber.com\/mavikadin\/wp-json\/wp\/v2\/comments?post=102733"}],"version-history":[{"count":2,"href":"https:\/\/www.tgrthaber.com\/mavikadin\/wp-json\/wp\/v2\/posts\/102733\/revisions"}],"predecessor-version":[{"id":102744,"href":"https:\/\/www.tgrthaber.com\/mavikadin\/wp-json\/wp\/v2\/posts\/102733\/revisions\/102744"}],"wp:featuredmedia":[{"embeddable":true,"href":"https:\/\/www.tgrthaber.com\/mavikadin\/wp-json\/wp\/v2\/media\/102740"}],"wp:attachment":[{"href":"https:\/\/www.tgrthaber.com\/mavikadin\/wp-json\/wp\/v2\/media?parent=102733"}],"wp:term":[{"taxonomy":"category","embeddable":true,"href":"https:\/\/www.tgrthaber.com\/mavikadin\/wp-json\/wp\/v2\/categories?post=102733"},{"taxonomy":"post_tag","embeddable":true,"href":"https:\/\/www.tgrthaber.com\/mavikadin\/wp-json\/wp\/v2\/tags?post=102733"}],"curies":[{"name":"wp","href":"https:\/\/api.w.org\/{rel}","templated":true}]}}