{"id":102911,"date":"2024-12-07T13:38:02","date_gmt":"2024-12-07T10:38:02","guid":{"rendered":"https:\/\/www.tgrthaber.com\/mavikadin\/?p=102911"},"modified":"2024-12-07T13:38:02","modified_gmt":"2024-12-07T10:38:02","slug":"wanda-nara-l-ganteye-askini-ilan-etti-katildigi-davette-ilgi-odagi-oldu","status":"publish","type":"post","link":"https:\/\/www.tgrthaber.com\/mavikadin\/wanda-nara-l-ganteye-askini-ilan-etti-katildigi-davette-ilgi-odagi-oldu\/","title":{"rendered":"Wanda Nara L &#8211; Gante\u2019ye a\u015fk\u0131n\u0131 ilan etti! Kat\u0131ld\u0131\u011f\u0131 davette ilgi oda\u011f\u0131 oldu"},"content":{"rendered":"<p>Wanda Nara L &#8211; Gante\u2019ye a\u015fk\u0131n\u0131 resmen ilan etti.\u00a0 L \u2013 Gante ile Wanda Nara kat\u0131ld\u0131klar\u0131 bir davette samimi halleriyle dikkatleri \u00fczerine \u00e7ekmeyi ba\u015fard\u0131.<\/p>\n<h3>WANDA NARA L \u2013 GANTE\u2019YE A\u015eKINI \u0130LAN ETT\u0130!<\/h3>\n<p>Galatasaray\u2019\u0131n y\u0131ld\u0131z futbolcusu Mauro Icardi\u2019den ayr\u0131lma karar\u0131 alan model ve sunucu Wanda Nara kendisinden 13 ya\u015f k\u00fc\u00e7\u00fck sevgilisi L- Gante ile etkinli\u011fe kat\u0131ld\u0131.<\/p>\n<p>Nara&#8217;n\u0131n bu pozuna Icardi&#8217;nin nas\u0131l tepki verece\u011fi merak konusu oldu.<\/p>\n<div style=\"width: 640px;\" class=\"wp-video\"><!--[if lt IE 9]><script>document.createElement('video');<\/script><![endif]-->\n<video class=\"wp-video-shortcode\" id=\"video-102911-1\" width=\"640\" height=\"640\" preload=\"metadata\" controls=\"controls\"><source type=\"video\/mp4\" src=\"https:\/\/www.tgrthaber.com\/mavikadin\/wp-content\/uploads\/Wanda-Nara.mp4?_=1\" \/><a href=\"https:\/\/www.tgrthaber.com\/mavikadin\/wp-content\/uploads\/Wanda-Nara.mp4\">https:\/\/www.tgrthaber.com\/mavikadin\/wp-content\/uploads\/Wanda-Nara.mp4<\/a><\/video><\/div>\n<h3>BE\u011eEN\u0130LER PE\u015e PE\u015eE GELD\u0130<\/h3>\n<p>\u0130kilinin samimi pozlar\u0131 sosyal medyada g\u00fcndem olurken binlerce be\u011feni de pe\u015f pe\u015fe geldi.<\/p>\n<p>37 ya\u015f\u0131ndaki Arjantinli Wanda Nara \u015fu s\u0131ralar Mauro Icardi ile bo\u015fanma a\u015famas\u0131nda. Att\u0131\u011f\u0131 her ad\u0131m\u0131 g\u00fcndem olan \u00fcnl\u00fc isim bu kez yeni sevgilisiyle verdi\u011fi pozlarla g\u00fcndem oldu.<\/p>\n<h3>MAKYAJSIZ HAL\u0130 G\u00dcNDEM OLDU<\/h3>\n<p>Icardi\u2019nin evinde makyajs\u0131z ve filtresiz hali g\u00fcnlerce konu\u015fulan Wanda Nara sosyal medyada olumsuz yorumlar alm\u0131\u015ft\u0131.<\/p>\n<p>Bo\u015fanma karar\u0131 alan \u00e7iftten Nara iddiaya g\u00f6re Icardi&#8217;nin 77 milyon euroluk servetinin yar\u0131s\u0131n\u0131, yani 38.5 milyon euroyu nafaka olarak istedi.<\/p>\n<p><img loading=\"lazy\" decoding=\"async\" class=\"alignnone size-large wp-image-102913\" src=\"https:\/\/www.tgrthaber.com\/mavikadin\/wp-content\/uploads\/Wanda-Nara-Mauro-Icardi-1-1024x651.webp\" alt=\"\" width=\"640\" height=\"407\" title=\"\" srcset=\"https:\/\/www.tgrthaber.com\/mavikadin\/wp-content\/uploads\/Wanda-Nara-Mauro-Icardi-1-1024x651.webp 1024w, https:\/\/www.tgrthaber.com\/mavikadin\/wp-content\/uploads\/Wanda-Nara-Mauro-Icardi-1-300x191.webp 300w, https:\/\/www.tgrthaber.com\/mavikadin\/wp-content\/uploads\/Wanda-Nara-Mauro-Icardi-1-768x488.webp 768w, https:\/\/www.tgrthaber.com\/mavikadin\/wp-content\/uploads\/Wanda-Nara-Mauro-Icardi-1.webp 1052w\" sizes=\"(max-width: 640px) 100vw, 640px\" \/><\/p>\n<h3>SA\u00c7LARINI SARIYA BOYATTI<\/h3>\n<p>Son olarak dikkat \u00e7ekmek i\u00e7in sa\u00e7lar\u0131nda de\u011fi\u015fikli\u011fe giden Wanda Nara koyu sa\u00e7 renginden sar\u0131 sa\u00e7 rengine d\u00f6n\u00fc\u015f yapt\u0131.<\/p>\n<p>Sa\u00e7lar\u0131n\u0131 yeniden sar\u0131ya d\u00f6nd\u00fcren Nara\u2019ya sevgilisi \u00a0L-Gante yorum yapm\u0131\u015ft\u0131. Rap\u00e7i L-Gante sevgilisi Nara&#8217;n\u0131n yeni imaj\u0131n\u0131n yer ald\u0131\u011f\u0131 foto\u011frafa kalp emojisi koymu\u015ftu.<\/p>\n<p data-t=\"{&quot;n&quot;:&quot;blueLinks&quot;}\">Nara&#8217;n\u0131n yeni halini g\u00f6ren Mauro Icardi hayranlar\u0131 o karelere &#8221;Ger\u00e7ek halini de g\u00f6rd\u00fck&#8221;, &#8221;Photoshop yapmay\u0131 unutmu\u015fsun&#8221;, &#8221;Ger\u00e7ek foto\u011fraf\u0131 kimse unutmuyor&#8221;, &#8221;Filtre kullanmay\u0131 m\u0131 unuttun?&#8221; \u015feklinde yorumlar yapm\u0131\u015ft\u0131.<\/p>\n<p data-t=\"{&quot;n&quot;:&quot;blueLinks&quot;}\"><img loading=\"lazy\" decoding=\"async\" class=\"alignnone size-large wp-image-99055\" src=\"https:\/\/www.tgrthaber.com\/mavikadin\/wp-content\/uploads\/WANDA-NARA-1024x576.jpg\" alt=\"\" width=\"640\" height=\"360\" title=\"\" srcset=\"https:\/\/www.tgrthaber.com\/mavikadin\/wp-content\/uploads\/WANDA-NARA-1024x576.jpg 1024w, https:\/\/www.tgrthaber.com\/mavikadin\/wp-content\/uploads\/WANDA-NARA-300x169.jpg 300w, https:\/\/www.tgrthaber.com\/mavikadin\/wp-content\/uploads\/WANDA-NARA-768x432.jpg 768w, https:\/\/www.tgrthaber.com\/mavikadin\/wp-content\/uploads\/WANDA-NARA-1536x864.jpg 1536w, https:\/\/www.tgrthaber.com\/mavikadin\/wp-content\/uploads\/WANDA-NARA.jpg 1600w\" sizes=\"(max-width: 640px) 100vw, 640px\" \/><\/p>\n<h3 data-t=\"{&quot;n&quot;:&quot;blueLinks&quot;}\">TAK\u0130P\u00c7\u0130LER\u0130N\u0130N D\u0130L\u0130NDEN KURTULAMADI<\/h3>\n<p>Wanda Nara\u2019n\u0131n foto\u011fraflar\u0131na s\u00fcrekli photoshop yapmas\u0131 ele\u015ftirilmi\u015fti.<\/p>\n<p data-t=\"{&quot;n&quot;:&quot;blueLinks&quot;}\">Son pozlar\u0131 da ele\u015ftirilerin oda\u011f\u0131 olan Wanda Nara\u2019ya sosyal medyada baz\u0131 kullan\u0131c\u0131lar &#8216;Tanr\u0131 a\u015fk\u0131na bana foto\u011fraf edit\u00f6r\u00fcn\u00fc ver&#8217;, &#8216;Photoshop yapt\u0131\u011f\u0131n\u0131 biliyoruz&#8217;, &#8216;Wanda&#8217;n\u0131n ciddi bir sorunu var, Brezilya&#8217;da \u015fark\u0131c\u0131 oldu\u011funu d\u00fc\u015f\u00fcnd\u00fc\u011f\u00fc zaman\u0131 hat\u0131rl\u0131yor musunuz? Sonra Georgina&#8217;ya inand\u0131 ve \u015fimdi de m\u00fctevaz\u0131 bir do\u011fum g\u00fcn\u00fc m\u00fc yap\u0131yor? Ciddi kimlik sorunlar\u0131 var.&#8217; \u015feklinde yorumlar yazm\u0131\u015ft\u0131.<\/p>\n","protected":false},"excerpt":{"rendered":"<p>Mauro Icardi ile bo\u015fanma a\u015famas\u0131nda olan Wanda Nara L &#8211; Gante\u2019ye a\u015fk\u0131n\u0131 ilan etti. Magazin g\u00fcndeminden d\u00fc\u015fmeyen \u00e7ift kat\u0131ld\u0131klar\u0131 bir davette ilgi oda\u011f\u0131 oldu.<\/p>\n","protected":false},"author":5,"featured_media":102914,"comment_status":"closed","ping_status":"closed","sticky":false,"template":"","format":"standard","meta":{"rank_math_lock_modified_date":false,"footnotes":""},"categories":[76],"tags":[2241,2222],"class_list":["post-102911","post","type-post","status-publish","format-standard","has-post-thumbnail","hentry","category-magazin","tag-mauro-icardi","tag-wanda-nara"],"_links":{"self":[{"href":"https:\/\/www.tgrthaber.com\/mavikadin\/wp-json\/wp\/v2\/posts\/102911"}],"collection":[{"href":"https:\/\/www.tgrthaber.com\/mavikadin\/wp-json\/wp\/v2\/posts"}],"about":[{"href":"https:\/\/www.tgrthaber.com\/mavikadin\/wp-json\/wp\/v2\/types\/post"}],"author":[{"embeddable":true,"href":"https:\/\/www.tgrthaber.com\/mavikadin\/wp-json\/wp\/v2\/users\/5"}],"replies":[{"embeddable":true,"href":"https:\/\/www.tgrthaber.com\/mavikadin\/wp-json\/wp\/v2\/comments?post=102911"}],"version-history":[{"count":1,"href":"https:\/\/www.tgrthaber.com\/mavikadin\/wp-json\/wp\/v2\/posts\/102911\/revisions"}],"predecessor-version":[{"id":102915,"href":"https:\/\/www.tgrthaber.com\/mavikadin\/wp-json\/wp\/v2\/posts\/102911\/revisions\/102915"}],"wp:featuredmedia":[{"embeddable":true,"href":"https:\/\/www.tgrthaber.com\/mavikadin\/wp-json\/wp\/v2\/media\/102914"}],"wp:attachment":[{"href":"https:\/\/www.tgrthaber.com\/mavikadin\/wp-json\/wp\/v2\/media?parent=102911"}],"wp:term":[{"taxonomy":"category","embeddable":true,"href":"https:\/\/www.tgrthaber.com\/mavikadin\/wp-json\/wp\/v2\/categories?post=102911"},{"taxonomy":"post_tag","embeddable":true,"href":"https:\/\/www.tgrthaber.com\/mavikadin\/wp-json\/wp\/v2\/tags?post=102911"}],"curies":[{"name":"wp","href":"https:\/\/api.w.org\/{rel}","templated":true}]}}