{"id":102980,"date":"2024-12-07T18:28:45","date_gmt":"2024-12-07T15:28:45","guid":{"rendered":"https:\/\/www.tgrthaber.com\/mavikadin\/?p=102980"},"modified":"2024-12-07T18:29:49","modified_gmt":"2024-12-07T15:29:49","slug":"hulya-avsarin-cezaevi-sorusu-deniz-sekiyi-cileden-cikartti","status":"publish","type":"post","link":"https:\/\/www.tgrthaber.com\/mavikadin\/hulya-avsarin-cezaevi-sorusu-deniz-sekiyi-cileden-cikartti\/","title":{"rendered":"H\u00fclya Av\u015far&#8217;\u0131n cezaevi sorusu Deniz Seki&#8217;yi \u00e7ileden \u00e7\u0131kartt\u0131!"},"content":{"rendered":"<p class=\"p2\">H\u00fclya Av\u015far\u2019\u0131n program\u0131na kat\u0131lan Deniz Seki, g\u00fcndeme damga vuran anlarla dikkat \u00e7ekti. Program boyunca Av\u015far\u2019\u0131n cezaevi g\u00fcnleriyle ilgili \u0131srarl\u0131 sorular\u0131, \u00fcnl\u00fc sanat\u00e7\u0131y\u0131 bir hayli rahats\u0131z etti. Seki, bu konuya dair konu\u015fmak istemedi\u011fini defalarca dile getirse de, y\u00f6neltilen sorular\u0131n ard\u0131 arkas\u0131 kesilmedi. Gerginli\u011fi y\u00fcz\u00fcnden okunan Deniz Seki, &#8220;Bu konuda art\u0131k konu\u015fmay\u0131 tercih etmiyorum, l\u00fctfen konuyu de\u011fi\u015ftirelim&#8221; diyerek tepkisini dile getirdi. Ancak, program\u0131n ilerleyen dakikalar\u0131nda tansiyon d\u00fc\u015fmek yerine daha da y\u00fckseldi. Seki\u2019nin bu zor anlar\u0131 izleyiciler taraf\u0131ndan da fark edilirken, sosyal medyada olay b\u00fcy\u00fck yank\u0131 uyand\u0131rd\u0131.<\/p>\n<h3>H\u00dcLYA AV\u015eAR&#8217;IN CEZAEV\u0130 SORUSU DEN\u0130Z SEK\u0130&#8217;Y\u0130 S\u0130N\u0130RLEND\u0130RD\u0130<\/h3>\n<p>T\u00fcrk m\u00fczi\u011finin sevilen sesi Deniz Seki, H\u00fclya Av\u015far\u2019\u0131n sundu\u011fu programa konuk oldu ancak programda beklenmedik bir gerilim ya\u015fand\u0131. \u015eark\u0131lar\u0131yla milyonlar\u0131n kalbine dokunan Seki, Av\u015far\u2019\u0131n cezaevi g\u00fcnleriyle ilgili sorular\u0131yla kar\u015f\u0131 kar\u015f\u0131ya kald\u0131. S\u0131k s\u0131k ge\u00e7mi\u015fine dair konu\u015fmay\u0131 tercih etmedi\u011fini dile getiren Seki, buna ra\u011fmen konunun tekrar tekrar g\u00fcndeme getirilmesiyle rahats\u0131zl\u0131\u011f\u0131n\u0131 gizleyemedi. \u00d6zellikle hassas bir konuyu yeniden masaya yat\u0131rma \u00e7abas\u0131, \u00fcnl\u00fc sanat\u00e7\u0131y\u0131 bir hayli zor durumda b\u0131rakt\u0131.<\/p>\n<p><img loading=\"lazy\" decoding=\"async\" class=\"alignnone wp-image-102981 size-large\" src=\"https:\/\/www.tgrthaber.com\/mavikadin\/wp-content\/uploads\/Ekran-Resmi-2024-12-07-18.22.23-1024x601.png\" alt=\"h\u00fclya av\u015far \" width=\"1024\" height=\"601\" title=\"\" srcset=\"https:\/\/www.tgrthaber.com\/mavikadin\/wp-content\/uploads\/Ekran-Resmi-2024-12-07-18.22.23-1024x601.png 1024w, https:\/\/www.tgrthaber.com\/mavikadin\/wp-content\/uploads\/Ekran-Resmi-2024-12-07-18.22.23-300x176.png 300w, https:\/\/www.tgrthaber.com\/mavikadin\/wp-content\/uploads\/Ekran-Resmi-2024-12-07-18.22.23-768x451.png 768w, https:\/\/www.tgrthaber.com\/mavikadin\/wp-content\/uploads\/Ekran-Resmi-2024-12-07-18.22.23.png 1420w\" sizes=\"(max-width: 1024px) 100vw, 1024px\" \/><\/p>\n<p class=\"p2\">Soru ya\u011fmuruna maruz kalan Deniz Seki, &#8220;L\u00fctfen bu konuyu art\u0131k konu\u015fmayal\u0131m, oras\u0131 geride kald\u0131&#8221; diyerek net bir tav\u0131r sergiledi. Ancak Av\u015far\u2019\u0131n \u0131srarc\u0131 yakla\u015f\u0131m\u0131, program\u0131n tansiyonunu y\u00fckseltti. Seki\u2019nin tepkisini nazik bir \u015fekilde dile getirmesine ra\u011fmen y\u00fcz\u00fcndeki gerginlik ve huzursuzluk g\u00f6zlerden ka\u00e7mad\u0131. \u0130zleyiciler, Seki\u2019nin hakl\u0131 hassasiyetine destek verirken program\u0131n bu \u015fekilde ilerlemesi sosyal medyada da geni\u015f yank\u0131 buldu.<\/p>\n<h3 class=\"p4\"><b>&#8220;ORALARI A\u00c7MAYACA\u011eIM&#8221;\u00a0<\/b><\/h3>\n<p class=\"p2\">H\u00fclya Av\u015far\u2019\u0131n program\u0131nda gergin anlar ya\u015fan\u0131rken, Deniz Seki sorular kar\u015f\u0131s\u0131nda net bir tav\u0131r sergiledi. Av\u015far\u2019\u0131n \u201cAma \u015funu \u00f6\u011frenmek istiyorum\u201d diyerek cezaevi s\u00fcrecine dair merak\u0131n\u0131 dile getirdi\u011fi anda Seki, araya girerek &#8220;Oralar\u0131 a\u00e7mayal\u0131m ne olur&#8221; \u015feklinde tepki g\u00f6sterdi. Av\u015far\u2019\u0131n, \u201cOralar\u0131 a\u00e7mayaca\u011f\u0131m ama&#8230;\u201d demesiyle Seki\u2019nin gerginli\u011fi iyice artt\u0131. \u00dcnl\u00fc sanat\u00e7\u0131, &#8220;Deyip deyip ayn\u0131 yere geliyorsun,&#8221; diyerek rahats\u0131zl\u0131\u011f\u0131n\u0131 a\u00e7\u0131k bir \u015fekilde ifade etti.<\/p>\n<p><img loading=\"lazy\" decoding=\"async\" class=\"alignnone wp-image-102982 size-large\" src=\"https:\/\/www.tgrthaber.com\/mavikadin\/wp-content\/uploads\/Ekran-Resmi-2024-12-07-18.22.31-1024x617.png\" alt=\"deniz seki \" width=\"1024\" height=\"617\" title=\"\" srcset=\"https:\/\/www.tgrthaber.com\/mavikadin\/wp-content\/uploads\/Ekran-Resmi-2024-12-07-18.22.31-1024x617.png 1024w, https:\/\/www.tgrthaber.com\/mavikadin\/wp-content\/uploads\/Ekran-Resmi-2024-12-07-18.22.31-300x181.png 300w, https:\/\/www.tgrthaber.com\/mavikadin\/wp-content\/uploads\/Ekran-Resmi-2024-12-07-18.22.31-768x463.png 768w, https:\/\/www.tgrthaber.com\/mavikadin\/wp-content\/uploads\/Ekran-Resmi-2024-12-07-18.22.31.png 1440w\" sizes=\"(max-width: 1024px) 100vw, 1024px\" \/><\/p>\n<p class=\"p2\">Av\u015far, \u0131srarla sorular\u0131na devam ederek \u201c\u0130lk girdi\u011fin g\u00fcn ne hissettin? Bu \u00e7ok zor bir \u015fey gibi geliyor bana\u201d dedi\u011finde, Seki duygusal bir yan\u0131t verdi: \u201c\u00d6ld\u00fcm dedim ya, bitti yani. Ama yeniden dirildim. Ben asl\u0131nda ya\u015farken \u00f6ld\u00fcm ama dirildim.\u201d Ya\u015fad\u0131\u011f\u0131 zorlu s\u00fcre\u00e7leri kitaplar\u0131nda ve \u015fark\u0131lar\u0131nda anlatt\u0131\u011f\u0131n\u0131 belirten Deniz Seki, bu konuyu bir kez daha g\u00fcndeme getirmek istemedi\u011fini ifade ederek ge\u00e7mi\u015fini geride b\u0131rakmaya \u00e7al\u0131\u015ft\u0131\u011f\u0131n\u0131 dile getirdi.<\/p>\n<h3 class=\"p2\">DEN\u0130Z SEK\u0130 NEDEN HAP\u0130SE G\u0130RM\u0130\u015eT\u0130?<\/h3>\n<p class=\"p2\">Deniz Seki, 2009 y\u0131l\u0131nda d\u00fczenlenen bir uyu\u015fturucu operasyonu kapsam\u0131nda g\u00f6zalt\u0131na al\u0131nd\u0131 ve 2010 y\u0131l\u0131nda tutukland\u0131. O d\u00f6nem kamuoyunda geni\u015f yank\u0131 uyand\u0131ran bu s\u00fcre\u00e7te, 2 Kas\u0131m 2010 tarihinde g\u00f6r\u00fclen ilk duru\u015fmas\u0131nda tahliye edilerek \u00f6zg\u00fcrl\u00fc\u011f\u00fcne kavu\u015ftu. Ancak ya\u015fananlar burada sona ermedi. Mahkeme s\u00fcrecinin devam\u0131nda, Seki hakk\u0131nda yeniden bir yakalama karar\u0131 \u00e7\u0131kar\u0131ld\u0131. \u00dcnl\u00fc sanat\u00e7\u0131, 5 Kas\u0131m 2014 tarihinde tekrar g\u00f6zalt\u0131na al\u0131nd\u0131 ve cezaevine g\u00f6nderildi.<\/p>\n<p><img loading=\"lazy\" decoding=\"async\" class=\"alignnone wp-image-102983 size-large\" src=\"https:\/\/www.tgrthaber.com\/mavikadin\/wp-content\/uploads\/Ekran-Resmi-2024-12-07-18.23.59-1024x522.png\" alt=\"deniz seki \" width=\"1024\" height=\"522\" title=\"\" srcset=\"https:\/\/www.tgrthaber.com\/mavikadin\/wp-content\/uploads\/Ekran-Resmi-2024-12-07-18.23.59-1024x522.png 1024w, https:\/\/www.tgrthaber.com\/mavikadin\/wp-content\/uploads\/Ekran-Resmi-2024-12-07-18.23.59-300x153.png 300w, https:\/\/www.tgrthaber.com\/mavikadin\/wp-content\/uploads\/Ekran-Resmi-2024-12-07-18.23.59-768x391.png 768w, https:\/\/www.tgrthaber.com\/mavikadin\/wp-content\/uploads\/Ekran-Resmi-2024-12-07-18.23.59.png 1394w\" sizes=\"(max-width: 1024px) 100vw, 1024px\" \/><\/p>\n<p class=\"p2\">Sanat d\u00fcnyas\u0131nda b\u00fcy\u00fck bir destek g\u00f6ren Deniz Seki, ya\u015fad\u0131\u011f\u0131 bu zor g\u00fcnlerin ard\u0131ndan 2017 y\u0131l\u0131nda tahliye edildi. Tahliye sonras\u0131 hayranlar\u0131na ve sevdiklerine kavu\u015fan Seki, kariyerine odaklanarak hayat\u0131nda yeni bir sayfa a\u00e7maya \u00e7al\u0131\u015ft\u0131. Bu s\u00fcre\u00e7, onun hem ki\u015fisel hem de profesyonel ya\u015fam\u0131nda derin izler b\u0131rakt\u0131.<\/p>\n","protected":false},"excerpt":{"rendered":"<p>St\u00fcdyoda gerilim dolu anlar! H\u00fclya Av\u015far\u2019\u0131n program\u0131nda konuk olan Deniz Seki, ge\u00e7mi\u015fe dair sorularla zor anlar ya\u015fad\u0131. H\u00fclya Av\u015far\u2019\u0131n cezaevi g\u00fcnleri ile ilgili sorular\u0131 Deniz Seki\u2019yi \u00e7ileden \u00e7\u0131kard\u0131. <\/p>\n","protected":false},"author":16,"featured_media":102986,"comment_status":"closed","ping_status":"closed","sticky":false,"template":"","format":"standard","meta":{"rank_math_lock_modified_date":false,"footnotes":""},"categories":[76],"tags":[3500,271],"class_list":["post-102980","post","type-post","status-publish","format-standard","has-post-thumbnail","hentry","category-magazin","tag-deniz-seki","tag-hulya-avsar"],"_links":{"self":[{"href":"https:\/\/www.tgrthaber.com\/mavikadin\/wp-json\/wp\/v2\/posts\/102980"}],"collection":[{"href":"https:\/\/www.tgrthaber.com\/mavikadin\/wp-json\/wp\/v2\/posts"}],"about":[{"href":"https:\/\/www.tgrthaber.com\/mavikadin\/wp-json\/wp\/v2\/types\/post"}],"author":[{"embeddable":true,"href":"https:\/\/www.tgrthaber.com\/mavikadin\/wp-json\/wp\/v2\/users\/16"}],"replies":[{"embeddable":true,"href":"https:\/\/www.tgrthaber.com\/mavikadin\/wp-json\/wp\/v2\/comments?post=102980"}],"version-history":[{"count":2,"href":"https:\/\/www.tgrthaber.com\/mavikadin\/wp-json\/wp\/v2\/posts\/102980\/revisions"}],"predecessor-version":[{"id":102989,"href":"https:\/\/www.tgrthaber.com\/mavikadin\/wp-json\/wp\/v2\/posts\/102980\/revisions\/102989"}],"wp:featuredmedia":[{"embeddable":true,"href":"https:\/\/www.tgrthaber.com\/mavikadin\/wp-json\/wp\/v2\/media\/102986"}],"wp:attachment":[{"href":"https:\/\/www.tgrthaber.com\/mavikadin\/wp-json\/wp\/v2\/media?parent=102980"}],"wp:term":[{"taxonomy":"category","embeddable":true,"href":"https:\/\/www.tgrthaber.com\/mavikadin\/wp-json\/wp\/v2\/categories?post=102980"},{"taxonomy":"post_tag","embeddable":true,"href":"https:\/\/www.tgrthaber.com\/mavikadin\/wp-json\/wp\/v2\/tags?post=102980"}],"curies":[{"name":"wp","href":"https:\/\/api.w.org\/{rel}","templated":true}]}}