{"id":102984,"date":"2024-12-07T18:34:00","date_gmt":"2024-12-07T15:34:00","guid":{"rendered":"https:\/\/www.tgrthaber.com\/mavikadin\/?p=102984"},"modified":"2024-12-07T22:49:33","modified_gmt":"2024-12-07T19:49:33","slug":"kalpazanin-final-bolumunden-ilk-tanitim-yayinlandi-kalpazan-finaliyle-ilgili-merak-edilenler","status":"publish","type":"post","link":"https:\/\/www.tgrthaber.com\/mavikadin\/kalpazanin-final-bolumunden-ilk-tanitim-yayinlandi-kalpazan-finaliyle-ilgili-merak-edilenler\/","title":{"rendered":"Kalpazan&#8217;\u0131n final b\u00f6l\u00fcm\u00fcnden ilk tan\u0131t\u0131m yay\u0131nland\u0131! Kalpazan finaliyle ilgili merak edilenler"},"content":{"rendered":"<p>SHOW TV&#8217;nin ilgiyle takip edilen dizisi Kalpazan, final b\u00f6l\u00fcm\u00fcyle izleyicileriyle unutulmaz bir vedaya haz\u0131rl\u0131yor. O3 Medya imzas\u0131 ta\u015f\u0131yan dizinin merakla beklenen final b\u00f6l\u00fcm\u00fcnden ilk tan\u0131t\u0131m yay\u0131nland\u0131. Tan\u0131t\u0131mda, karakterlerin ya\u015fad\u0131\u011f\u0131 b\u00fcy\u00fck y\u00fczle\u015fmeler ve olaylar \u015fimdiden merak uyand\u0131rd\u0131. Kalpazan dizisi ne zaman final yapacak? Kalpazan final b\u00f6l\u00fcm\u00fc hangi g\u00fcn, ne zaman yay\u0131nlanacak?<\/p>\n<h3>KALPAZAN F\u0130NAL B\u00d6L\u00dcM\u00dcNDE NELER OLACAK?<\/h3>\n<p>Kalpazan dizisinin son b\u00f6l\u00fcm\u00fcnde gerilim ve entrika t\u0131rman\u0131yor. Adem, Tar\u0131k ve Bayram aras\u0131nda ipler iyice gerilirken, Tar\u0131k, Bayram\u2019\u0131n ihanetini \u00f6\u011freniyor. Adem ise bu kaostan keyif al\u0131rken, bir yandan kendi sorunlar\u0131yla ba\u015f etmeye \u00e7al\u0131\u015f\u0131yor.<\/p>\n<p><img loading=\"lazy\" decoding=\"async\" class=\"alignnone wp-image-102985\" src=\"https:\/\/www.tgrthaber.com\/mavikadin\/wp-content\/uploads\/GdaDFHBW0AAI1BU-1-1.jpg\" alt=\"\" width=\"1058\" height=\"1181\" title=\"\" srcset=\"https:\/\/www.tgrthaber.com\/mavikadin\/wp-content\/uploads\/GdaDFHBW0AAI1BU-1-1.jpg 917w, https:\/\/www.tgrthaber.com\/mavikadin\/wp-content\/uploads\/GdaDFHBW0AAI1BU-1-1-269x300.jpg 269w, https:\/\/www.tgrthaber.com\/mavikadin\/wp-content\/uploads\/GdaDFHBW0AAI1BU-1-1-768x858.jpg 768w\" sizes=\"(max-width: 1058px) 100vw, 1058px\" \/><\/p>\n<p>Ay\u015fe, eski e\u015fi Fuat\u2019\u0131n s\u0131rlar\u0131n\u0131 ortaya \u00e7\u0131karmak i\u00e7in Kartal ve \u0130sa ile birlikte harekete ge\u00e7iyor. Kartal\u2019\u0131n eve tamirci k\u0131l\u0131\u011f\u0131nda girip buldu\u011fu ipucu, Ay\u015fe\u2019nin eline g\u00fc\u00e7l\u00fc bir koz verirken, i\u015fler daha da karma\u015f\u0131k hale geliyor.<\/p>\n<p>Kuru temizlemeciye gelen \u0130rfan, burada g\u00f6rd\u00fckleriyle \u015fok oluyor. Orhan taraf\u0131ndan al\u0131konan \u0130rfan i\u00e7in i\u015fler hi\u00e7 de kolay olmayacak. \u00d6te yandan Canan, Adem ve Mina aras\u0131nda bir ba\u011f oldu\u011fundan \u015f\u00fcphelenip, Mina\u2019ya kar\u015f\u0131 sert bir tav\u0131r sergiliyor. Adem ise ya\u015fad\u0131\u011f\u0131 duygusal \u00e7\u0131kmazdan kurtulmaya \u00e7al\u0131\u015fsa da, kendini Ay\u015fe\u2019nin yan\u0131nda buluyor. Ay\u015fe\u2019nin ona sundu\u011fu ilgin\u00e7 teklif, olaylar\u0131n seyrini de\u011fi\u015ftirecek gibi g\u00f6r\u00fcn\u00fcyor.<\/p>\n<p><img loading=\"lazy\" decoding=\"async\" class=\"alignnone wp-image-102988\" src=\"https:\/\/www.tgrthaber.com\/mavikadin\/wp-content\/uploads\/GeMBLBUXYAECaWg.jpg\" alt=\"\" width=\"1052\" height=\"686\" title=\"\" srcset=\"https:\/\/www.tgrthaber.com\/mavikadin\/wp-content\/uploads\/GeMBLBUXYAECaWg.jpg 840w, https:\/\/www.tgrthaber.com\/mavikadin\/wp-content\/uploads\/GeMBLBUXYAECaWg-300x196.jpg 300w, https:\/\/www.tgrthaber.com\/mavikadin\/wp-content\/uploads\/GeMBLBUXYAECaWg-768x501.jpg 768w\" sizes=\"(max-width: 1052px) 100vw, 1052px\" \/><\/p>\n<h3>KALPAZAN OYUNCU KADROSU<\/h3>\n<p>&#8216;Kalpazan&#8217;, final b\u00f6l\u00fcm\u00fcyle izleyicilerini ekran ba\u015f\u0131na kilitlemeye haz\u0131rlan\u0131rken, ba\u015far\u0131l\u0131 oyuncu kadrosu ile de ad\u0131ndan s\u00f6z ettirdi. Ba\u015frollerini Timu\u00e7in Esen, \u00c7a\u011flar Ertu\u011frul, \u015e\u00fckran Oval\u0131, Deniz Baysal, Sarp Akkaya, Deniz Hamzao\u011flu, \u0130lker K\u0131zmaz, ve Ali Se\u00e7kiner Al\u0131c\u0131 gibi usta isimlerin payla\u015ft\u0131\u011f\u0131 dizi, izleyicilere gerilim ve duygusal anlarla dolu bir final vadediyor.<\/p>\n<h3>KALPAZAN F\u0130NAL B\u00d6L\u00dcM\u00dc NE ZAMAN YAYINLANACAK?<\/h3>\n<p>B\u00fcy\u00fck final, Pazartesi ak\u015fam\u0131 saat 20.00\u2019de SHOW TV ekranlar\u0131nda izleyiciyle bulu\u015facak. &#8216;Kalpazan&#8217;, s\u00fcr\u00fckleyici hikayesi ve etkileyici sahneleriyle son kez ekranlarda olacak.<\/p>\n<!--[if lt IE 9]><script>document.createElement('video');<\/script><![endif]-->\n\t<div class=\"wp-playlist wp-video-playlist wp-playlist-light\">\n\t\t<video controls=\"controls\" preload=\"none\" width=\"618\"\n\t\t height=\"348\"\t><\/video>\n\t<div class=\"wp-playlist-next\"><\/div>\n\t<div class=\"wp-playlist-prev\"><\/div>\n\t<noscript>\n\t<ol>\n\t\t<li><a href='https:\/\/www.tgrthaber.com\/mavikadin\/wp-content\/uploads\/kalpazan-fragman.mp4'>kalpazan fragman<\/a><\/li>\t<\/ol>\n\t<\/noscript>\n\t<script type=\"application\/json\" class=\"wp-playlist-script\">{\"type\":\"video\",\"tracklist\":true,\"tracknumbers\":true,\"images\":true,\"artists\":true,\"tracks\":[{\"src\":\"https:\\\/\\\/www.tgrthaber.com\\\/mavikadin\\\/wp-content\\\/uploads\\\/kalpazan-fragman.mp4\",\"type\":\"video\\\/mp4\",\"title\":\"kalpazan fragman\",\"caption\":\"\",\"description\":\"\",\"meta\":{\"length_formatted\":\"0:46\"},\"dimensions\":{\"original\":{\"width\":640,\"height\":360},\"resized\":{\"width\":618,\"height\":348}},\"image\":{\"src\":\"https:\\\/\\\/www.tgrthaber.com\\\/mavikadin\\\/wp-includes\\\/images\\\/media\\\/video.svg\",\"width\":48,\"height\":64},\"thumb\":{\"src\":\"https:\\\/\\\/www.tgrthaber.com\\\/mavikadin\\\/wp-includes\\\/images\\\/media\\\/video.svg\",\"width\":48,\"height\":64}}]}<\/script>\n<\/div>\n\t\n<h3>KALPAZAN D\u0130Z\u0130S\u0130 NEDEN F\u0130NAL YAPTI?<\/h3>\n<p>Kalpazan dizisinin final karar\u0131yla ilgili olarak \u00f6ne \u00e7\u0131kan en \u00f6nemli nedenlerden biri, y\u00fcksek prod\u00fcksiyon maliyetleri oldu. B\u00f6l\u00fcm ba\u015f\u0131na harcanan b\u00fct\u00e7e ile toplanan reklam gelirleri aras\u0131ndaki u\u00e7urum, diziyi ekonomik anlamda s\u00fcrd\u00fcr\u00fclemez hale getirdi.<\/p>\n<p><img loading=\"lazy\" decoding=\"async\" class=\"alignnone wp-image-102991\" src=\"https:\/\/www.tgrthaber.com\/mavikadin\/wp-content\/uploads\/kalpazan2-1024x662.jpg\" alt=\"\" width=\"1093\" height=\"707\" title=\"\" srcset=\"https:\/\/www.tgrthaber.com\/mavikadin\/wp-content\/uploads\/kalpazan2-1024x662.jpg 1024w, https:\/\/www.tgrthaber.com\/mavikadin\/wp-content\/uploads\/kalpazan2-300x194.jpg 300w, https:\/\/www.tgrthaber.com\/mavikadin\/wp-content\/uploads\/kalpazan2-768x496.jpg 768w, https:\/\/www.tgrthaber.com\/mavikadin\/wp-content\/uploads\/kalpazan2-1536x993.jpg 1536w, https:\/\/www.tgrthaber.com\/mavikadin\/wp-content\/uploads\/kalpazan2-2048x1324.jpg 2048w\" sizes=\"(max-width: 1093px) 100vw, 1093px\" \/><\/p>\n<p>Hen\u00fcz yay\u0131n hayat\u0131n\u0131n ba\u015f\u0131nda oldu\u011fu i\u00e7in yurt d\u0131\u015f\u0131 sat\u0131\u015flar\u0131n\u0131n da devreye girememesi, dizinin zarar etmesine yol a\u00e7t\u0131. Bu durum kar\u015f\u0131s\u0131nda daha fazla kay\u0131p ya\u015famamak ad\u0131na, 2 b\u00f6l\u00fcm sonra dizinin bitirilmesine karar verildi.<\/p>\n<p><img loading=\"lazy\" decoding=\"async\" class=\"alignnone wp-image-102993\" src=\"https:\/\/www.tgrthaber.com\/mavikadin\/wp-content\/uploads\/kalpazan-4-1-1024x582.jpg\" alt=\"\" width=\"1092\" height=\"621\" title=\"\" srcset=\"https:\/\/www.tgrthaber.com\/mavikadin\/wp-content\/uploads\/kalpazan-4-1-1024x582.jpg 1024w, https:\/\/www.tgrthaber.com\/mavikadin\/wp-content\/uploads\/kalpazan-4-1-300x171.jpg 300w, https:\/\/www.tgrthaber.com\/mavikadin\/wp-content\/uploads\/kalpazan-4-1-768x437.jpg 768w, https:\/\/www.tgrthaber.com\/mavikadin\/wp-content\/uploads\/kalpazan-4-1-1536x873.jpg 1536w, https:\/\/www.tgrthaber.com\/mavikadin\/wp-content\/uploads\/kalpazan-4-1.jpg 1900w\" sizes=\"(max-width: 1092px) 100vw, 1092px\" \/><\/p>\n","protected":false},"excerpt":{"rendered":"<p>Show TV&#8217;nin yeni dizisi Kalpazan ile ilgili final karar\u0131 verilmesi ortal\u0131\u011f\u0131 kar\u0131\u015ft\u0131rd\u0131. \u0130zleyicinin &#8220;Final olmas\u0131n&#8221; diyerek sosyal medyada isyan etti\u011fi Kalpazan dizisinin ne yaz\u0131k ki finali netle\u015fti. 8. b\u00f6l\u00fcm\u00fc ile ekrana veda edecek Kalpazan final tan\u0131t\u0131m\u0131 yay\u0131nland\u0131. Peki Kalpazan final b\u00f6l\u00fcm\u00fc ne zaman yay\u0131nlanacak?<\/p>\n","protected":false},"author":4,"featured_media":102992,"comment_status":"closed","ping_status":"closed","sticky":false,"template":"","format":"standard","meta":{"rank_math_lock_modified_date":false,"footnotes":""},"categories":[602],"tags":[322,158,2328,2958],"class_list":["post-102984","post","type-post","status-publish","format-standard","has-post-thumbnail","hentry","category-diziler","tag-final","tag-fragman","tag-kalpazan","tag-kalpazan-final"],"_links":{"self":[{"href":"https:\/\/www.tgrthaber.com\/mavikadin\/wp-json\/wp\/v2\/posts\/102984"}],"collection":[{"href":"https:\/\/www.tgrthaber.com\/mavikadin\/wp-json\/wp\/v2\/posts"}],"about":[{"href":"https:\/\/www.tgrthaber.com\/mavikadin\/wp-json\/wp\/v2\/types\/post"}],"author":[{"embeddable":true,"href":"https:\/\/www.tgrthaber.com\/mavikadin\/wp-json\/wp\/v2\/users\/4"}],"replies":[{"embeddable":true,"href":"https:\/\/www.tgrthaber.com\/mavikadin\/wp-json\/wp\/v2\/comments?post=102984"}],"version-history":[{"count":1,"href":"https:\/\/www.tgrthaber.com\/mavikadin\/wp-json\/wp\/v2\/posts\/102984\/revisions"}],"predecessor-version":[{"id":102994,"href":"https:\/\/www.tgrthaber.com\/mavikadin\/wp-json\/wp\/v2\/posts\/102984\/revisions\/102994"}],"wp:featuredmedia":[{"embeddable":true,"href":"https:\/\/www.tgrthaber.com\/mavikadin\/wp-json\/wp\/v2\/media\/102992"}],"wp:attachment":[{"href":"https:\/\/www.tgrthaber.com\/mavikadin\/wp-json\/wp\/v2\/media?parent=102984"}],"wp:term":[{"taxonomy":"category","embeddable":true,"href":"https:\/\/www.tgrthaber.com\/mavikadin\/wp-json\/wp\/v2\/categories?post=102984"},{"taxonomy":"post_tag","embeddable":true,"href":"https:\/\/www.tgrthaber.com\/mavikadin\/wp-json\/wp\/v2\/tags?post=102984"}],"curies":[{"name":"wp","href":"https:\/\/api.w.org\/{rel}","templated":true}]}}