{"id":103032,"date":"2024-12-07T20:24:56","date_gmt":"2024-12-07T17:24:56","guid":{"rendered":"https:\/\/www.tgrthaber.com\/mavikadin\/?p=103032"},"modified":"2024-12-09T00:23:17","modified_gmt":"2024-12-08T21:23:17","slug":"masterchefte-veda-gecesi-masterchef-8-aralik-2024-kim-elendi-kim-gitti","status":"publish","type":"post","link":"https:\/\/www.tgrthaber.com\/mavikadin\/masterchefte-veda-gecesi-masterchef-8-aralik-2024-kim-elendi-kim-gitti\/","title":{"rendered":"MasterChef&#8217;te veda gecesi! MasterChef 8 Aral\u0131k 2024 kim elendi, kim gitti?"},"content":{"rendered":"<p class=\"p1\">MasterChef T\u00fcrkiye&#8217;de bir eleme gecesi daha nefesleri kesti. Yar\u0131\u015fman\u0131n kaderini belirleyecek bu \u00f6nemli b\u00f6l\u00fcmde, eleme potas\u0131na d\u00fc\u015fen yar\u0131\u015fmac\u0131lar yeteneklerini kan\u0131tlamak i\u00e7in b\u00fcy\u00fck bir \u00e7aba harcad\u0131. Hayallerine veda etmemek i\u00e7in k\u0131yas\u0131ya m\u00fccadele eden yar\u0131\u015fmac\u0131lar, tezgah ba\u015f\u0131nda h\u00fcnerlerini sergilerken hem heyecan hem de stres dolu anlar ya\u015fand\u0131. Bu kritik gecede, kimin MasterChef ser\u00fcvenine devam edece\u011fi b\u00fcy\u00fck merak konusu oldu.Peki 8 Aral\u0131k 2024 MasterChef\u2019e kim veda etti, kim gitti? \u0130\u015fte t\u00fcm detaylar\u2026<\/p>\n<p class=\"p1\">MasterChef 2024\u2019te bu ak\u015fam, eleme heyecan\u0131 zirveye \u00e7\u0131k\u0131yor. Emre, Erim, Beyza ve \u015eirin, Kap\u0131da\u011f mor so\u011fan\u0131 ile yarat\u0131c\u0131 yemekler yapabilmek i\u00e7in k\u0131yas\u0131ya yar\u0131\u015f\u0131yor. \u015eeflerin belirledi\u011fi bu zorlu g\u00f6revde, en iyi taba\u011f\u0131 haz\u0131rlamaya \u00e7al\u0131\u015fan yar\u0131\u015fmac\u0131lar aras\u0131nda bir isim, yar\u0131\u015fmaya veda etmek zorunda kalacak. Peki, 8 Aral\u0131k Pazar g\u00fcn\u00fc MasterChef\u2019te kim elendi? \u0130\u015fte, o b\u00fcy\u00fck an\u0131n ard\u0131ndan yar\u0131\u015fmaya veda eden isim&#8230;<\/p>\n<h3>MASTERCHEF&#8217;TE VEDA GECES\u0130!<\/h3>\n<p class=\"p1\">MasterChef T\u00fcrkiye\u2019de gerilim ve heyecan dolu anlar h\u0131z kesmeden s\u00fcrd\u00fc. D\u00fcn ak\u015fam ekranlara gelen eleme b\u00f6l\u00fcm\u00fcnde, Emre, Beyza, \u015eirin en iyi taba\u011f\u0131 \u00e7\u0131karmak i\u00e7in mutfakta t\u00fcm marifetlerini ortaya koydu. Zorlu rekabetin ya\u015fand\u0131\u011f\u0131 gecede, bir yar\u0131\u015fmac\u0131 hayallerine veda etti. \u015eeflerin kritik tad\u0131mlar\u0131 sonras\u0131 en ba\u015far\u0131s\u0131z tabak belirlendi ve yar\u0131\u015fmaya veda eden isim a\u00e7\u0131kland\u0131. Peki, MasterChef\u2019te kim elendi? 8 Aral\u0131k 2024 eleme potas\u0131nda kimler yer ald\u0131? \u0130\u015fte MasterChef\u2019in son b\u00f6l\u00fcm\u00fcnde ya\u015fanan t\u00fcm detaylar&#8230;<\/p>\n<p><img loading=\"lazy\" decoding=\"async\" class=\"alignnone wp-image-103040 size-large\" src=\"https:\/\/www.tgrthaber.com\/mavikadin\/wp-content\/uploads\/Ekran-Resmi-2024-12-07-20.22.00-1024x624.png\" alt=\"masterchef\" width=\"1024\" height=\"624\" title=\"\" srcset=\"https:\/\/www.tgrthaber.com\/mavikadin\/wp-content\/uploads\/Ekran-Resmi-2024-12-07-20.22.00-1024x624.png 1024w, https:\/\/www.tgrthaber.com\/mavikadin\/wp-content\/uploads\/Ekran-Resmi-2024-12-07-20.22.00-300x183.png 300w, https:\/\/www.tgrthaber.com\/mavikadin\/wp-content\/uploads\/Ekran-Resmi-2024-12-07-20.22.00-768x468.png 768w, https:\/\/www.tgrthaber.com\/mavikadin\/wp-content\/uploads\/Ekran-Resmi-2024-12-07-20.22.00-1536x937.png 1536w, https:\/\/www.tgrthaber.com\/mavikadin\/wp-content\/uploads\/Ekran-Resmi-2024-12-07-20.22.00.png 1722w\" sizes=\"(max-width: 1024px) 100vw, 1024px\" \/><\/p>\n<h3 class=\"p1\">MASTERCHEF ELEME POTASINDA K\u0130MLER VAR?<\/h3>\n<p class=\"p1\">MasterChef T\u00fcrkiye&#8217;de eleme heyecan\u0131 ya\u015fand\u0131. Birbirinden \u00e7eki\u015fmeli m\u00fccadelelere sahne olan eleme gecesinde bir yar\u0131\u015fmac\u0131 MasterChef hayallerine veda edecek.<\/p>\n<p class=\"p1\">Emre<span class=\"Apple-converted-space\">\u00a0<\/span><\/p>\n<p class=\"p1\">Beyza<span class=\"Apple-converted-space\">\u00a0<\/span><\/p>\n<p class=\"p1\">\u015eirin<span class=\"Apple-converted-space\">\u00a0<\/span><\/p>\n<p>Erim<\/p>\n<p><img loading=\"lazy\" decoding=\"async\" class=\"alignnone wp-image-103041 size-large\" src=\"https:\/\/www.tgrthaber.com\/mavikadin\/wp-content\/uploads\/Ekran-Resmi-2024-12-07-20.22.05-1024x804.png\" alt=\"masterchef\" width=\"1024\" height=\"804\" title=\"\" srcset=\"https:\/\/www.tgrthaber.com\/mavikadin\/wp-content\/uploads\/Ekran-Resmi-2024-12-07-20.22.05-1024x804.png 1024w, https:\/\/www.tgrthaber.com\/mavikadin\/wp-content\/uploads\/Ekran-Resmi-2024-12-07-20.22.05-300x236.png 300w, https:\/\/www.tgrthaber.com\/mavikadin\/wp-content\/uploads\/Ekran-Resmi-2024-12-07-20.22.05-768x603.png 768w, https:\/\/www.tgrthaber.com\/mavikadin\/wp-content\/uploads\/Ekran-Resmi-2024-12-07-20.22.05.png 1362w\" sizes=\"(max-width: 1024px) 100vw, 1024px\" \/><\/p>\n<h3 class=\"p1\">MASTERCHEF \u00d6D\u00dcL OYUNUNU K\u0130M KAZANDI? (29 KASIM)<\/h3>\n<p class=\"p1\">MasterChef&#8217;te \u00f6d\u00fcl oyununu kazanan isim\u00a0Onur\u00a0oldu.<\/p>\n<h3 class=\"p1\">MASTERCHEF K\u0130M ELEND\u0130?<\/h3>\n<p class=\"p1\">MasterChef&#8217;te bu hafta veda eden isim Emre oldu.<\/p>\n<h3 class=\"p1\">MASTERCHEF&#8217;TE TAKIMLAR NASIL OLDU?<\/h3>\n<p class=\"p1\">MasterChef&#8217;te yeni haftan\u0131n tak\u0131mlar\u0131 belli oldu.<\/p>\n<p class=\"p1\"><b>Mavi Tak\u0131m<\/b><\/p>\n<p class=\"p1\">Emre (Tak\u0131m Kaptan\u0131)<\/p>\n<p class=\"p1\">Beyza<\/p>\n<p class=\"p1\">Kerem<\/p>\n<p class=\"p1\">\u015eirin<\/p>\n<p class=\"p1\">Semih<\/p>\n<p><img loading=\"lazy\" decoding=\"async\" class=\"alignnone wp-image-103045 size-large\" src=\"https:\/\/www.tgrthaber.com\/mavikadin\/wp-content\/uploads\/Ekran-Resmi-2024-12-07-20.29.51-1024x569.png\" alt=\"masterchef \" width=\"1024\" height=\"569\" title=\"\" srcset=\"https:\/\/www.tgrthaber.com\/mavikadin\/wp-content\/uploads\/Ekran-Resmi-2024-12-07-20.29.51-1024x569.png 1024w, https:\/\/www.tgrthaber.com\/mavikadin\/wp-content\/uploads\/Ekran-Resmi-2024-12-07-20.29.51-300x167.png 300w, https:\/\/www.tgrthaber.com\/mavikadin\/wp-content\/uploads\/Ekran-Resmi-2024-12-07-20.29.51-768x426.png 768w, https:\/\/www.tgrthaber.com\/mavikadin\/wp-content\/uploads\/Ekran-Resmi-2024-12-07-20.29.51-1536x853.png 1536w, https:\/\/www.tgrthaber.com\/mavikadin\/wp-content\/uploads\/Ekran-Resmi-2024-12-07-20.29.51.png 1664w\" sizes=\"(max-width: 1024px) 100vw, 1024px\" \/><\/p>\n<p class=\"p1\"><b>K\u0131rm\u0131z\u0131 Tak\u0131m<\/b><\/p>\n<p class=\"p1\">Onur (Tak\u0131m Kaptan\u0131)<\/p>\n<p class=\"p1\">Alper<\/p>\n<p class=\"p1\">Erim<\/p>\n<p class=\"p1\">Eda<\/p>\n","protected":false},"excerpt":{"rendered":"<p>MasterChef T\u00fcrkiye\u2019de bir eleme gecesi daha heyecan dolu anlara sahne oldu. Potadaki yar\u0131\u015fmac\u0131lar hayallerine veda etmemek i\u00e7in t\u00fcm h\u00fcnerlerini sergilerken, st\u00fcdyoda gerilim giderek artt\u0131. Zorlu rekabetin ard\u0131ndan, kimin yar\u0131\u015fmaya veda etti\u011fi izleyiciler taraf\u0131ndan b\u00fcy\u00fck bir merakla takip edildi. Peki, 8 Aral\u0131k 2024 MasterChef\u2019te kim elendi? \u0130\u015fte gecenin detaylar\u0131\u2026<\/p>\n","protected":false},"author":16,"featured_media":103043,"comment_status":"closed","ping_status":"closed","sticky":false,"template":"","format":"standard","meta":{"rank_math_lock_modified_date":false,"footnotes":""},"categories":[76],"tags":[2755,3655],"class_list":["post-103032","post","type-post","status-publish","format-standard","has-post-thumbnail","hentry","category-magazin","tag-masterchef-kim-elendi","tag-masterchef-kim-gitti"],"_links":{"self":[{"href":"https:\/\/www.tgrthaber.com\/mavikadin\/wp-json\/wp\/v2\/posts\/103032"}],"collection":[{"href":"https:\/\/www.tgrthaber.com\/mavikadin\/wp-json\/wp\/v2\/posts"}],"about":[{"href":"https:\/\/www.tgrthaber.com\/mavikadin\/wp-json\/wp\/v2\/types\/post"}],"author":[{"embeddable":true,"href":"https:\/\/www.tgrthaber.com\/mavikadin\/wp-json\/wp\/v2\/users\/16"}],"replies":[{"embeddable":true,"href":"https:\/\/www.tgrthaber.com\/mavikadin\/wp-json\/wp\/v2\/comments?post=103032"}],"version-history":[{"count":5,"href":"https:\/\/www.tgrthaber.com\/mavikadin\/wp-json\/wp\/v2\/posts\/103032\/revisions"}],"predecessor-version":[{"id":103507,"href":"https:\/\/www.tgrthaber.com\/mavikadin\/wp-json\/wp\/v2\/posts\/103032\/revisions\/103507"}],"wp:featuredmedia":[{"embeddable":true,"href":"https:\/\/www.tgrthaber.com\/mavikadin\/wp-json\/wp\/v2\/media\/103043"}],"wp:attachment":[{"href":"https:\/\/www.tgrthaber.com\/mavikadin\/wp-json\/wp\/v2\/media?parent=103032"}],"wp:term":[{"taxonomy":"category","embeddable":true,"href":"https:\/\/www.tgrthaber.com\/mavikadin\/wp-json\/wp\/v2\/categories?post=103032"},{"taxonomy":"post_tag","embeddable":true,"href":"https:\/\/www.tgrthaber.com\/mavikadin\/wp-json\/wp\/v2\/tags?post=103032"}],"curies":[{"name":"wp","href":"https:\/\/api.w.org\/{rel}","templated":true}]}}