{"id":103047,"date":"2024-12-07T20:52:28","date_gmt":"2024-12-07T17:52:28","guid":{"rendered":"https:\/\/www.tgrthaber.com\/mavikadin\/?p=103047"},"modified":"2024-12-07T20:52:28","modified_gmt":"2024-12-07T17:52:28","slug":"hapis-cezasi-alan-masterchef-somer-sivrioglu-dostlarina-sitem-etti","status":"publish","type":"post","link":"https:\/\/www.tgrthaber.com\/mavikadin\/hapis-cezasi-alan-masterchef-somer-sivrioglu-dostlarina-sitem-etti\/","title":{"rendered":"Hapis cezas\u0131 alan MasterChef Somer Sivrio\u011flu dostlar\u0131na sitem etti"},"content":{"rendered":"<p class=\"p1\">MasterChef T\u00fcrkiye&#8217;nin sevilen \u015feflerinden Somer Sivrio\u011flu, ge\u00e7ti\u011fimiz g\u00fcnlerde ald\u0131\u011f\u0131 5 y\u0131l hapis cezas\u0131yla g\u00fcndeme oturmu\u015ftu. Bu \u015fa\u015f\u0131rt\u0131c\u0131 geli\u015fmenin ard\u0131ndan \u00fcnl\u00fc \u015fef, sosyal medya hesab\u0131ndan yapt\u0131\u011f\u0131 payla\u015f\u0131mda, ya\u015fad\u0131\u011f\u0131 zorlu s\u00fcrece dair duygular\u0131n\u0131 dile getirdi. Dostlar\u0131na y\u00f6nelik sitemde <span class=\"Apple-converted-space\">\u00a0 <\/span>bulunan Sivrio\u011flu, \u00e7evresindeki baz\u0131 ki\u015filerin kendisini yaln\u0131z b\u0131rakmas\u0131n\u0131 ve deste\u011fi esirgemesini hayal k\u0131r\u0131kl\u0131\u011f\u0131 olarak nitelendirdi. Sosyal medyada h\u0131zla yay\u0131lan bu payla\u015f\u0131m, hem hayranlar\u0131 hem de yak\u0131n \u00e7evresi aras\u0131nda b\u00fcy\u00fck yank\u0131 uyand\u0131rd\u0131.<span class=\"Apple-converted-space\">\u00a0<\/span><\/p>\n<h3>HAP\u0130S CEZASI ALAN SOMER S\u0130VR\u0130O\u011eLU&#8217;NDAN DOSTLARINA S\u0130TEM<\/h3>\n<p class=\"p2\">MasterChef T\u00fcrkiye&#8217;nin \u00fcnl\u00fc \u015fefi Somer Sivrio\u011flu, ge\u00e7ti\u011fimiz g\u00fcnlerde ald\u0131\u011f\u0131 5 y\u0131l hapis cezas\u0131yla g\u00fcndem oldu. Restoran\u0131n\u0131n istinat duvar\u0131n\u0131n \u00e7\u00f6kmesi sonucu bir ki\u015finin hayat\u0131n\u0131 kaybetmesi ve bir ki\u015finin de yaralanmas\u0131 nedeniyle yarg\u0131lanan Sivrio\u011flu, ald\u0131\u011f\u0131 karar\u0131n ard\u0131ndan sosyal medya hesab\u0131nda dikkat \u00e7eken bir payla\u015f\u0131mda bulundu. \u015eef, ya\u015fad\u0131\u011f\u0131 zor d\u00f6nemi takip\u00e7ileriyle payla\u015ft\u0131\u011f\u0131 mesaj\u0131nda, hayat\u0131n\u0131 alt \u00fcst eden bu olayla ilgili duygusal bir \u00e7\u0131k\u0131\u015f yapt\u0131.<\/p>\n<p><img loading=\"lazy\" decoding=\"async\" class=\"alignnone wp-image-103048 size-large\" src=\"https:\/\/www.tgrthaber.com\/mavikadin\/wp-content\/uploads\/Ekran-Resmi-2024-12-07-20.44.03-1024x695.png\" alt=\"masterchef\" width=\"1024\" height=\"695\" title=\"\" srcset=\"https:\/\/www.tgrthaber.com\/mavikadin\/wp-content\/uploads\/Ekran-Resmi-2024-12-07-20.44.03-1024x695.png 1024w, https:\/\/www.tgrthaber.com\/mavikadin\/wp-content\/uploads\/Ekran-Resmi-2024-12-07-20.44.03-300x204.png 300w, https:\/\/www.tgrthaber.com\/mavikadin\/wp-content\/uploads\/Ekran-Resmi-2024-12-07-20.44.03-768x521.png 768w, https:\/\/www.tgrthaber.com\/mavikadin\/wp-content\/uploads\/Ekran-Resmi-2024-12-07-20.44.03-1536x1043.png 1536w, https:\/\/www.tgrthaber.com\/mavikadin\/wp-content\/uploads\/Ekran-Resmi-2024-12-07-20.44.03.png 1706w\" sizes=\"(max-width: 1024px) 100vw, 1024px\" \/><\/p>\n<p class=\"p2\">Somer Sivrio\u011flu, ceza karar\u0131n\u0131 ald\u0131\u011f\u0131nda sadece hukuki de\u011fil, ayn\u0131 zamanda ki\u015fisel bir darbe de ald\u0131\u011f\u0131n\u0131 belirterek, bu s\u00fcrecin ona \u00e7ok \u015fey \u00f6\u011fretti\u011fini ifade etti. Sosyal medyadaki payla\u015f\u0131m\u0131nda dostlar\u0131na ve destekleyenlere te\u015fekk\u00fcr ederken, yaln\u0131z kalan ve zorluklar\u0131n\u0131 g\u00f6rmezden gelenlere de tepkisini dile getiren bir payla\u015f\u0131mda bulundu. \u00dcnl\u00fc \u015fef, Aliya \u0130zzetbegovi\u00e7\u2019in bir s\u00f6z\u00fcn\u00fc al\u0131nt\u0131layarak yapt\u0131\u011f\u0131 payla\u015f\u0131m\u0131nda dostlar\u0131na g\u00f6ndermede bulunarak sitem etti.<span class=\"Apple-converted-space\">\u00a0<\/span><\/p>\n<h3 class=\"p1\">DOSTLARININ SESS\u0130ZL\u0130\u011e\u0130NE \u0130SYAN ETT\u0130<\/h3>\n<p class=\"p3\">5 y\u0131l hapis cezas\u0131 alan \u00fcnl\u00fc \u015fef, sosyal medyadan yapt\u0131\u011f\u0131 payla\u015f\u0131mla dostlar\u0131na sitem etti. Somer \u015fef payla\u015f\u0131m\u0131nda &#8220;Her \u015fey bitti\u011finde hat\u0131rlayaca\u011f\u0131m\u0131z \u015fey d\u00fc\u015fmanlar\u0131m\u0131z\u0131n s\u00f6zleri de\u011fil dostlar\u0131m\u0131z\u0131n sessizli\u011fi olacakt\u0131r.&#8221; ifadelerine yer verdi. Somer Siivrio\u011flu&#8217;nun o s\u00f6zlerinin hangi dostlar\u0131na oldu\u011fu ise merak konusu oldu.<\/p>\n<p><img loading=\"lazy\" decoding=\"async\" class=\"alignnone wp-image-103049 size-large\" src=\"https:\/\/www.tgrthaber.com\/mavikadin\/wp-content\/uploads\/Ekran-Resmi-2024-12-07-20.44.09-1024x639.png\" alt=\"masterchef \" width=\"1024\" height=\"639\" title=\"\" srcset=\"https:\/\/www.tgrthaber.com\/mavikadin\/wp-content\/uploads\/Ekran-Resmi-2024-12-07-20.44.09-1024x639.png 1024w, https:\/\/www.tgrthaber.com\/mavikadin\/wp-content\/uploads\/Ekran-Resmi-2024-12-07-20.44.09-300x187.png 300w, https:\/\/www.tgrthaber.com\/mavikadin\/wp-content\/uploads\/Ekran-Resmi-2024-12-07-20.44.09-768x479.png 768w, https:\/\/www.tgrthaber.com\/mavikadin\/wp-content\/uploads\/Ekran-Resmi-2024-12-07-20.44.09-1536x958.png 1536w, https:\/\/www.tgrthaber.com\/mavikadin\/wp-content\/uploads\/Ekran-Resmi-2024-12-07-20.44.09.png 1658w\" sizes=\"(max-width: 1024px) 100vw, 1024px\" \/><\/p>\n<h3>SOMER S\u0130VR\u0130O\u011eLU NEDEN HAP\u0130S CEZASI ALDI?<\/h3>\n<p class=\"p1\">\u0130stanbul 32. A\u011f\u0131r Ceza Mahkemesi&#8217;nde g\u00f6r\u00fclen davada, \u00fcnl\u00fc \u015fef Somer Sivrio\u011flu ve di\u011fer san\u0131klar\u0131n ald\u0131\u011f\u0131 ceza karar\u0131 a\u00e7\u0131kland\u0131. 21 May\u0131s 2022&#8217;de Etiler Mahallesi, Nispetiye Caddesi&#8217;nde yer alan restoran\u0131n \u00f6n\u00fcndeki istinat duvar\u0131n\u0131n \u00e7\u00f6kmesi sonucu bir ki\u015finin hayat\u0131n\u0131 kaybetmesi, bir ki\u015finin de yaralanmas\u0131, b\u00fcy\u00fck bir \u00fcz\u00fcnt\u00fcye yol a\u00e7m\u0131\u015ft\u0131. Olay sonras\u0131 a\u00e7\u0131lan davada, duvar\u0131n gerekli bak\u0131m ve onar\u0131m\u0131n\u0131n yap\u0131lmad\u0131\u011f\u0131, buna ra\u011fmen tehlikeye ra\u011fmen kullan\u0131m\u0131na devam edildi\u011fi iddia edilmi\u015fti. Mahkeme, Sivrio\u011flu ve di\u011fer san\u0131klar Kaz\u0131m Evirgen ve Kadri Berk Cemal hakk\u0131nda &#8220;taksirle \u00f6l\u00fcme ve yaralanmaya neden olma&#8221; su\u00e7unu i\u015fledikleri gerek\u00e7esiyle 5&#8217;er y\u0131l hapis cezas\u0131 verdi.<\/p>\n<p><img loading=\"lazy\" decoding=\"async\" class=\"alignnone wp-image-103050 size-large\" src=\"https:\/\/www.tgrthaber.com\/mavikadin\/wp-content\/uploads\/Ekran-Resmi-2024-12-07-20.44.15-1024x761.png\" alt=\"masterchef \" width=\"1024\" height=\"761\" title=\"\" srcset=\"https:\/\/www.tgrthaber.com\/mavikadin\/wp-content\/uploads\/Ekran-Resmi-2024-12-07-20.44.15-1024x761.png 1024w, https:\/\/www.tgrthaber.com\/mavikadin\/wp-content\/uploads\/Ekran-Resmi-2024-12-07-20.44.15-300x223.png 300w, https:\/\/www.tgrthaber.com\/mavikadin\/wp-content\/uploads\/Ekran-Resmi-2024-12-07-20.44.15-768x571.png 768w, https:\/\/www.tgrthaber.com\/mavikadin\/wp-content\/uploads\/Ekran-Resmi-2024-12-07-20.44.15.png 1528w\" sizes=\"(max-width: 1024px) 100vw, 1024px\" \/><\/p>\n<p class=\"p1\">Ancak mahkeme heyeti, san\u0131klar\u0131n eylemlerini &#8220;bilin\u00e7li taksir&#8221; kapsam\u0131nda de\u011ferlendirerek ceza miktar\u0131n\u0131 art\u0131rarak 6 y\u0131l 8 aya \u00e7\u0131kard\u0131. Bu karar\u0131n ard\u0131ndan, san\u0131klar\u0131n cezalar\u0131n\u0131n, ki\u015fisel ve sosyal durumlar\u0131 g\u00f6z \u00f6n\u00fcne al\u0131narak yeniden de\u011ferlendirilmesi yap\u0131ld\u0131. Sonu\u00e7 olarak, san\u0131klar\u0131n cezas\u0131 5 y\u0131l 6 ay 20 g\u00fcn olarak belirlendi. Bu karar, dava s\u00fcreci boyunca hem hukuki hem de toplumsal anlamda geni\u015f yank\u0131 uyand\u0131rd\u0131.<\/p>\n<p><strong>\u0130\u015fte o payla\u015f\u0131m&#8230;<\/strong><\/p>\n<p><img loading=\"lazy\" decoding=\"async\" class=\"alignnone wp-image-103051 \" src=\"https:\/\/www.tgrthaber.com\/mavikadin\/wp-content\/uploads\/Ekran-Resmi-2024-12-07-20.43.49-939x1024.png\" alt=\"\" width=\"992\" height=\"1082\" title=\"\" srcset=\"https:\/\/www.tgrthaber.com\/mavikadin\/wp-content\/uploads\/Ekran-Resmi-2024-12-07-20.43.49-939x1024.png 939w, https:\/\/www.tgrthaber.com\/mavikadin\/wp-content\/uploads\/Ekran-Resmi-2024-12-07-20.43.49-275x300.png 275w, https:\/\/www.tgrthaber.com\/mavikadin\/wp-content\/uploads\/Ekran-Resmi-2024-12-07-20.43.49-768x837.png 768w, https:\/\/www.tgrthaber.com\/mavikadin\/wp-content\/uploads\/Ekran-Resmi-2024-12-07-20.43.49-1409x1536.png 1409w, https:\/\/www.tgrthaber.com\/mavikadin\/wp-content\/uploads\/Ekran-Resmi-2024-12-07-20.43.49.png 1484w\" sizes=\"(max-width: 992px) 100vw, 992px\" \/><\/p>\n<p>&nbsp;<\/p>\n<p>&nbsp;<\/p>\n","protected":false},"excerpt":{"rendered":"<p>MasterChef T\u00fcrkiye&#8217;nin \u00fcnl\u00fc \u015fefi Somer Sivrio\u011flu, ald\u0131\u011f\u0131 5 y\u0131l hapis cezas\u0131yla g\u00fcndeme geldi. Bu \u015fok edici karar\u0131n ard\u0131ndan Sivrio\u011flu, sosyal medya hesab\u0131ndan payla\u015ft\u0131\u011f\u0131 duygusal bir mesajla bu zor zaman\u0131nda yan\u0131nda olarak kendisine destek olmayan dostlar\u0131na sitem etti. <\/p>\n","protected":false},"author":16,"featured_media":103052,"comment_status":"closed","ping_status":"closed","sticky":false,"template":"","format":"standard","meta":{"rank_math_lock_modified_date":false,"footnotes":""},"categories":[76],"tags":[1326,3604],"class_list":["post-103047","post","type-post","status-publish","format-standard","has-post-thumbnail","hentry","category-magazin","tag-somer-sivrioglu","tag-somer-sivrioglu-hapis-cezasi"],"_links":{"self":[{"href":"https:\/\/www.tgrthaber.com\/mavikadin\/wp-json\/wp\/v2\/posts\/103047"}],"collection":[{"href":"https:\/\/www.tgrthaber.com\/mavikadin\/wp-json\/wp\/v2\/posts"}],"about":[{"href":"https:\/\/www.tgrthaber.com\/mavikadin\/wp-json\/wp\/v2\/types\/post"}],"author":[{"embeddable":true,"href":"https:\/\/www.tgrthaber.com\/mavikadin\/wp-json\/wp\/v2\/users\/16"}],"replies":[{"embeddable":true,"href":"https:\/\/www.tgrthaber.com\/mavikadin\/wp-json\/wp\/v2\/comments?post=103047"}],"version-history":[{"count":1,"href":"https:\/\/www.tgrthaber.com\/mavikadin\/wp-json\/wp\/v2\/posts\/103047\/revisions"}],"predecessor-version":[{"id":103053,"href":"https:\/\/www.tgrthaber.com\/mavikadin\/wp-json\/wp\/v2\/posts\/103047\/revisions\/103053"}],"wp:featuredmedia":[{"embeddable":true,"href":"https:\/\/www.tgrthaber.com\/mavikadin\/wp-json\/wp\/v2\/media\/103052"}],"wp:attachment":[{"href":"https:\/\/www.tgrthaber.com\/mavikadin\/wp-json\/wp\/v2\/media?parent=103047"}],"wp:term":[{"taxonomy":"category","embeddable":true,"href":"https:\/\/www.tgrthaber.com\/mavikadin\/wp-json\/wp\/v2\/categories?post=103047"},{"taxonomy":"post_tag","embeddable":true,"href":"https:\/\/www.tgrthaber.com\/mavikadin\/wp-json\/wp\/v2\/tags?post=103047"}],"curies":[{"name":"wp","href":"https:\/\/api.w.org\/{rel}","templated":true}]}}