{"id":103054,"date":"2024-12-07T22:11:30","date_gmt":"2024-12-07T19:11:30","guid":{"rendered":"https:\/\/www.tgrthaber.com\/mavikadin\/?p=103054"},"modified":"2025-04-30T09:19:07","modified_gmt":"2025-04-30T06:19:07","slug":"selin-gecit-kimdir-kac-yasinda-nasil-unlu-oldu-sevgilisi-kim","status":"publish","type":"post","link":"https:\/\/www.tgrthaber.com\/mavikadin\/selin-gecit-kimdir-kac-yasinda-nasil-unlu-oldu-sevgilisi-kim\/","title":{"rendered":"Selin Ge\u00e7it kimdir ka\u00e7 ya\u015f\u0131nda? Nas\u0131l \u00fcnl\u00fc oldu sevgilisi kim?"},"content":{"rendered":"<p class=\"p1\">Son zamanlarda \u201cYalanc\u0131 Bahar\u201d \u015fark\u0131s\u0131n\u0131 yeniden seslendirerek dikkatleri \u00fczerine \u00e7eken Selin Ge\u00e7it, m\u00fczik d\u00fcnyas\u0131nda ad\u0131ndan s\u0131k\u00e7a s\u00f6z ettiriyor. Kendi tarz\u0131n\u0131 ve yorumunu katarak seslendirdi\u011fi par\u00e7alar, dinleyicilerinden b\u00fcy\u00fck be\u011feni toplarken, gen\u00e7 \u015fark\u0131c\u0131n\u0131n hayat\u0131 da merak konusu olmaya ba\u015flad\u0131. Kendine \u00f6zg\u00fc tarz\u0131yla \u00f6ne \u00e7\u0131kan Selin Ge\u00e7it, sosyal medya \u00fczerinden payla\u015ft\u0131\u011f\u0131 performanslar\u0131yla h\u0131zla pop\u00fclerlik kazanm\u0131\u015f bir isim. M\u00fczik kariyerine nas\u0131l ba\u015flad\u0131\u011f\u0131 ve hangi projelerde yer ald\u0131\u011f\u0131 gibi sorular \u015fimdilerde \u00e7ok\u00e7a konu\u015fuluyor. \u00d6zellikle Motive ile ili\u015fkisinin olup olmad\u0131\u011f\u0131 da merak edilen konular aras\u0131nda yer al\u0131yor. Ge\u00e7it, m\u00fczi\u011fiyle oldu\u011fu kadar \u00f6zel hayat\u0131yla da dikkat \u00e7ekiyor. Peki Selin Ge\u00e7it kimdir, ka\u00e7 ya\u015f\u0131nda? Sevgilisi var m\u0131? Motive ile sevgili mi? \u0130\u015fte merak edilen sorular\u0131n yan\u0131tlar\u0131\u2026<span class=\"Apple-converted-space\">\u00a0<\/span><\/p>\n<h3>SEL\u0130N GE\u00c7\u0130T K\u0130MD\u0130R, KA\u00c7 YA\u015eINDA?<\/h3>\n<p class=\"p1\">Selin Ge\u00e7it, 1998 do\u011fumlu gen\u00e7 bir yetenek olarak m\u00fczik d\u00fcnyas\u0131nda ad\u0131n\u0131 duyurmu\u015ftur. M\u00fczikle tan\u0131\u015fmas\u0131 olduk\u00e7a erken ya\u015flara dayanan Ge\u00e7it, 2010 y\u0131l\u0131ndan itibaren babas\u0131 Selim Ge\u00e7it ile birlikte YouTube platformunda \u015fark\u0131 s\u00f6yleyerek m\u00fczikseverlerle bulu\u015fmu\u015ftur. \u0130ngiltere&#8217;ye giderek m\u00fczik e\u011fitimi alm\u0131\u015f olan Ge\u00e7it, bu deneyim sayesinde T\u00fcrk\u00e7e ve \u0130ngilizce kar\u0131\u015f\u0131m\u0131 par\u00e7alar yazabilme yetene\u011fine sahip olmu\u015ftur. M\u00fczik kariyerinde \u00f6nemli bir ad\u0131m atan Selin Ge\u00e7it, 2020 y\u0131l\u0131nda Mahmut Orhan ile birlikte &#8220;In Control&#8221; adl\u0131 par\u00e7as\u0131n\u0131 yay\u0131mlayarak b\u00fcy\u00fck bir ba\u015far\u0131ya imza atm\u0131\u015ft\u0131r. Bu \u015fark\u0131, sosyal medya platformlar\u0131nda 5 milyon dinlenmeye ula\u015farak dikkatleri \u00fczerine \u00e7ekmi\u015ftir.<\/p>\n<p><img loading=\"lazy\" decoding=\"async\" class=\"alignnone wp-image-103055 size-full\" src=\"https:\/\/www.tgrthaber.com\/mavikadin\/wp-content\/uploads\/Ekran-Resmi-2024-12-07-22.04.41.png\" alt=\"SEL\u0130N GE\u00c7\u0130T\" width=\"968\" height=\"616\" title=\"\" srcset=\"https:\/\/www.tgrthaber.com\/mavikadin\/wp-content\/uploads\/Ekran-Resmi-2024-12-07-22.04.41.png 968w, https:\/\/www.tgrthaber.com\/mavikadin\/wp-content\/uploads\/Ekran-Resmi-2024-12-07-22.04.41-300x191.png 300w, https:\/\/www.tgrthaber.com\/mavikadin\/wp-content\/uploads\/Ekran-Resmi-2024-12-07-22.04.41-768x489.png 768w\" sizes=\"(max-width: 968px) 100vw, 968px\" \/><\/p>\n<p class=\"p1\">Gen\u00e7 ya\u015flarda m\u00fczikle i\u00e7 i\u00e7e b\u00fcy\u00fcyen Selin Ge\u00e7it, Londra&#8217;da ald\u0131\u011f\u0131 e\u011fitimle kendini daha da geli\u015ftirmi\u015ftir. Ancak m\u00fczik kariyerindeki d\u00f6n\u00fcm noktalar\u0131ndan biri, pandeminin ba\u015flar\u0131nda ya\u015fad\u0131\u011f\u0131 karantina s\u00fcrecidir. Yurt d\u0131\u015f\u0131ndan d\u00f6n\u00fc\u015f yapt\u0131ktan sonra 10 g\u00fcn boyunca karantinada kalan Ge\u00e7it, bu s\u00fcreyi \u015fark\u0131 yazarak ge\u00e7irmi\u015ftir. O d\u00f6nemde \u00fczerinde \u00e7al\u0131\u015ft\u0131\u011f\u0131 ve b\u00fcy\u00fck ilgi g\u00f6ren \u201cGidip Gel\u201d \u015fark\u0131s\u0131, onun m\u00fczikal yolculu\u011funun \u00f6nemli bir par\u00e7as\u0131 olmu\u015ftur.<\/p>\n<p><img loading=\"lazy\" decoding=\"async\" class=\"alignnone wp-image-103056 size-full\" src=\"https:\/\/www.tgrthaber.com\/mavikadin\/wp-content\/uploads\/Ekran-Resmi-2024-12-07-22.04.48.png\" alt=\"SEL\u0130N GE\u00c7\u0130T \" width=\"978\" height=\"634\" title=\"\" srcset=\"https:\/\/www.tgrthaber.com\/mavikadin\/wp-content\/uploads\/Ekran-Resmi-2024-12-07-22.04.48.png 978w, https:\/\/www.tgrthaber.com\/mavikadin\/wp-content\/uploads\/Ekran-Resmi-2024-12-07-22.04.48-300x194.png 300w, https:\/\/www.tgrthaber.com\/mavikadin\/wp-content\/uploads\/Ekran-Resmi-2024-12-07-22.04.48-768x498.png 768w\" sizes=\"(max-width: 978px) 100vw, 978px\" \/><\/p>\n<h3 class=\"p1\">SEL\u0130N GE\u00c7\u0130T\u2019\u0130N SEVG\u0130L\u0130S\u0130 K\u0130MD\u0130R?<\/h3>\n<p class=\"p1\">Selin Ge\u00e7it, \u00f6zel hayat\u0131n\u0131 her zaman gizli tutmay\u0131 tercih eden bir sanat\u00e7\u0131d\u0131r. Bu nedenle, hakk\u0131nda ki\u015fisel ya\u015fam\u0131na dair fazla bilgi bulunmamaktad\u0131r. \u015eu anda bilinen bir ili\u015fkisi olmamakla birlikte, son d\u00f6nemde Motive isimli \u015fark\u0131c\u0131yla aras\u0131nda a\u015fk dedikodular\u0131 ortaya at\u0131lm\u0131\u015ft\u0131r. Ancak bu iddialar, sosyal medyada yay\u0131lan s\u00f6ylentilerden ibaret olup, her iki sanat\u00e7\u0131 da bu konuda herhangi bir a\u00e7\u0131klama yapmam\u0131\u015ft\u0131r. Selin Ge\u00e7it, m\u00fczi\u011fiyle \u00f6n plana \u00e7\u0131kan bir isim olarak, hayat\u0131na devam etmektedir.<span class=\"Apple-converted-space\">\u00a0<\/span><\/p>\n","protected":false},"excerpt":{"rendered":"<p>Son d\u00f6nemde &#8220;Yalanc\u0131 Bahar&#8221; \u015fark\u0131s\u0131yla b\u00fcy\u00fck ilgi g\u00f6ren Selin Ge\u00e7it, kendine has yorumu ile m\u00fczik d\u00fcnyas\u0131nda ad\u0131n\u0131 h\u0131zla duyurdu.  Sosyal medya payla\u015f\u0131mlar\u0131yla dikkatleri \u00fczerine \u00e7eken gen\u00e7 \u015fark\u0131c\u0131n\u0131n hayat\u0131 da merak ediliyor. Peki Selin Ge\u00e7it kimdir, ka\u00e7 ya\u015f\u0131nda? \u0130\u015fte cevab\u0131\u2026 <\/p>\n","protected":false},"author":16,"featured_media":103057,"comment_status":"closed","ping_status":"closed","sticky":false,"template":"","format":"standard","meta":{"rank_math_lock_modified_date":false,"footnotes":""},"categories":[491],"tags":[3656,3657],"class_list":["post-103054","post","type-post","status-publish","format-standard","has-post-thumbnail","hentry","category-biyografi","tag-selin-gecit-kimdir","tag-selin-gecit-sevgilisi-kim"],"_links":{"self":[{"href":"https:\/\/www.tgrthaber.com\/mavikadin\/wp-json\/wp\/v2\/posts\/103054"}],"collection":[{"href":"https:\/\/www.tgrthaber.com\/mavikadin\/wp-json\/wp\/v2\/posts"}],"about":[{"href":"https:\/\/www.tgrthaber.com\/mavikadin\/wp-json\/wp\/v2\/types\/post"}],"author":[{"embeddable":true,"href":"https:\/\/www.tgrthaber.com\/mavikadin\/wp-json\/wp\/v2\/users\/16"}],"replies":[{"embeddable":true,"href":"https:\/\/www.tgrthaber.com\/mavikadin\/wp-json\/wp\/v2\/comments?post=103054"}],"version-history":[{"count":3,"href":"https:\/\/www.tgrthaber.com\/mavikadin\/wp-json\/wp\/v2\/posts\/103054\/revisions"}],"predecessor-version":[{"id":169941,"href":"https:\/\/www.tgrthaber.com\/mavikadin\/wp-json\/wp\/v2\/posts\/103054\/revisions\/169941"}],"wp:featuredmedia":[{"embeddable":true,"href":"https:\/\/www.tgrthaber.com\/mavikadin\/wp-json\/wp\/v2\/media\/103057"}],"wp:attachment":[{"href":"https:\/\/www.tgrthaber.com\/mavikadin\/wp-json\/wp\/v2\/media?parent=103054"}],"wp:term":[{"taxonomy":"category","embeddable":true,"href":"https:\/\/www.tgrthaber.com\/mavikadin\/wp-json\/wp\/v2\/categories?post=103054"},{"taxonomy":"post_tag","embeddable":true,"href":"https:\/\/www.tgrthaber.com\/mavikadin\/wp-json\/wp\/v2\/tags?post=103054"}],"curies":[{"name":"wp","href":"https:\/\/api.w.org\/{rel}","templated":true}]}}