{"id":103060,"date":"2024-12-07T22:36:45","date_gmt":"2024-12-07T19:36:45","guid":{"rendered":"https:\/\/www.tgrthaber.com\/mavikadin\/?p=103060"},"modified":"2024-12-07T22:47:33","modified_gmt":"2024-12-07T19:47:33","slug":"sakir-pasa-ailesi-ile-gundem-oldu-cevat-sakir-kabaagacli-kimdir-babasini-olduren-halikarnas-balikcisi-ve-hikayesi","status":"publish","type":"post","link":"https:\/\/www.tgrthaber.com\/mavikadin\/sakir-pasa-ailesi-ile-gundem-oldu-cevat-sakir-kabaagacli-kimdir-babasini-olduren-halikarnas-balikcisi-ve-hikayesi\/","title":{"rendered":"\u015eakir Pa\u015fa Ailesi ile g\u00fcndem oldu! Cevat \u015eakir Kabaa\u011fa\u00e7l\u0131 kimdir? Babas\u0131n\u0131 \u00f6ld\u00fcren Halikarnas Bal\u0131k\u00e7\u0131s\u0131 ve hikayesi"},"content":{"rendered":"<p>T\u00fcrk edebiyat\u0131n\u0131n en \u00f6nemli isimlerinden biri olan Halikarnas Bal\u0131k\u00e7\u0131s\u0131, ger\u00e7ek ad\u0131yla Cevat \u015eakir Kabaa\u011fa\u00e7l\u0131, NOW\u2019un yeni dizisi \u015eakir Pa\u015fa Ailesi: Mucizeler ve Skandallar ile yeniden g\u00fcndeme geldi. Dizi, Kabaa\u011fa\u00e7l\u0131\u2019n\u0131n ya\u015fam\u0131na ve ailesinin s\u0131rlarla dolu tarihine \u0131\u015f\u0131k tutuyor. Ancak, Halikarnas Bal\u0131k\u00e7\u0131s\u0131&#8217;n\u0131n hayat\u0131 sadece edebi ba\u015far\u0131lar\u0131yla de\u011fil, ayn\u0131 zamanda babas\u0131yla ya\u015fad\u0131\u011f\u0131 olayla da dikkat \u00e7ekiyor. Peki, Cevat \u015eakir Kabaa\u011fa\u00e7l\u0131 kimdir ve babas\u0131n\u0131 nas\u0131l \u00f6ld\u00fcrd\u00fc?<\/p>\n<p>Babas\u0131n\u0131 \u00f6ld\u00fcren Halikarnas Bal\u0131k\u00e7\u0131s\u0131 ve hikayesi&#8230;<\/p>\n<h3>CEVAT \u015eAK\u0130R KABAA\u011eA\u00c7LI BABASINI NEDEN \u00d6LD\u00dcRD\u00dc?<\/h3>\n<p>Halikarnas Bal\u0131k\u00e7\u0131s\u0131, ger\u00e7ek ad\u0131yla Cevat \u015eakir Kabaa\u011fa\u00e7l\u0131\u2019n\u0131n babas\u0131 Mehmed \u015eakir Pa\u015fa, \u00f6nemli bir diplomat ve devlet adam\u0131yd\u0131. Ailesinin tarihi, Antalya vilayetinde k\u00f6kl\u00fc bir ge\u00e7mi\u015fe dayan\u0131yordu. Babas\u0131, Osmanl\u0131&#8217;n\u0131n farkl\u0131 yerlerinde g\u00f6rev yapm\u0131\u015f, Atina B\u00fcy\u00fckel\u00e7ili\u011fi gibi \u00f6nemli vazifelerde bulunmu\u015ftu. Fakat \u015eakir Pa\u015fa\u2019n\u0131n o\u011flu, Cevat \u015eakir Kabaa\u011fa\u00e7l\u0131, babas\u0131yla ge\u00e7irdi\u011fi zor bir d\u00f6nemin ard\u0131ndan onun \u00f6l\u00fcm\u00fcne tan\u0131kl\u0131k etti.<\/p>\n<p>Cevat \u015eakir\u2019in, babas\u0131n\u0131n \u00f6l\u00fcm\u00fcyle ilgili olarak ya\u015fad\u0131\u011f\u0131 olaylar, onun hayat\u0131ndaki en karanl\u0131k d\u00f6n\u00fcm noktalar\u0131ndan biriydi. Babas\u0131n\u0131n \u00e7iftlikte bir tart\u0131\u015fma s\u0131ras\u0131nda, Cevat \u015eakir\u2019in silah\u0131ndan \u00e7\u0131kan kur\u015funla babas\u0131 \u00f6ld\u00fc. Olay\u0131n ard\u0131ndan Cevat \u015eakir, cinayet su\u00e7lamas\u0131yla yarg\u0131land\u0131 ve 15 y\u0131l k\u00fcrek cezas\u0131na \u00e7arpt\u0131r\u0131ld\u0131. Bu trajik olay, onun ya\u015fam\u0131nda derin izler b\u0131rakt\u0131. Ancak, y\u0131llar sonra Cevat \u015eakir, zorlu bir d\u00f6nemi geride b\u0131rak\u0131p edebiyat kariyerine odakland\u0131.<\/p>\n<p><img loading=\"lazy\" decoding=\"async\" class=\"alignnone wp-image-103063\" src=\"https:\/\/www.tgrthaber.com\/mavikadin\/wp-content\/uploads\/cevat-sakir-1024x535.jpg\" alt=\"\" width=\"1129\" height=\"589\" title=\"\" srcset=\"https:\/\/www.tgrthaber.com\/mavikadin\/wp-content\/uploads\/cevat-sakir-1024x535.jpg 1024w, https:\/\/www.tgrthaber.com\/mavikadin\/wp-content\/uploads\/cevat-sakir-300x157.jpg 300w, https:\/\/www.tgrthaber.com\/mavikadin\/wp-content\/uploads\/cevat-sakir-768x401.jpg 768w, https:\/\/www.tgrthaber.com\/mavikadin\/wp-content\/uploads\/cevat-sakir.jpg 1200w\" sizes=\"(max-width: 1129px) 100vw, 1129px\" \/><\/p>\n<h3>HAL\u0130KARNAS BALIK\u00c7ISI GER\u00c7EK H\u0130KAYES\u0130<\/h3>\n<p>Cevat \u015eakir Kabaa\u011fa\u00e7l\u0131, hayat\u0131n\u0131n geri kalan\u0131n\u0131 Bodrum\u2019da ge\u00e7irdi ve burada b\u00fcy\u00fck bir d\u00f6n\u00fc\u015f\u00fcm ya\u015fad\u0131. Bodrum\u2019a duydu\u011fu b\u00fcy\u00fck a\u015fk, onun eserlerini derinden etkiledi. \u201cHalikarnas Bal\u0131k\u00e7\u0131s\u0131\u201d mahlas\u0131yla yazd\u0131\u011f\u0131 deniz hikayeleri ve romanlar\u0131, Ege B\u00f6lgesi\u2019nin do\u011fal g\u00fczelliklerinden ve denizin h\u00fcr ruhundan ilham ald\u0131. Bu eserleriyle T\u00fcrk edebiyat\u0131nda \u00f6nemli bir yer edinen Cevat \u015eakir, ayn\u0131 zamanda denizcilik ve do\u011fa sevgisini eserlerinde i\u015flemi\u015ftir. Bodrum\u2019daki ya\u015fam\u0131, sadece edebi kariyerine de\u011fil, ayn\u0131 zamanda ki\u015fisel hayat\u0131na da y\u00f6n vermi\u015ftir. Halikarnas Bal\u0131k\u00e7\u0131s\u0131, Bodrum\u2019un sakinli\u011finde ruhunu ve yazar kimli\u011fini buldu.<\/p>\n<p>Cevat \u015eakir\u2019in hayat\u0131, sadece bir yazarl\u0131k kariyerinden ibaret de\u011fildi. O, ayn\u0131 zamanda T\u00fcrk k\u00fclt\u00fcr\u00fcne katk\u0131 sa\u011flayan \u00f6nemli bir fig\u00fcrd\u00fcr. 1971 y\u0131l\u0131nda K\u00fclt\u00fcr Bakanl\u0131\u011f\u0131 taraf\u0131ndan Devlet K\u00fclt\u00fcr Arma\u011fan\u0131 ile \u00f6d\u00fcllendirilen Halikarnas Bal\u0131k\u00e7\u0131s\u0131, Bodrum\u2019da ya\u015fam\u0131n\u0131 s\u00fcrd\u00fcr\u00fcrken, denizle i\u00e7 i\u00e7e bir ya\u015fam tarz\u0131 benimsemi\u015ftir. Mavi Yolculuk ad\u0131 verilen bir k\u00fclt\u00fcrel etkinli\u011fi ba\u015flatan ve bu etkinlikleri yaz\u0131lar\u0131nda i\u015flemeye devam eden Cevat \u015eakir, eserleriyle T\u00fcrk halk\u0131na derin bir deniz k\u00fclt\u00fcr\u00fc kazand\u0131rm\u0131\u015ft\u0131r.<\/p>\n<p><img loading=\"lazy\" decoding=\"async\" class=\"alignnone wp-image-103064\" src=\"https:\/\/www.tgrthaber.com\/mavikadin\/wp-content\/uploads\/halikarnas-balikcisi.jpg\" alt=\"\" width=\"1129\" height=\"664\" title=\"\" srcset=\"https:\/\/www.tgrthaber.com\/mavikadin\/wp-content\/uploads\/halikarnas-balikcisi.jpg 850w, https:\/\/www.tgrthaber.com\/mavikadin\/wp-content\/uploads\/halikarnas-balikcisi-300x176.jpg 300w, https:\/\/www.tgrthaber.com\/mavikadin\/wp-content\/uploads\/halikarnas-balikcisi-768x452.jpg 768w\" sizes=\"(max-width: 1129px) 100vw, 1129px\" \/><\/p>\n<p>Cevat \u015eakir\u2019in miras\u0131, sadece edebi eserleriyle de\u011fil, ayn\u0131 zamanda Bodrum\u2019a olan katk\u0131lar\u0131yla da devam etmektedir. \u015eu an Bodrum&#8217;da bulunan Halikarnas Bal\u0131k\u00e7\u0131s\u0131 M\u00fczesi, yazar\u0131n hayat\u0131 ve eserleri hakk\u0131nda bilgi edinmek isteyenler i\u00e7in \u00f6nemli bir merkezdir.<\/p>\n<h3>HAL\u0130KARNAS BALIK\u00c7ISI CEVAT \u015eAK\u0130R KABAA\u011eA\u00c7LI K\u0130MD\u0130R?<\/h3>\n<p>Cevat \u015eakir Kabaa\u011fa\u00e7l\u0131, T\u00fcrk edebiyat\u0131n\u0131n \u00f6nemli isimlerinden biri olan Halikarnas Bal\u0131k\u00e7\u0131s\u0131&#8217;n\u0131n hayat\u0131, hem edebi ba\u015far\u0131lar\u0131 hem de \u00f6zel ya\u015fam\u0131ndaki dramatik olaylarla dikkat \u00e7ekiyor. 17 Nisan 1890&#8217;da Osmanl\u0131 \u0130mparatorlu\u011fu&#8217;nun son d\u00f6nemlerinde, Girit&#8217;te do\u011fan Cevat \u015eakir, k\u00f6kl\u00fc bir aileye mensuptu. Babas\u0131 Mehmed \u015eakir Pa\u015fa, Girit ve Atina&#8217;da \u00f6nemli g\u00f6revlerde bulunmu\u015f bir diplomat, annesi ise Giritli Sare \u0130smet Han\u0131m&#8217;d\u0131. Ailesinin bir\u00e7ok ferdi sanatta kendini g\u00f6stermi\u015fti; \u00f6zellikle karde\u015flerinden Fahrelnisa resim, Aliye ise grav\u00fcr alan\u0131nda tan\u0131nm\u0131\u015f sanat\u00e7\u0131lar olarak biliniyordu.<\/p>\n<p>Cevat \u015eakir, \u00e7ocukluk y\u0131llar\u0131n\u0131 Atina&#8217;da ge\u00e7irdikten sonra e\u011fitimine B\u00fcy\u00fckada ve Robert Kolej&#8217;de devam etti. 1907&#8217;de yazd\u0131\u011f\u0131 ilk yaz\u0131, o d\u00f6nemin \u00f6nemli gazetelerinden \u0130kdam&#8217;da yay\u0131mland\u0131. \u0130ngiltere&#8217;de denizcilik e\u011fitimi almak istemi\u015f olsa da, ailesinin iste\u011fi \u00fczerine Oxford \u00dcniversitesi&#8217;nde tarih okudu. 1913 y\u0131l\u0131nda \u0130talya&#8217;da bir evlilik yaparak resim e\u011fitimi ald\u0131, ancak 1914&#8217;te \u0130stanbul&#8217;a d\u00f6nd\u00fc\u011f\u00fcnde hayat\u0131 farkl\u0131 bir y\u00f6ne evrildi.<\/p>\n<p><img loading=\"lazy\" decoding=\"async\" class=\"alignnone wp-image-103065\" src=\"https:\/\/www.tgrthaber.com\/mavikadin\/wp-content\/uploads\/sakir-pasa-ailesi-1024x580.png\" alt=\"\" width=\"1142\" height=\"648\" title=\"\" srcset=\"https:\/\/www.tgrthaber.com\/mavikadin\/wp-content\/uploads\/sakir-pasa-ailesi-1024x580.png 1024w, https:\/\/www.tgrthaber.com\/mavikadin\/wp-content\/uploads\/sakir-pasa-ailesi-300x170.png 300w, https:\/\/www.tgrthaber.com\/mavikadin\/wp-content\/uploads\/sakir-pasa-ailesi-768x435.png 768w, https:\/\/www.tgrthaber.com\/mavikadin\/wp-content\/uploads\/sakir-pasa-ailesi.png 1037w\" sizes=\"(max-width: 1142px) 100vw, 1142px\" \/><\/p>\n<p>Ailesinin maddi s\u0131k\u0131nt\u0131lar\u0131 nedeniyle, 1914 y\u0131l\u0131nda Afyon&#8217;daki \u00e7iftliklerinde babas\u0131yla birlikte ya\u015famaya ba\u015flad\u0131. Ancak, babas\u0131yla ya\u015fad\u0131\u011f\u0131 tart\u0131\u015fma s\u0131ras\u0131nda, Cevat \u015eakir&#8217;in silah\u0131ndan \u00e7\u0131kan kur\u015funla babas\u0131 \u00f6ld\u00fc. Olay sonras\u0131 cinayet su\u00e7lamas\u0131yla yarg\u0131lanarak 15 y\u0131l k\u00fcrek cezas\u0131na \u00e7arpt\u0131r\u0131ld\u0131. Yedi y\u0131l hapis yatt\u0131ktan sonra, verem hastal\u0131\u011f\u0131 nedeniyle tahliye oldu.<\/p>\n<p>1925&#8217;teki s\u00fcrg\u00fcn d\u00f6nemi, onun hayat\u0131ndaki en zor zamanlardan biriydi. \u0130stanbul \u0130stiklal Mahkemesi&#8217;nde yarg\u0131lanarak Bodrum&#8217;a s\u00fcrg\u00fcn edilmesine karar verildi. S\u00fcrg\u00fcn s\u00fcrecinin yar\u0131s\u0131n\u0131 Bodrum&#8217;da ge\u00e7iren Cevat \u015eakir, burada hayat\u0131n\u0131 yeniden \u015fekillendirdi ve Bodrum\u2019a olan a\u015fk\u0131, onun yazarl\u0131k kariyerine de yans\u0131d\u0131. &#8220;Halikarnas Bal\u0131k\u00e7\u0131s\u0131&#8221; mahlas\u0131yla yazd\u0131\u011f\u0131 eserler, deniz ve do\u011fa sevgisini derinlemesine i\u015fledi.<\/p>\n<p><img loading=\"lazy\" decoding=\"async\" class=\"alignnone wp-image-103066\" src=\"https:\/\/www.tgrthaber.com\/mavikadin\/wp-content\/uploads\/GdzugRoWkAAAUp3-1-3-828x1024.jpg\" alt=\"\" width=\"1143\" height=\"1413\" title=\"\" srcset=\"https:\/\/www.tgrthaber.com\/mavikadin\/wp-content\/uploads\/GdzugRoWkAAAUp3-1-3-828x1024.jpg 828w, https:\/\/www.tgrthaber.com\/mavikadin\/wp-content\/uploads\/GdzugRoWkAAAUp3-1-3-243x300.jpg 243w, https:\/\/www.tgrthaber.com\/mavikadin\/wp-content\/uploads\/GdzugRoWkAAAUp3-1-3-768x949.jpg 768w, https:\/\/www.tgrthaber.com\/mavikadin\/wp-content\/uploads\/GdzugRoWkAAAUp3-1-3.jpg 1080w\" sizes=\"(max-width: 1143px) 100vw, 1143px\" \/><\/p>\n<p>Bodrum&#8217;da bal\u0131k\u00e7\u0131l\u0131k dahil bir\u00e7ok i\u015fte \u00e7al\u0131\u015ft\u0131ktan sonra, yazarl\u0131\u011fa ve turist rehberli\u011fine y\u00f6neldi. \u00c7ocuklar\u0131n\u0131n e\u011fitimi i\u00e7in ailesini \u0130zmir\u2019e ta\u015f\u0131d\u0131, burada rehberlik kurslar\u0131 verdi ve yazarl\u0131k kariyerini s\u00fcrd\u00fcrd\u00fc. Cevat \u015eakir, son y\u0131llar\u0131nda Bodrum\u2019a geri d\u00f6nd\u00fc ve burada 13 Ekim 1973&#8217;te kemik kanserinden hayat\u0131n\u0131 kaybetti. Vasiyeti \u00fczerine Bodrum&#8217;da defnedilen Halikarnas Bal\u0131k\u00e7\u0131s\u0131&#8217;n\u0131n kabri, Bodrum-G\u00fcmbet&#8217;teki T\u00fcrbe Tepesi&#8217;ne yerle\u015ftirildi.<\/p>\n<h3>\u015eAK\u0130R PA\u015eA A\u0130LES\u0130 D\u0130Z\u0130S\u0130 KONUSU NED\u0130R?<\/h3>\n<p>\u015eakir Pa\u015fa Ailesi: Mucizeler ve Skandallar dizisi, Osmanl\u0131\u2019n\u0131n \u00f6nemli bir pa\u015fa ailesinin s\u0131rlar\u0131n\u0131, dram\u0131n\u0131 ve entrikalar\u0131n\u0131 ekrana ta\u015f\u0131yor. Dizi, \u015eakir Pa\u015fa\u2019n\u0131n o\u011flu Cevat \u015eakir Kabaa\u011fa\u00e7l\u0131\u2019n\u0131n hayat\u0131na da yer vererek, T\u00fcrk edebiyat\u0131n\u0131n \u00f6nde gelen isimlerinden birinin \u00e7alkant\u0131l\u0131 ge\u00e7mi\u015fine \u0131\u015f\u0131k tutuyor. 1912\u2019de ba\u015flayan hikaye, Osmanl\u0131\u2019n\u0131n son d\u00f6nemlerine, \u00f6zellikle de \u015eakir Pa\u015fa ailesinin etkili ve ilgin\u00e7 \u00fcyelerine odaklan\u0131yor. Dizinin kadrosunda Vahide Per\u00e7in, F\u0131rat Tan\u0131\u015f, Cem Yi\u011fit \u00dcz\u00fcmo\u011flu gibi ba\u015far\u0131l\u0131 isimler bulunuyor.<\/p>\n<p><img loading=\"lazy\" decoding=\"async\" class=\"alignnone wp-image-103067\" src=\"https:\/\/www.tgrthaber.com\/mavikadin\/wp-content\/uploads\/3738861_803639c182f144bfb03cb1591758911f_640x640-1-1-1.jpg\" alt=\"\" width=\"1132\" height=\"637\" title=\"\" srcset=\"https:\/\/www.tgrthaber.com\/mavikadin\/wp-content\/uploads\/3738861_803639c182f144bfb03cb1591758911f_640x640-1-1-1.jpg 640w, https:\/\/www.tgrthaber.com\/mavikadin\/wp-content\/uploads\/3738861_803639c182f144bfb03cb1591758911f_640x640-1-1-1-300x169.jpg 300w\" sizes=\"(max-width: 1132px) 100vw, 1132px\" \/><\/p>\n","protected":false},"excerpt":{"rendered":"<p>T\u00fcrk edebiyat\u0131n\u0131n en \u00f6nemli isimlerinden Halikarnas Bal\u0131k\u00e7\u0131s\u0131 ger\u00e7ek ad\u0131yla Cevat \u015eakir Kabaa\u011fa\u00e7l\u0131, \u015eakir Pa\u015fa Ailesi dizisi ile yeniden g\u00fcndem oldu. Cevat \u015eakir Kabaa\u011fa\u00e7l\u0131 kim? Babas\u0131n\u0131 \u00f6ld\u00fcren Halikarnas Bal\u0131k\u00e7\u0131s\u0131 kimdir? Babas\u0131n\u0131 neden \u00f6ld\u00fcrd\u00fc?<\/p>\n","protected":false},"author":4,"featured_media":103062,"comment_status":"closed","ping_status":"closed","sticky":false,"template":"","format":"standard","meta":{"rank_math_lock_modified_date":false,"footnotes":""},"categories":[491],"tags":[3658,3378,2324],"class_list":["post-103060","post","type-post","status-publish","format-standard","has-post-thumbnail","hentry","category-biyografi","tag-cevat-sakir-kabaagacli","tag-halikarnas-balikcisi","tag-sakir-pasa-ailesi"],"_links":{"self":[{"href":"https:\/\/www.tgrthaber.com\/mavikadin\/wp-json\/wp\/v2\/posts\/103060"}],"collection":[{"href":"https:\/\/www.tgrthaber.com\/mavikadin\/wp-json\/wp\/v2\/posts"}],"about":[{"href":"https:\/\/www.tgrthaber.com\/mavikadin\/wp-json\/wp\/v2\/types\/post"}],"author":[{"embeddable":true,"href":"https:\/\/www.tgrthaber.com\/mavikadin\/wp-json\/wp\/v2\/users\/4"}],"replies":[{"embeddable":true,"href":"https:\/\/www.tgrthaber.com\/mavikadin\/wp-json\/wp\/v2\/comments?post=103060"}],"version-history":[{"count":3,"href":"https:\/\/www.tgrthaber.com\/mavikadin\/wp-json\/wp\/v2\/posts\/103060\/revisions"}],"predecessor-version":[{"id":103073,"href":"https:\/\/www.tgrthaber.com\/mavikadin\/wp-json\/wp\/v2\/posts\/103060\/revisions\/103073"}],"wp:featuredmedia":[{"embeddable":true,"href":"https:\/\/www.tgrthaber.com\/mavikadin\/wp-json\/wp\/v2\/media\/103062"}],"wp:attachment":[{"href":"https:\/\/www.tgrthaber.com\/mavikadin\/wp-json\/wp\/v2\/media?parent=103060"}],"wp:term":[{"taxonomy":"category","embeddable":true,"href":"https:\/\/www.tgrthaber.com\/mavikadin\/wp-json\/wp\/v2\/categories?post=103060"},{"taxonomy":"post_tag","embeddable":true,"href":"https:\/\/www.tgrthaber.com\/mavikadin\/wp-json\/wp\/v2\/tags?post=103060"}],"curies":[{"name":"wp","href":"https:\/\/api.w.org\/{rel}","templated":true}]}}